{"id":5792,"date":"2015-10-06T19:34:35","date_gmt":"2015-10-06T22:34:35","guid":{"rendered":"http:\/\/www.atecordoba.org\/?p=5792"},"modified":"2020-06-09T15:43:04","modified_gmt":"2020-06-09T18:43:04","slug":"taller-sobre-violencia-de-genero-en-cruz-del-eje","status":"publish","type":"post","link":"https:\/\/atecordoba.org\/?p=5792","title":{"rendered":"Taller sobre violencia de g\u00e9nero en Cruz del Eje"},"content":{"rendered":"<p><em>La actividad se realiz\u00f3 el pasado viernes 2 de octubre, a requerimiento del cuerpo de delegados municipales de la localidad.<\/em><\/p>\n<p><a href=\"http:\/\/atecordoba.org\/wp-content\/uploads\/2020\/06\/genero-violencia-e1444170816349.jpg\"><img loading=\"lazy\" decoding=\"async\" class=\"aligncenter size-full wp-image-5793\" src=\"http:\/\/atecordoba.org\/wp-content\/uploads\/2020\/06\/genero-violencia-e1444170816349.jpg\" alt=\"genero violencia\" width=\"550\" height=\"477\" \/><\/a><\/p>\n<p>Una nutrida concurrencia de compa\u00f1eros de ATE, as\u00ed como de p\u00fablico en general, particip\u00f3 el viernes pasado en el taller sobre violencia de g\u00e9nero que realiz\u00f3 el Departamento de G\u00e9nero del Consejo Directivo Provincial.<\/p>\n<p>En la oportunidad estuvieron presentes la cra Gloria Almada, del departamento de Genero provincial, la cra Marta Galante, directora del Departamento de Genero de ATE nacional, y Luis Barcena, secretario de Interior del CDP.<\/p>\n<p>Los compa\u00f1eros que organizaron la actividad quedaron tan entusiasmados con la respuesta obtenida que ya se plantean desarrollar su propio Departamento de G\u00e9nero en el marco del cuerpo de delegados municipales, que estar\u00e1 a cargo de la compa\u00f1era Gilda Campos.<\/p>\n<p>Se trat\u00f3 de medio centenar de compa\u00f1eros que se hicieron presentes en el local de ATE para participar de la reuni\u00f3n. En primer t\u00e9rmino, el compa\u00f1ero Leonardo Barrionuevo, presidente del cuerpo de delegados y abogado, desarroll\u00f3 la parte legal, en tanto Gloria Almada disert\u00f3 sobre los lineamientos introductorios de la problem\u00e1tica de G\u00e9nero del Consejo directivo Provincial.<\/p>\n<p><a href=\"http:\/\/atecordoba.org\/wp-content\/uploads\/2020\/06\/Cruz-del-eje_-dep-genero-e1444170850513.jpg\"><img loading=\"lazy\" decoding=\"async\" class=\"aligncenter size-full wp-image-5794\" src=\"http:\/\/atecordoba.org\/wp-content\/uploads\/2020\/06\/Cruz-del-eje_-dep-genero-e1444170850513.jpg\" alt=\"Cruz del eje_ dep genero\" width=\"550\" height=\"413\" \/><\/a><\/p>\n<p>El cierre del taller estuvo a cargo de Marta Galante. La compa\u00f1era hizo un abordaje general de la violencia de g\u00e9nero en todas sus expresiones, tanto psicol\u00f3gica, como f\u00edsica, econ\u00f3mica o medi\u00e1tica, que genera diferencias entre mujeres y varones. En esa l\u00ednea desarroll\u00f3 la relaci\u00f3n entre patriarcado y capitalismo, entendiendo que van de la mano.<\/p>\n<p>\u201cPor eso\u00a0 tenemos la necesidad cambiar el paradigma. Tenemos la urgencia de aplicar los derechos que establece la Ley Nacional de Violencia de G\u00e9nero, N\u00ba26485, pero la falta de presupuesto y la inoperancia del Estado nos est\u00e1n poniendo l\u00edmites que es preciso superar\u201d, destac\u00f3 Galante.<\/p>\n<p>Durante el debate posterior los participantes concluyeron en la necesidad que municipios como Cruz del eje declaren la emergencia de g\u00e9nero para que los distintos organismos y dependencias articulen pol\u00edticas de forma conjunta para combatir la violencia sobre las mujeres. \u201cEs necesario que la violencia sea combatida por todos. No es un tema privado y exigen que todos nos involucremos\u201d, subray\u00f3 Galante.<\/p>\n<p>Las compa\u00f1eros y compa\u00f1eros tuvieron muy buena participaci\u00f3n, donde las mujeres mostraron que rompieron la barrera de la timidez, la verg\u00fcenza, expresando sus experiencias vividas y reclamando la falta de implementaci\u00f3n de pol\u00edticas p\u00fablicas, tanto del municipio como de la provincia para terminar con la violencia de g\u00e9nero, as\u00ed como la poca preparaci\u00f3n y disposici\u00f3n de la polic\u00eda para actuar antes los casos de violencia contra las mujeres.<\/p>\n<p>La charla se extendi\u00f3 por casi tres horas, quedando el compromiso de que los compa\u00f1eros se sumen para colaborar en el departamento de forma colectiva.<\/p>\n<p>En tanto el 23 del corriente se realizar\u00e1 el segundo taller, espec\u00edfico sobre violencia laboral y las repercusiones en el ser humano, sus implicancias jur\u00eddicas y cu\u00e1l es la normativa protectora.<\/p>\n","protected":false},"excerpt":{"rendered":"<p>La actividad se realiz\u00f3 el pasado viernes 2 de octubre, a requerimiento del cuerpo de delegados municipales de la localidad. Una nutrida concurrencia de compa\u00f1eros de ATE, as\u00ed como de p\u00fablico en general, particip\u00f3 el viernes pasado en el taller sobre violencia de g\u00e9nero que realiz\u00f3 el Departamento de G\u00e9nero del Consejo Directivo Provincial. En [&hellip;]<\/p>\n","protected":false},"author":1,"featured_media":19220,"comment_status":"open","ping_status":"open","sticky":false,"template":"","format":"standard","meta":{"_exactmetrics_skip_tracking":false,"_exactmetrics_sitenote_active":false,"_exactmetrics_sitenote_note":"","_exactmetrics_sitenote_category":0,"jnews-multi-image_gallery":[],"jnews_single_post":[],"jnews_primary_category":[],"jnews_social_meta":[],"jnews_review":[],"enable_review":"","type":"","name":"","summary":"","brand":"","sku":"","good":[],"bad":[],"score_override":"","override_value":"","rating":[],"price":[],"jnews_override_counter":[],"jnews_post_split":[],"footnotes":""},"categories":[325,20],"tags":[],"class_list":["post-5792","post","type-post","status-publish","format-standard","has-post-thumbnail","hentry","category-generos-y-diversidades","category-municipales"],"jetpack_featured_media_url":"https:\/\/atecordoba.org\/wp-content\/uploads\/2020\/05\/logo-nuevochico-e1561581322808.png","_links":{"self":[{"href":"https:\/\/atecordoba.org\/index.php?rest_route=\/wp\/v2\/posts\/5792","targetHints":{"allow":["GET"]}}],"collection":[{"href":"https:\/\/atecordoba.org\/index.php?rest_route=\/wp\/v2\/posts"}],"about":[{"href":"https:\/\/atecordoba.org\/index.php?rest_route=\/wp\/v2\/types\/post"}],"author":[{"embeddable":true,"href":"https:\/\/atecordoba.org\/index.php?rest_route=\/wp\/v2\/users\/1"}],"replies":[{"embeddable":true,"href":"https:\/\/atecordoba.org\/index.php?rest_route=%2Fwp%2Fv2%2Fcomments&post=5792"}],"version-history":[{"count":1,"href":"https:\/\/atecordoba.org\/index.php?rest_route=\/wp\/v2\/posts\/5792\/revisions"}],"predecessor-version":[{"id":20031,"href":"https:\/\/atecordoba.org\/index.php?rest_route=\/wp\/v2\/posts\/5792\/revisions\/20031"}],"wp:featuredmedia":[{"embeddable":true,"href":"https:\/\/atecordoba.org\/index.php?rest_route=\/wp\/v2\/media\/19220"}],"wp:attachment":[{"href":"https:\/\/atecordoba.org\/index.php?rest_route=%2Fwp%2Fv2%2Fmedia&parent=5792"}],"wp:term":[{"taxonomy":"category","embeddable":true,"href":"https:\/\/atecordoba.org\/index.php?rest_route=%2Fwp%2Fv2%2Fcategories&post=5792"},{"taxonomy":"post_tag","embeddable":true,"href":"https:\/\/atecordoba.org\/index.php?rest_route=%2Fwp%2Fv2%2Ftags&post=5792"}],"curies":[{"name":"wp","href":"https:\/\/api.w.org\/{rel}","templated":true}]}}