{"id":5769,"date":"2015-10-01T17:47:17","date_gmt":"2015-10-01T20:47:17","guid":{"rendered":"http:\/\/www.atecordoba.org\/?p=5769"},"modified":"2015-10-01T17:47:17","modified_gmt":"2015-10-01T20:47:17","slug":"salsacate-se-sumo-a-ate-la-mitad-del-plantel-de-municipales","status":"publish","type":"post","link":"https:\/\/atecordoba.org\/?p=5769","title":{"rendered":"Salsacate: se sum\u00f3 a ATE la mitad del plantel de municipales"},"content":{"rendered":"<p><em>Los compa\u00f1eros se afiliaron masivamente ante la propuesta organizativa de ATE. Los bajos salarios y la falta de estabilidad laboral, entre las principales problem\u00e1ticas del sector.<\/em><\/p>\n<p><a href=\"http:\/\/www.atecordoba.org\/wp-content\/uploads\/2015\/10\/IMG-20150930-WA0000-e1443732387188.jpg\"><img loading=\"lazy\" decoding=\"async\" class=\"aligncenter size-full wp-image-5770\" src=\"http:\/\/www.atecordoba.org\/wp-content\/uploads\/2015\/10\/IMG-20150930-WA0000-e1443732387188.jpg\" alt=\"IMG-20150930-WA0000\" width=\"550\" height=\"413\" \/><\/a><\/p>\n<p>Despu\u00e9s de una serie de reuniones, 30 compa\u00f1eros municipales de la localidad de Salsacate resolvieron afiliarse a ATE ante la necesidad de contar con un sindicato que atienda sus necesidades y reclamos que vienen arrastrando de vieja data.<\/p>\n<p>El secretario de Interior, Luis Barcena, coordin\u00f3 la asamblea donde los compa\u00f1eros decidieron sumarse a ATE. &#8220;Los compa\u00f1eros tiene problemas de diversa \u00edndole, pero lo m\u00e1s urgente son los bajos salarios y las condiciones de trabajo. Esto configura una agenda reivindicativa que deberemos tratar con las autoridades municipales a los fines de ir evacuando progresivamente las demandas de los trabajadores para mejorar el clima de trabajo. Ellos saben que ATE est\u00e1 para defender los derechos de trabajador, independientemente del gobierno que gestione el municipio en cada coyuntura&#8221;, destac\u00f3 Barcena.<\/p>\n<p>El pr\u00f3ximo paso ser\u00e1 realizar la elecci\u00f3n de delegados a la brevedad.<\/p>\n<p>De esta forma, ATE contin\u00faa extendiendo una fuerza organizativa que ya tiene representaci\u00f3n en varias localidades del noroeste provincial.<\/p>\n<p>&nbsp;<\/p>\n","protected":false},"excerpt":{"rendered":"<p>Los compa\u00f1eros se afiliaron masivamente ante la propuesta organizativa de ATE. Los bajos salarios y la falta de estabilidad laboral, entre las principales problem\u00e1ticas del sector. Despu\u00e9s de una serie de reuniones, 30 compa\u00f1eros municipales de la localidad de Salsacate resolvieron afiliarse a ATE ante la necesidad de contar con un sindicato que atienda sus [&hellip;]<\/p>\n","protected":false},"author":1,"featured_media":19220,"comment_status":"open","ping_status":"open","sticky":false,"template":"","format":"standard","meta":{"_exactmetrics_skip_tracking":false,"_exactmetrics_sitenote_active":false,"_exactmetrics_sitenote_note":"","_exactmetrics_sitenote_category":0,"jnews-multi-image_gallery":[],"jnews_single_post":[],"jnews_primary_category":[],"jnews_social_meta":[],"jnews_review":[],"enable_review":"","type":"","name":"","summary":"","brand":"","sku":"","good":[],"bad":[],"score_override":"","override_value":"","rating":[],"price":[],"jnews_override_counter":[],"jnews_post_split":[],"footnotes":""},"categories":[20],"tags":[],"class_list":["post-5769","post","type-post","status-publish","format-standard","has-post-thumbnail","hentry","category-municipales"],"jetpack_featured_media_url":"https:\/\/atecordoba.org\/wp-content\/uploads\/2020\/05\/logo-nuevochico-e1561581322808.png","_links":{"self":[{"href":"https:\/\/atecordoba.org\/index.php?rest_route=\/wp\/v2\/posts\/5769","targetHints":{"allow":["GET"]}}],"collection":[{"href":"https:\/\/atecordoba.org\/index.php?rest_route=\/wp\/v2\/posts"}],"about":[{"href":"https:\/\/atecordoba.org\/index.php?rest_route=\/wp\/v2\/types\/post"}],"author":[{"embeddable":true,"href":"https:\/\/atecordoba.org\/index.php?rest_route=\/wp\/v2\/users\/1"}],"replies":[{"embeddable":true,"href":"https:\/\/atecordoba.org\/index.php?rest_route=%2Fwp%2Fv2%2Fcomments&post=5769"}],"version-history":[{"count":0,"href":"https:\/\/atecordoba.org\/index.php?rest_route=\/wp\/v2\/posts\/5769\/revisions"}],"wp:featuredmedia":[{"embeddable":true,"href":"https:\/\/atecordoba.org\/index.php?rest_route=\/wp\/v2\/media\/19220"}],"wp:attachment":[{"href":"https:\/\/atecordoba.org\/index.php?rest_route=%2Fwp%2Fv2%2Fmedia&parent=5769"}],"wp:term":[{"taxonomy":"category","embeddable":true,"href":"https:\/\/atecordoba.org\/index.php?rest_route=%2Fwp%2Fv2%2Fcategories&post=5769"},{"taxonomy":"post_tag","embeddable":true,"href":"https:\/\/atecordoba.org\/index.php?rest_route=%2Fwp%2Fv2%2Ftags&post=5769"}],"curies":[{"name":"wp","href":"https:\/\/api.w.org\/{rel}","templated":true}]}}