{"id":5763,"date":"2015-09-29T17:32:50","date_gmt":"2015-09-29T20:32:50","guid":{"rendered":"http:\/\/www.atecordoba.org\/?p=5763"},"modified":"2015-09-29T17:32:50","modified_gmt":"2015-09-29T20:32:50","slug":"formacion-curso-sobre-el-rol-de-la-enfermeria-en-la-atencion-de-la-salud-mental","status":"publish","type":"post","link":"https:\/\/atecordoba.org\/?p=5763","title":{"rendered":"Formaci\u00f3n: curso sobre el rol de la enfermer\u00eda en la atenci\u00f3n de la salud mental"},"content":{"rendered":"<p><em>Con intenci\u00f3n de capacitar compa\u00f1eros en un modelo de atenci\u00f3n comunitario, participativo e inclusivo, la semana pasada se realiz\u00f3 un curso de formaci\u00f3n en el Consejo Directivo Nacional, con la participaci\u00f3n de trabajadores de Capital Federal, C\u00f3rdoba, Santa Fe, Entre R\u00edos, Rosario y La Plata.<\/em><\/p>\n<p><a href=\"http:\/\/www.atecordoba.org\/wp-content\/uploads\/2015\/09\/IMG-20150928-WA0011-e1443558719562.jpg\"><img loading=\"lazy\" decoding=\"async\" class=\"aligncenter size-full wp-image-5764\" src=\"http:\/\/www.atecordoba.org\/wp-content\/uploads\/2015\/09\/IMG-20150928-WA0011-e1443558719562.jpg\" alt=\"IMG-20150928-WA0011\" width=\"550\" height=\"309\" \/><\/a><\/p>\n<p>El encuentro cont\u00f3 con la presencia, en la apertura, del electo secretario General, Hugo Cachorro Godoy. El taller estuvo a cargo de los compa\u00f1eros Daniel Godoy, coordinador nacional del \u00e1rea salud del Instituto de participaci\u00f3n en Pol\u00edticas P\u00fablicas (IDEPP), el doctor Hugo Cohen, de la Organizaci\u00f3n Panamericana de la Salud (OPS) y Celeste Romero, responsable del \u00e1rea por la aplicaci\u00f3n plena de la ley 26657, del IDEPP<\/p>\n<p>El taller gir\u00f3 alrededor de tomas como\u00a0 el sistema p\u00fablico de salud, el modelo hegem\u00f3nico versus el modelo de salud mental comunitaria, fundamentos, dispositivos, concepci\u00f3n de la triada salud-enfermedad-atenci\u00f3n seg\u00fan cada modelo y el abordaje de la ley 26657, ley nacional de salud mental.<\/p>\n<p>A su vez, los compa\u00f1eros realizaron un abordaje la salud mental desde el enfoque de los derechos humanos, en funci\u00f3n de est\u00e1ndares nacionales e internacionales como\u00a0 la Declaraci\u00f3n de Caracas y los Principios de Brasilia.<\/p>\n<p>Fue muy rico el intercambio de experiencias de los trabajadores que participaron, apuntando partes y contenidos de la teor\u00eda a la pr\u00e1ctica, sumando las diferentes experiencias en la Argentina con la coordinaci\u00f3n de los doctores Hugo Cohen y Javier Fr\u00edas.<\/p>\n<p>La \u00faltima etapa del taller, con la coordinaci\u00f3n general de la compa\u00f1era Celeste Romero, junto a los compa\u00f1eros Cohen y Fr\u00edas, cont\u00f3 con una exposici\u00f3n y charla abierta sobre la importancia de la red de servicios en el territorio, el rol de los enfermeros y otras disciplinas en los dispositivos comunitarios de salud mental.<\/p>\n<p>Surgieron all\u00ed nuevos aportes con la experiencia de compa\u00f1eros en diferentes programas en la Argentina, la participaci\u00f3n de los trabajadores como actores y protagonistas del cambio de paradigma. A eso se sum\u00f3 la experiencia del movimiento de lucha antimanicomial en Brasil, con relatos y aportes de los trabajadores.<\/p>\n<p>Entre la amplia gama de conclusiones, se acord\u00f3 elevar al CDN una propuesta para realizar la \u00a0capacitaci\u00f3n en urgencias en salud mental, con intercambios promocionales, pasant\u00edas y encuentros regionales NOA NEA Centro y Cuyo, sumada a la capacitaci\u00f3n en empresa social y cooperativa para pacientes y usuarios del sistema con la formaci\u00f3n de grupos de ayuda mutua, con usuarios y familiares.<\/p>\n<p>Al cierre de los tres d\u00edas de actividad, el compa\u00f1ero Eduardo Pereyra, vocal del CDP y delegado del Hospital Tr\u00e1nsito C\u00e1ceres de Allende, afirm\u00f3 que \u201ces necesario remarcar la importancia del tema en salud mental puesto que se advierten los pormenores de la atenci\u00f3n de pacientes externalizados y la preponderancia que tiene la formaci\u00f3n y la toma de decisi\u00f3n de parte de las autoridades, de la aplicaci\u00f3n plena de la ley de salud mental, tanto a nivel nacional como provincial\u201d.<\/p>\n<p>Pereyra remarc\u00f3 la necesidad de disponiendo los recursos necesarios a los que alude la normativa \u201ccreando las casas de medio tiempo y de tiempo completo de externaci\u00f3n, para brindar los medios necesarios para la reinserci\u00f3n de aquellas personas que puedan y quieran ser \u00fatiles a la sociedad\u201d.<\/p>\n<p>En ese sentido, el dirigente destac\u00f3 el nivel de la capacitaci\u00f3n realizada ya que \u201cdesde el punto de vista laboral la posibilidad de apertura de dichos sectores hace una responsabilidad de ATE para garantizar las fuentes laborales y desde ya la apertura de nuevas formas de inserci\u00f3n. Nos sentimos impulsados a partir del conocimiento que adquirimos, tanto de la Declaraci\u00f3n de Caracas, como de los Principios de Brasilia. Son la punta del iceberg, para llevar lograr la plena aplicaci\u00f3n de la ley nacional 26657, y de la ley provincial 9848\u201d.<\/p>\n","protected":false},"excerpt":{"rendered":"<p>Con intenci\u00f3n de capacitar compa\u00f1eros en un modelo de atenci\u00f3n comunitario, participativo e inclusivo, la semana pasada se realiz\u00f3 un curso de formaci\u00f3n en el Consejo Directivo Nacional, con la participaci\u00f3n de trabajadores de Capital Federal, C\u00f3rdoba, Santa Fe, Entre R\u00edos, Rosario y La Plata. El encuentro cont\u00f3 con la presencia, en la apertura, del [&hellip;]<\/p>\n","protected":false},"author":1,"featured_media":19220,"comment_status":"open","ping_status":"open","sticky":false,"template":"","format":"standard","meta":{"_exactmetrics_skip_tracking":false,"_exactmetrics_sitenote_active":false,"_exactmetrics_sitenote_note":"","_exactmetrics_sitenote_category":0,"jnews-multi-image_gallery":[],"jnews_single_post":[],"jnews_primary_category":[],"jnews_social_meta":[],"jnews_review":[],"enable_review":"","type":"","name":"","summary":"","brand":"","sku":"","good":[],"bad":[],"score_override":"","override_value":"","rating":[],"price":[],"jnews_override_counter":[],"jnews_post_split":[],"footnotes":""},"categories":[88],"tags":[],"class_list":["post-5763","post","type-post","status-publish","format-standard","has-post-thumbnail","hentry","category-formacion"],"jetpack_featured_media_url":"https:\/\/atecordoba.org\/wp-content\/uploads\/2020\/05\/logo-nuevochico-e1561581322808.png","_links":{"self":[{"href":"https:\/\/atecordoba.org\/index.php?rest_route=\/wp\/v2\/posts\/5763","targetHints":{"allow":["GET"]}}],"collection":[{"href":"https:\/\/atecordoba.org\/index.php?rest_route=\/wp\/v2\/posts"}],"about":[{"href":"https:\/\/atecordoba.org\/index.php?rest_route=\/wp\/v2\/types\/post"}],"author":[{"embeddable":true,"href":"https:\/\/atecordoba.org\/index.php?rest_route=\/wp\/v2\/users\/1"}],"replies":[{"embeddable":true,"href":"https:\/\/atecordoba.org\/index.php?rest_route=%2Fwp%2Fv2%2Fcomments&post=5763"}],"version-history":[{"count":0,"href":"https:\/\/atecordoba.org\/index.php?rest_route=\/wp\/v2\/posts\/5763\/revisions"}],"wp:featuredmedia":[{"embeddable":true,"href":"https:\/\/atecordoba.org\/index.php?rest_route=\/wp\/v2\/media\/19220"}],"wp:attachment":[{"href":"https:\/\/atecordoba.org\/index.php?rest_route=%2Fwp%2Fv2%2Fmedia&parent=5763"}],"wp:term":[{"taxonomy":"category","embeddable":true,"href":"https:\/\/atecordoba.org\/index.php?rest_route=%2Fwp%2Fv2%2Fcategories&post=5763"},{"taxonomy":"post_tag","embeddable":true,"href":"https:\/\/atecordoba.org\/index.php?rest_route=%2Fwp%2Fv2%2Ftags&post=5763"}],"curies":[{"name":"wp","href":"https:\/\/api.w.org\/{rel}","templated":true}]}}