{"id":5759,"date":"2015-09-29T15:57:11","date_gmt":"2015-09-29T18:57:11","guid":{"rendered":"http:\/\/www.atecordoba.org\/?p=5759"},"modified":"2015-09-29T15:57:11","modified_gmt":"2015-09-29T18:57:11","slug":"asamblea-por-maltratos-laborales-en-el-hotel-del-iose-la-falda","status":"publish","type":"post","link":"https:\/\/atecordoba.org\/?p=5759","title":{"rendered":"Asamblea por maltratos laborales en el hotel del IOSE La Falda"},"content":{"rendered":"<p><em>Los trabajadores se reunieron el viernes pasado con el secretario de Organizaci\u00f3n del CDP para evaluar los pasos a seguir ante los constantes maltratos y descuentos en los habares que aplica el responsable\u00a0de la repartici\u00f3n. La semana que viene que realizar\u00e1 una audiencia con el director del organismo.<\/em><\/p>\n<p><a href=\"http:\/\/www.atecordoba.org\/wp-content\/uploads\/2015\/09\/iose.png\"><img loading=\"lazy\" decoding=\"async\" class=\"aligncenter size-full wp-image-5760\" src=\"http:\/\/www.atecordoba.org\/wp-content\/uploads\/2015\/09\/iose.png\" alt=\"iose\" width=\"550\" height=\"412\" \/><\/a><\/p>\n<p>La asamblea se llev\u00f3 a cabo en\u00a0la\u00a0Residencia Serrana la Falda del Instituto Obra Social del Ejercito por parte del Administrador, coronel Cisternas. En la oportunidad\u00a0los afiliados le detallaron al compa\u00f1ero Alejandro Charra, Secretario de Organizaci\u00f3n de este CDP, las distintas desavenencias que se han suscitado con este nefasto personaje que pareciera haberse quedado en la d\u00e9cada del 70.<\/p>\n<p>Entre otras practicas Cisternas\u00a0procedi\u00f3 a descontar haberes del personal aplicando un instructivo que ha sido dejado sin efecto por la misma direcci\u00f3n del IOSE, diversos malos tratos y ninguneos al personal femenino y la delegada Mar\u00eda Jos\u00e9 Pe\u00f1aloza. Adem\u00e1s el delegado C\u00e9sar Heredia\u00a0recibi\u00f3\u00a0una\u00a0sanci\u00f3n completamente ilegal por no haber sido precedida de un proceso de exclusi\u00f3n de la tutela. Sumado a esto, el funcionario habr\u00eda instruido a la mesa de entrada a no recibir los reclamos que realiza el personal de manera escrita, lo que de por s\u00ed constituye una violaci\u00f3n al mas elemental derecho y a la ley de procedimientos administrativos.<\/p>\n<p>En consecuencia, el compa\u00f1ero Charra procedi\u00f3 a proponer un plan de acci\u00f3n que comenzar\u00e1 con un pedido individual que cada trabajador afectado por los descuentos tendr\u00e1 que presentar, solicitando se aclare en concepto de qu\u00e9 se tomado tal medida.<\/p>\n<p>Por otro lado, de ser denegado el derecho a interponer recurso v\u00eda Mesa de Entradas ATE\u00a0se presentar\u00e1\u00a0con un escribano p\u00fablico y testigos para notificarlo \u201cde echo\u201d.<\/p>\n<p>Todo esto ser\u00e1 tratado en\u00a0una reuni\u00f3n que fue solicitada con la Jefatura del IOSE, \u00a0que se llevar\u00e1 a cabo\u00a0en la semana del 5 al 9 de octubre donde expondremos toda esta problem\u00e1tica, no descartando concretar alg\u00fan tipo de mediada de fuerza de no recibir una respuesta acorde a nuestros reclamos.<\/p>\n<p>&nbsp;<\/p>\n<p>&nbsp;<\/p>\n<p>&nbsp;<\/p>\n","protected":false},"excerpt":{"rendered":"<p>Los trabajadores se reunieron el viernes pasado con el secretario de Organizaci\u00f3n del CDP para evaluar los pasos a seguir ante los constantes maltratos y descuentos en los habares que aplica el responsable\u00a0de la repartici\u00f3n. La semana que viene que realizar\u00e1 una audiencia con el director del organismo. La asamblea se llev\u00f3 a cabo en\u00a0la\u00a0Residencia [&hellip;]<\/p>\n","protected":false},"author":1,"featured_media":19220,"comment_status":"open","ping_status":"open","sticky":false,"template":"","format":"standard","meta":{"_exactmetrics_skip_tracking":false,"_exactmetrics_sitenote_active":false,"_exactmetrics_sitenote_note":"","_exactmetrics_sitenote_category":0,"jnews-multi-image_gallery":[],"jnews_single_post":[],"jnews_primary_category":[],"jnews_social_meta":[],"jnews_review":[],"enable_review":"","type":"","name":"","summary":"","brand":"","sku":"","good":[],"bad":[],"score_override":"","override_value":"","rating":[],"price":[],"jnews_override_counter":[],"jnews_post_split":[],"footnotes":""},"categories":[99,18],"tags":[],"class_list":["post-5759","post","type-post","status-publish","format-standard","has-post-thumbnail","hentry","category-iose","category-nacionales"],"jetpack_featured_media_url":"https:\/\/atecordoba.org\/wp-content\/uploads\/2020\/05\/logo-nuevochico-e1561581322808.png","_links":{"self":[{"href":"https:\/\/atecordoba.org\/index.php?rest_route=\/wp\/v2\/posts\/5759","targetHints":{"allow":["GET"]}}],"collection":[{"href":"https:\/\/atecordoba.org\/index.php?rest_route=\/wp\/v2\/posts"}],"about":[{"href":"https:\/\/atecordoba.org\/index.php?rest_route=\/wp\/v2\/types\/post"}],"author":[{"embeddable":true,"href":"https:\/\/atecordoba.org\/index.php?rest_route=\/wp\/v2\/users\/1"}],"replies":[{"embeddable":true,"href":"https:\/\/atecordoba.org\/index.php?rest_route=%2Fwp%2Fv2%2Fcomments&post=5759"}],"version-history":[{"count":0,"href":"https:\/\/atecordoba.org\/index.php?rest_route=\/wp\/v2\/posts\/5759\/revisions"}],"wp:featuredmedia":[{"embeddable":true,"href":"https:\/\/atecordoba.org\/index.php?rest_route=\/wp\/v2\/media\/19220"}],"wp:attachment":[{"href":"https:\/\/atecordoba.org\/index.php?rest_route=%2Fwp%2Fv2%2Fmedia&parent=5759"}],"wp:term":[{"taxonomy":"category","embeddable":true,"href":"https:\/\/atecordoba.org\/index.php?rest_route=%2Fwp%2Fv2%2Fcategories&post=5759"},{"taxonomy":"post_tag","embeddable":true,"href":"https:\/\/atecordoba.org\/index.php?rest_route=%2Fwp%2Fv2%2Ftags&post=5759"}],"curies":[{"name":"wp","href":"https:\/\/api.w.org\/{rel}","templated":true}]}}