{"id":5752,"date":"2015-09-28T18:26:55","date_gmt":"2015-09-28T21:26:55","guid":{"rendered":"http:\/\/www.atecordoba.org\/?p=5752"},"modified":"2015-09-28T18:26:55","modified_gmt":"2015-09-28T21:26:55","slug":"el-23-ate-se-movilizo-contra-la-precarizacion-en-el-estado","status":"publish","type":"post","link":"https:\/\/atecordoba.org\/?p=5752","title":{"rendered":"El 23 ATE se moviliz\u00f3 contra la precarizaci\u00f3n en el Estado"},"content":{"rendered":"<p><em>En el marco del paro nacional convocado por nuestro gremio, el Consejo Directivo Provincial (CDP) march\u00f3 a la plaza San Mart\u00edn para expresar el reclamo por el pase a planta de los precarizados.<\/em><\/p>\n<p><a href=\"http:\/\/www.atecordoba.org\/wp-content\/uploads\/2015\/09\/IMG-20150924-WA0002-e1443475496525.jpg\"><img loading=\"lazy\" decoding=\"async\" class=\"aligncenter size-full wp-image-5753\" src=\"http:\/\/www.atecordoba.org\/wp-content\/uploads\/2015\/09\/IMG-20150924-WA0002-e1443475496525.jpg\" alt=\"IMG-20150924-WA0002\" width=\"550\" height=\"413\" \/><\/a><\/p>\n<p>La columna parti\u00f3 al mediod\u00eda de la sede del CDP, encabezada por Mar\u00eda Liliana Sarleno, secretaria Adminsitrativa y electa secretaria General a partir de noviembre pr\u00f3ximo, Luis Barcena, electo Adjunto y actual secretario de Interior, Oscar Mengarelli, secretario Adjunto y el resto de la comisi\u00f3n directiva, as\u00ed como numerosos delegados de diversos sectores de nacionales y provinciales.<\/p>\n<p><a href=\"http:\/\/www.atecordoba.org\/wp-content\/uploads\/2015\/09\/IMG-20150924-WA0003-e1443475523374.jpg\"><img loading=\"lazy\" decoding=\"async\" class=\"aligncenter size-full wp-image-5754\" src=\"http:\/\/www.atecordoba.org\/wp-content\/uploads\/2015\/09\/IMG-20150924-WA0003-e1443475523374.jpg\" alt=\"IMG-20150924-WA0003\" width=\"550\" height=\"413\" \/><\/a><\/p>\n<p>En la plaza San Mart\u00edn, sembrada de carpas donde se desarrollaba la feria del libro, los compa\u00f1eros volantearon para difundir los reclamos de ATE: pase a planta permanente de 600 mil precarizados en todo el pa\u00eds en los tres niveles del Estado (nacional, provincial y municipal). Estos compa\u00f1eros finalizan sus contratos a plazo a fin de a\u00f1o.<\/p>\n<p>Estos niveles de precariedad laboral alcanzan niveles alarmantes en C\u00f3rdoba en sectores como el Ministerio de Trabajo de la Naci\u00f3n, Desarrollo Social o Inti, por nombrar algunos casos.<\/p>\n<p><a href=\"http:\/\/www.atecordoba.org\/wp-content\/uploads\/2015\/09\/IMG-20150924-WA0004-e1443475556502.jpg\"><img loading=\"lazy\" decoding=\"async\" class=\"aligncenter size-full wp-image-5755\" src=\"http:\/\/www.atecordoba.org\/wp-content\/uploads\/2015\/09\/IMG-20150924-WA0004-e1443475556502.jpg\" alt=\"IMG-20150924-WA0004\" width=\"550\" height=\"413\" \/><\/a><\/p>\n<p>Esta situaci\u00f3n, contraria a lo que establece la Constituci\u00f3n nacional en el art\u00edculo 14 BIS, no debiera superar el 15%, de manera puntual para casos espec\u00edficos, pero el fraude laboral que comete el Estado, independientemente del partido pol\u00edtico que lo administre, da cuenta de una realidad general que los trabajadores deben afrontar para terminar con la inestabilidad laboral.<\/p>\n<p>Ese fue el compromiso que ATE puso en la calle la semana pasada.<\/p>\n<p>&nbsp;<\/p>\n","protected":false},"excerpt":{"rendered":"<p>En el marco del paro nacional convocado por nuestro gremio, el Consejo Directivo Provincial (CDP) march\u00f3 a la plaza San Mart\u00edn para expresar el reclamo por el pase a planta de los precarizados. La columna parti\u00f3 al mediod\u00eda de la sede del CDP, encabezada por Mar\u00eda Liliana Sarleno, secretaria Adminsitrativa y electa secretaria General a [&hellip;]<\/p>\n","protected":false},"author":1,"featured_media":19220,"comment_status":"open","ping_status":"open","sticky":false,"template":"","format":"standard","meta":{"_exactmetrics_skip_tracking":false,"_exactmetrics_sitenote_active":false,"_exactmetrics_sitenote_note":"","_exactmetrics_sitenote_category":0,"jnews-multi-image_gallery":[],"jnews_single_post":[],"jnews_primary_category":[],"jnews_social_meta":[],"jnews_review":[],"enable_review":"","type":"","name":"","summary":"","brand":"","sku":"","good":[],"bad":[],"score_override":"","override_value":"","rating":[],"price":[],"jnews_override_counter":[],"jnews_post_split":[],"footnotes":""},"categories":[20,18,8],"tags":[],"class_list":["post-5752","post","type-post","status-publish","format-standard","has-post-thumbnail","hentry","category-municipales","category-nacionales","category-provinciales"],"jetpack_featured_media_url":"https:\/\/atecordoba.org\/wp-content\/uploads\/2020\/05\/logo-nuevochico-e1561581322808.png","_links":{"self":[{"href":"https:\/\/atecordoba.org\/index.php?rest_route=\/wp\/v2\/posts\/5752","targetHints":{"allow":["GET"]}}],"collection":[{"href":"https:\/\/atecordoba.org\/index.php?rest_route=\/wp\/v2\/posts"}],"about":[{"href":"https:\/\/atecordoba.org\/index.php?rest_route=\/wp\/v2\/types\/post"}],"author":[{"embeddable":true,"href":"https:\/\/atecordoba.org\/index.php?rest_route=\/wp\/v2\/users\/1"}],"replies":[{"embeddable":true,"href":"https:\/\/atecordoba.org\/index.php?rest_route=%2Fwp%2Fv2%2Fcomments&post=5752"}],"version-history":[{"count":0,"href":"https:\/\/atecordoba.org\/index.php?rest_route=\/wp\/v2\/posts\/5752\/revisions"}],"wp:featuredmedia":[{"embeddable":true,"href":"https:\/\/atecordoba.org\/index.php?rest_route=\/wp\/v2\/media\/19220"}],"wp:attachment":[{"href":"https:\/\/atecordoba.org\/index.php?rest_route=%2Fwp%2Fv2%2Fmedia&parent=5752"}],"wp:term":[{"taxonomy":"category","embeddable":true,"href":"https:\/\/atecordoba.org\/index.php?rest_route=%2Fwp%2Fv2%2Fcategories&post=5752"},{"taxonomy":"post_tag","embeddable":true,"href":"https:\/\/atecordoba.org\/index.php?rest_route=%2Fwp%2Fv2%2Ftags&post=5752"}],"curies":[{"name":"wp","href":"https:\/\/api.w.org\/{rel}","templated":true}]}}