{"id":5747,"date":"2015-09-28T17:22:57","date_gmt":"2015-09-28T20:22:57","guid":{"rendered":"http:\/\/www.atecordoba.org\/?p=5747"},"modified":"2015-09-28T17:22:57","modified_gmt":"2015-09-28T20:22:57","slug":"mas-delegados-de-ate-en-san-marcos-sierra","status":"publish","type":"post","link":"https:\/\/atecordoba.org\/?p=5747","title":{"rendered":"M\u00e1s delegados de ATE en San Marcos Sierra"},"content":{"rendered":"<p><em>El mi\u00e9rcoles 23 se realizo elecci\u00f3n de delegados en el centro integrador comunitario de San Marcos Sierra.<\/em><\/p>\n<p><a href=\"http:\/\/www.atecordoba.org\/wp-content\/uploads\/2015\/09\/IMG-20150923-WA0004-e1443471756102.jpg\"><img loading=\"lazy\" decoding=\"async\" class=\"aligncenter size-full wp-image-5748\" src=\"http:\/\/www.atecordoba.org\/wp-content\/uploads\/2015\/09\/IMG-20150923-WA0004-e1443471756102.jpg\" alt=\"IMG-20150923-WA0004\" width=\"550\" height=\"309\" \/><\/a><\/p>\n<p>En la oportunidad los compa\u00f1eros municipales eligieron un delegado, vot\u00f3 el 80% del padr\u00f3n y result\u00f3 electa la compa\u00f1era Viviana Bazan.<\/p>\n<p>De esta forma, un nuevo representante de los trabajadores se suma al cuerpo de de delegados de4 ATE en la municipalidad, dando cuenta del crecimiento organizativo de nuestro sindicato en el sector.<\/p>\n<p>Como representante del CDP estuvo presente el compa\u00f1ero Alejandro Murua, coordinador de los municipales.<\/p>\n","protected":false},"excerpt":{"rendered":"<p>El mi\u00e9rcoles 23 se realizo elecci\u00f3n de delegados en el centro integrador comunitario de San Marcos Sierra. En la oportunidad los compa\u00f1eros municipales eligieron un delegado, vot\u00f3 el 80% del padr\u00f3n y result\u00f3 electa la compa\u00f1era Viviana Bazan. De esta forma, un nuevo representante de los trabajadores se suma al cuerpo de de delegados de4 [&hellip;]<\/p>\n","protected":false},"author":1,"featured_media":19220,"comment_status":"open","ping_status":"open","sticky":false,"template":"","format":"standard","meta":{"_exactmetrics_skip_tracking":false,"_exactmetrics_sitenote_active":false,"_exactmetrics_sitenote_note":"","_exactmetrics_sitenote_category":0,"jnews-multi-image_gallery":[],"jnews_single_post":[],"jnews_primary_category":[],"jnews_social_meta":[],"jnews_review":[],"enable_review":"","type":"","name":"","summary":"","brand":"","sku":"","good":[],"bad":[],"score_override":"","override_value":"","rating":[],"price":[],"jnews_override_counter":[],"jnews_post_split":[],"footnotes":""},"categories":[20],"tags":[],"class_list":["post-5747","post","type-post","status-publish","format-standard","has-post-thumbnail","hentry","category-municipales"],"jetpack_featured_media_url":"https:\/\/atecordoba.org\/wp-content\/uploads\/2020\/05\/logo-nuevochico-e1561581322808.png","_links":{"self":[{"href":"https:\/\/atecordoba.org\/index.php?rest_route=\/wp\/v2\/posts\/5747","targetHints":{"allow":["GET"]}}],"collection":[{"href":"https:\/\/atecordoba.org\/index.php?rest_route=\/wp\/v2\/posts"}],"about":[{"href":"https:\/\/atecordoba.org\/index.php?rest_route=\/wp\/v2\/types\/post"}],"author":[{"embeddable":true,"href":"https:\/\/atecordoba.org\/index.php?rest_route=\/wp\/v2\/users\/1"}],"replies":[{"embeddable":true,"href":"https:\/\/atecordoba.org\/index.php?rest_route=%2Fwp%2Fv2%2Fcomments&post=5747"}],"version-history":[{"count":0,"href":"https:\/\/atecordoba.org\/index.php?rest_route=\/wp\/v2\/posts\/5747\/revisions"}],"wp:featuredmedia":[{"embeddable":true,"href":"https:\/\/atecordoba.org\/index.php?rest_route=\/wp\/v2\/media\/19220"}],"wp:attachment":[{"href":"https:\/\/atecordoba.org\/index.php?rest_route=%2Fwp%2Fv2%2Fmedia&parent=5747"}],"wp:term":[{"taxonomy":"category","embeddable":true,"href":"https:\/\/atecordoba.org\/index.php?rest_route=%2Fwp%2Fv2%2Fcategories&post=5747"},{"taxonomy":"post_tag","embeddable":true,"href":"https:\/\/atecordoba.org\/index.php?rest_route=%2Fwp%2Fv2%2Ftags&post=5747"}],"curies":[{"name":"wp","href":"https:\/\/api.w.org\/{rel}","templated":true}]}}