{"id":5718,"date":"2015-09-17T15:57:44","date_gmt":"2015-09-17T18:57:44","guid":{"rendered":"http:\/\/www.atecordoba.org\/?p=5718"},"modified":"2015-09-17T15:57:44","modified_gmt":"2015-09-17T18:57:44","slug":"jornada-nacional-de-protesta-contra-la-precarizacion-laboral","status":"publish","type":"post","link":"https:\/\/atecordoba.org\/?p=5718","title":{"rendered":"Jornada Nacional de Protesta contra la precarizaci\u00f3n laboral"},"content":{"rendered":"<p><em>Ante la brutal realidad que sufren los miles de trabajadores del Estado en sus\u00a0distintos niveles, debido a la precarizaci\u00f3n laboral que les niega la estabilidad consagrada por la Constituci\u00f3n Nacional, ATE convoca a todos los compa\u00f1eros a plegarse a la jornada nacional de protesta, que se realizar\u00e1 el pr\u00f3ximo mi\u00e9rcoles 23 de septiembre. Ma\u00f1ana, plenario de delegados en ATE C\u00f3rdoba.<\/em><\/p>\n<p><a href=\"http:\/\/www.atecordoba.org\/wp-content\/uploads\/2015\/09\/precarizacion-laboral-e1442516017850.jpg\"><img loading=\"lazy\" decoding=\"async\" class=\"aligncenter size-full wp-image-5719\" src=\"http:\/\/www.atecordoba.org\/wp-content\/uploads\/2015\/09\/precarizacion-laboral-e1442516017850.jpg\" alt=\"precarizacion laboral\" width=\"550\" height=\"844\" \/><\/a><\/p>\n<p>La medida fue resuelta en un plenario nacional de delegados, realizada en la sede de ATE Argentina, donde participaron 250 compa\u00f1eros de distintos sectores del Estado.<\/p>\n<p>En la oportunidad, el secretario General de ATE Nacional, Julio Fuentes, afirm\u00f3 que \u201cnecesitamos unificar y nacionalizar las peleas que en cada provincia y municipio se vienen llevando adelante; necesitamos acelerar los tiempos para dotar de impacto pol\u00edtico a esta lucha antes del 31 de diciembre, porque corre riesgo, con el cambio de gobierno, la estabilidad de 600 mil trabajadores del Estado\u201d.<\/p>\n<p>A su turno, el secretario Adjunto, Hugo Godoy, se\u00f1al\u00f3 que \u201cqueremos el pase a planta permanente de la mayor cantidad de trabajadores del Estado precarizados. Queremos tambi\u00e9n alertar a los gobiernos que asuman, que ATE no va a permitir que toquen a un solo compa\u00f1ero precarizado\u201d.<\/p>\n<p>Vale se\u00f1alar que el pase a planta permanente no le cuesta un solo peso m\u00e1s al Estado de lo que est\u00e1 gastando hasta el momento en concepto de salarios y aportes patronales, por lo que la estabilidad laboral depende de una decisi\u00f3n pol\u00edtica del gobierno.<\/p>\n<p>La secretaria de Organizaci\u00f3n record\u00f3 que en los \u00faltimos a\u00f1os ATE logr\u00f3 el pase a planta permanente de alrededor de 100 mil compa\u00f1eros.<\/p>\n<p>En ese marco, ma\u00f1ana se realizar\u00e1 un plenario provincial de delegados en la sede de ATE C\u00f3rdoba, a partir de las 10 horas, a los efectos de definir la modalidad de la medida de protesta.<\/p>\n<p>&nbsp;<\/p>\n","protected":false},"excerpt":{"rendered":"<p>Ante la brutal realidad que sufren los miles de trabajadores del Estado en sus\u00a0distintos niveles, debido a la precarizaci\u00f3n laboral que les niega la estabilidad consagrada por la Constituci\u00f3n Nacional, ATE convoca a todos los compa\u00f1eros a plegarse a la jornada nacional de protesta, que se realizar\u00e1 el pr\u00f3ximo mi\u00e9rcoles 23 de septiembre. Ma\u00f1ana, plenario [&hellip;]<\/p>\n","protected":false},"author":1,"featured_media":19220,"comment_status":"open","ping_status":"open","sticky":false,"template":"","format":"standard","meta":{"_exactmetrics_skip_tracking":false,"_exactmetrics_sitenote_active":false,"_exactmetrics_sitenote_note":"","_exactmetrics_sitenote_category":0,"jnews-multi-image_gallery":[],"jnews_single_post":[],"jnews_primary_category":[],"jnews_social_meta":[],"jnews_review":[],"enable_review":"","type":"","name":"","summary":"","brand":"","sku":"","good":[],"bad":[],"score_override":"","override_value":"","rating":[],"price":[],"jnews_override_counter":[],"jnews_post_split":[],"footnotes":""},"categories":[18],"tags":[],"class_list":["post-5718","post","type-post","status-publish","format-standard","has-post-thumbnail","hentry","category-nacionales"],"jetpack_featured_media_url":"https:\/\/atecordoba.org\/wp-content\/uploads\/2020\/05\/logo-nuevochico-e1561581322808.png","_links":{"self":[{"href":"https:\/\/atecordoba.org\/index.php?rest_route=\/wp\/v2\/posts\/5718","targetHints":{"allow":["GET"]}}],"collection":[{"href":"https:\/\/atecordoba.org\/index.php?rest_route=\/wp\/v2\/posts"}],"about":[{"href":"https:\/\/atecordoba.org\/index.php?rest_route=\/wp\/v2\/types\/post"}],"author":[{"embeddable":true,"href":"https:\/\/atecordoba.org\/index.php?rest_route=\/wp\/v2\/users\/1"}],"replies":[{"embeddable":true,"href":"https:\/\/atecordoba.org\/index.php?rest_route=%2Fwp%2Fv2%2Fcomments&post=5718"}],"version-history":[{"count":0,"href":"https:\/\/atecordoba.org\/index.php?rest_route=\/wp\/v2\/posts\/5718\/revisions"}],"wp:featuredmedia":[{"embeddable":true,"href":"https:\/\/atecordoba.org\/index.php?rest_route=\/wp\/v2\/media\/19220"}],"wp:attachment":[{"href":"https:\/\/atecordoba.org\/index.php?rest_route=%2Fwp%2Fv2%2Fmedia&parent=5718"}],"wp:term":[{"taxonomy":"category","embeddable":true,"href":"https:\/\/atecordoba.org\/index.php?rest_route=%2Fwp%2Fv2%2Fcategories&post=5718"},{"taxonomy":"post_tag","embeddable":true,"href":"https:\/\/atecordoba.org\/index.php?rest_route=%2Fwp%2Fv2%2Ftags&post=5718"}],"curies":[{"name":"wp","href":"https:\/\/api.w.org\/{rel}","templated":true}]}}