{"id":5709,"date":"2015-09-14T14:42:40","date_gmt":"2015-09-14T17:42:40","guid":{"rendered":"http:\/\/www.atecordoba.org\/?p=5709"},"modified":"2015-09-14T14:42:40","modified_gmt":"2015-09-14T17:42:40","slug":"charla-abierta-sobre-derecho-a-huelga","status":"publish","type":"post","link":"https:\/\/atecordoba.org\/?p=5709","title":{"rendered":"Charla Abierta sobre derecho de huelga"},"content":{"rendered":"<p><em>Organizado por el Consejo Directivo Provincial, el pr\u00f3ximo viernes 25 de septiembre se realizar\u00e1 una charla abierta \u00a0titulada &#8220;\u00bfQui\u00e9nes pueden ejercer el derecho a huelga?&#8221;.\u00a0<\/em><\/p>\n<p><a href=\"http:\/\/www.atecordoba.org\/wp-content\/uploads\/2015\/09\/derecho-a-huelga-1.jpg\"><img loading=\"lazy\" decoding=\"async\" class=\"aligncenter size-full wp-image-5710\" src=\"http:\/\/www.atecordoba.org\/wp-content\/uploads\/2015\/09\/derecho-a-huelga-1.jpg\" alt=\"derecho a huelga 1\" width=\"540\" height=\"244\" \/><\/a><\/p>\n<p>Se trata de una convocatoria abierta para trabajadores del \u00e1mbito p\u00fablico y privado, que contar\u00e1 con la presencia de expositores como el\u00a0Secretario General de la Federaci\u00f3n de Aceiteros, Daniel Yofra, el\u00a0abogado de ATE nacional, y patrocinante\u00a0 en la causa \u201cOrellano, Francisco c\/ Correo Oficial de la Rep\u00fablica Argentina, y los asesores letrados de ATE C\u00f3rdoba, Mar\u00eda Terragno y Eugenio Biafore, con la coordinaci\u00f3n y presentaci\u00f3n de la actual secretaria General de nuestro gremio, electa secretaria de Formaci\u00f3n nacional, Mar\u00eda Teresa Romero.<\/p>\n<p>La iniciativa se fundamenta ante la ofensiva patronal y gubernamental para limitar el derecho de huelga, tal como se est\u00e1 debatiendo actualmente en la Corte Suprema de Justicia de la Naci\u00f3n.<\/p>\n<p>El m\u00e1ximo tribunal de la naci\u00f3n convoc\u00f3 a una audiencia p\u00fablica que abri\u00f3 el debate sobre quien o quienes son los titulares del derecho de huelga: si son los sindicatos con personer\u00eda gremial o con simple inscripci\u00f3n, o si es un derecho de los trabajadores organizados.<\/p>\n<p>\u201cLos trabajadores estamos convencidos que el derecho de huelga es un derecho humano fundamental, imprescindible para la conquista de derechos laborales y sociales, por ello es indispensable debatir y organizarse ante esta nueva ofensiva por limitarlo. Esta convocatoria se propone contribuir en el an\u00e1lisis y la pr\u00e1ctica\u00a0de la defensa de los derechos de los trabajadores en defensa de la estabilidad en el empleo, la vigencia de los derechos sociales y las libertades democr\u00e1ticas en el \u00e1mbito de trabajo\u201d, afirma la convocatoria.<\/p>\n<p>La charla se llevar\u00e1 a cabo el viernes 25 de septiembre, a las 18 horas, en un sal\u00f3n ubicado en Paran\u00e1 140.<\/p>\n<p><a href=\"http:\/\/www.atecordoba.org\/wp-content\/uploads\/2015\/09\/AFICHE-FINAL-e1442252335510.jpg\"><img loading=\"lazy\" decoding=\"async\" class=\"aligncenter size-full wp-image-5711\" src=\"http:\/\/www.atecordoba.org\/wp-content\/uploads\/2015\/09\/AFICHE-FINAL-e1442252335510.jpg\" alt=\"AFICHE FINAL\" width=\"550\" height=\"778\" \/><\/a><\/p>\n<p>&nbsp;<\/p>\n","protected":false},"excerpt":{"rendered":"<p>Organizado por el Consejo Directivo Provincial, el pr\u00f3ximo viernes 25 de septiembre se realizar\u00e1 una charla abierta \u00a0titulada &#8220;\u00bfQui\u00e9nes pueden ejercer el derecho a huelga?&#8221;.\u00a0 Se trata de una convocatoria abierta para trabajadores del \u00e1mbito p\u00fablico y privado, que contar\u00e1 con la presencia de expositores como el\u00a0Secretario General de la Federaci\u00f3n de Aceiteros, Daniel Yofra, [&hellip;]<\/p>\n","protected":false},"author":1,"featured_media":19220,"comment_status":"open","ping_status":"open","sticky":false,"template":"","format":"standard","meta":{"_exactmetrics_skip_tracking":false,"_exactmetrics_sitenote_active":false,"_exactmetrics_sitenote_note":"","_exactmetrics_sitenote_category":0,"jnews-multi-image_gallery":[],"jnews_single_post":[],"jnews_primary_category":[],"jnews_social_meta":[],"jnews_review":[],"enable_review":"","type":"","name":"","summary":"","brand":"","sku":"","good":[],"bad":[],"score_override":"","override_value":"","rating":[],"price":[],"jnews_override_counter":[],"jnews_post_split":[],"footnotes":""},"categories":[118],"tags":[],"class_list":["post-5709","post","type-post","status-publish","format-standard","has-post-thumbnail","hentry","category-legales"],"jetpack_featured_media_url":"https:\/\/atecordoba.org\/wp-content\/uploads\/2020\/05\/logo-nuevochico-e1561581322808.png","_links":{"self":[{"href":"https:\/\/atecordoba.org\/index.php?rest_route=\/wp\/v2\/posts\/5709","targetHints":{"allow":["GET"]}}],"collection":[{"href":"https:\/\/atecordoba.org\/index.php?rest_route=\/wp\/v2\/posts"}],"about":[{"href":"https:\/\/atecordoba.org\/index.php?rest_route=\/wp\/v2\/types\/post"}],"author":[{"embeddable":true,"href":"https:\/\/atecordoba.org\/index.php?rest_route=\/wp\/v2\/users\/1"}],"replies":[{"embeddable":true,"href":"https:\/\/atecordoba.org\/index.php?rest_route=%2Fwp%2Fv2%2Fcomments&post=5709"}],"version-history":[{"count":0,"href":"https:\/\/atecordoba.org\/index.php?rest_route=\/wp\/v2\/posts\/5709\/revisions"}],"wp:featuredmedia":[{"embeddable":true,"href":"https:\/\/atecordoba.org\/index.php?rest_route=\/wp\/v2\/media\/19220"}],"wp:attachment":[{"href":"https:\/\/atecordoba.org\/index.php?rest_route=%2Fwp%2Fv2%2Fmedia&parent=5709"}],"wp:term":[{"taxonomy":"category","embeddable":true,"href":"https:\/\/atecordoba.org\/index.php?rest_route=%2Fwp%2Fv2%2Fcategories&post=5709"},{"taxonomy":"post_tag","embeddable":true,"href":"https:\/\/atecordoba.org\/index.php?rest_route=%2Fwp%2Fv2%2Ftags&post=5709"}],"curies":[{"name":"wp","href":"https:\/\/api.w.org\/{rel}","templated":true}]}}