{"id":5702,"date":"2015-09-10T19:06:45","date_gmt":"2015-09-10T22:06:45","guid":{"rendered":"http:\/\/www.atecordoba.org\/?p=5702"},"modified":"2015-09-10T19:06:45","modified_gmt":"2015-09-10T22:06:45","slug":"municipales-eligieron-dos-nuevo-delegados-de-ate-en-san-marcos-sierra","status":"publish","type":"post","link":"https:\/\/atecordoba.org\/?p=5702","title":{"rendered":"Municipales eligieron dos nuevos delegados de ATE en San Marcos Sierra"},"content":{"rendered":"<p><em>En una elecci\u00f3n donde particip\u00f3 el 98% del padr\u00f3n, los compa\u00f1eros del corral\u00f3n y del sector Obras P\u00fablicas eligieron dos nuevo delegados.\u00a0<\/em><\/p>\n<p><a href=\"http:\/\/www.atecordoba.org\/wp-content\/uploads\/2015\/09\/IMG-20150910-WA0002-e1441922731322.jpg\"><img loading=\"lazy\" decoding=\"async\" class=\"aligncenter size-full wp-image-5703\" src=\"http:\/\/www.atecordoba.org\/wp-content\/uploads\/2015\/09\/IMG-20150910-WA0002-e1441922731322.jpg\" alt=\"IMG-20150910-WA0002\" width=\"550\" height=\"733\" \/><\/a><\/p>\n<p>De esta forma, ATE contin\u00faa avanzando en la organizaci\u00f3n de los trabajadores municipales en la provincia de C\u00f3rdoba. ATE ya viene representando a los compa\u00f1eros de San Marcos Sierra en una serie de conflictos. Ahora, con la elecci\u00f3n de los compa\u00f1eros Antonio Tulian y Juan Moreno, los trabajadores del sector podr\u00e1n avanzar en el plano reivindicativo de manera org\u00e1nica por medio de ATE.<\/p>\n<p><a href=\"http:\/\/www.atecordoba.org\/wp-content\/uploads\/2015\/09\/IMG-20150910-WA0004-e1441922758925.jpg\"><img loading=\"lazy\" decoding=\"async\" class=\"aligncenter size-full wp-image-5704\" src=\"http:\/\/www.atecordoba.org\/wp-content\/uploads\/2015\/09\/IMG-20150910-WA0004-e1441922758925.jpg\" alt=\"IMG-20150910-WA0004\" width=\"550\" height=\"309\" \/><\/a><\/p>\n<p>En ese sentido, hace un mes una representaci\u00f3n de nuestro gremio, encabezada por el secretario de Interior, Luis barcena, logr\u00f3 la firma de parte del ejecutivo municipal de un acta compromiso, para que la patronal\u00a0pase a planta permanente a los compa\u00f1eros contratados, el\u00a0blanqueo 600 pesos en noviembre y se regularizaci\u00f3n planilla salarial con dos meses de deuda. Cumplido este \u00faltimo punto, restan aun efectivizarse los dos anteriores.<\/p>\n<p><a href=\"http:\/\/www.atecordoba.org\/wp-content\/uploads\/2015\/09\/IMG-20150910-WA0006-e1441922783189.jpg\"><img loading=\"lazy\" decoding=\"async\" class=\"aligncenter size-full wp-image-5705\" src=\"http:\/\/www.atecordoba.org\/wp-content\/uploads\/2015\/09\/IMG-20150910-WA0006-e1441922783189.jpg\" alt=\"IMG-20150910-WA0006\" width=\"550\" height=\"309\" \/><\/a><\/p>\n<p>Adem\u00e1s, el intendente se comprometi\u00f3 decretar que a partir del pr\u00f3ximo 1\u00ba de\u00a0enero ascender\u00e1n una categor\u00eda todos los compa\u00f1eros seg\u00fan estatuto. Los que hayan llegado al tope de categor\u00edas, esperaran los concursos.<\/p>\n","protected":false},"excerpt":{"rendered":"<p>En una elecci\u00f3n donde particip\u00f3 el 98% del padr\u00f3n, los compa\u00f1eros del corral\u00f3n y del sector Obras P\u00fablicas eligieron dos nuevo delegados.\u00a0 De esta forma, ATE contin\u00faa avanzando en la organizaci\u00f3n de los trabajadores municipales en la provincia de C\u00f3rdoba. ATE ya viene representando a los compa\u00f1eros de San Marcos Sierra en una serie de [&hellip;]<\/p>\n","protected":false},"author":1,"featured_media":19220,"comment_status":"open","ping_status":"open","sticky":false,"template":"","format":"standard","meta":{"_exactmetrics_skip_tracking":false,"_exactmetrics_sitenote_active":false,"_exactmetrics_sitenote_note":"","_exactmetrics_sitenote_category":0,"jnews-multi-image_gallery":[],"jnews_single_post":[],"jnews_primary_category":[],"jnews_social_meta":[],"jnews_review":[],"enable_review":"","type":"","name":"","summary":"","brand":"","sku":"","good":[],"bad":[],"score_override":"","override_value":"","rating":[],"price":[],"jnews_override_counter":[],"jnews_post_split":[],"footnotes":""},"categories":[20],"tags":[],"class_list":["post-5702","post","type-post","status-publish","format-standard","has-post-thumbnail","hentry","category-municipales"],"jetpack_featured_media_url":"https:\/\/atecordoba.org\/wp-content\/uploads\/2020\/05\/logo-nuevochico-e1561581322808.png","_links":{"self":[{"href":"https:\/\/atecordoba.org\/index.php?rest_route=\/wp\/v2\/posts\/5702","targetHints":{"allow":["GET"]}}],"collection":[{"href":"https:\/\/atecordoba.org\/index.php?rest_route=\/wp\/v2\/posts"}],"about":[{"href":"https:\/\/atecordoba.org\/index.php?rest_route=\/wp\/v2\/types\/post"}],"author":[{"embeddable":true,"href":"https:\/\/atecordoba.org\/index.php?rest_route=\/wp\/v2\/users\/1"}],"replies":[{"embeddable":true,"href":"https:\/\/atecordoba.org\/index.php?rest_route=%2Fwp%2Fv2%2Fcomments&post=5702"}],"version-history":[{"count":0,"href":"https:\/\/atecordoba.org\/index.php?rest_route=\/wp\/v2\/posts\/5702\/revisions"}],"wp:featuredmedia":[{"embeddable":true,"href":"https:\/\/atecordoba.org\/index.php?rest_route=\/wp\/v2\/media\/19220"}],"wp:attachment":[{"href":"https:\/\/atecordoba.org\/index.php?rest_route=%2Fwp%2Fv2%2Fmedia&parent=5702"}],"wp:term":[{"taxonomy":"category","embeddable":true,"href":"https:\/\/atecordoba.org\/index.php?rest_route=%2Fwp%2Fv2%2Fcategories&post=5702"},{"taxonomy":"post_tag","embeddable":true,"href":"https:\/\/atecordoba.org\/index.php?rest_route=%2Fwp%2Fv2%2Ftags&post=5702"}],"curies":[{"name":"wp","href":"https:\/\/api.w.org\/{rel}","templated":true}]}}