{"id":5700,"date":"2015-09-09T18:24:06","date_gmt":"2015-09-09T21:24:06","guid":{"rendered":"http:\/\/www.atecordoba.org\/?p=5700"},"modified":"2020-08-10T11:02:26","modified_gmt":"2020-08-10T14:02:26","slug":"asamblea-en-pami-resentira-la-atencion-manana","status":"publish","type":"post","link":"https:\/\/atecordoba.org\/?p=5700","title":{"rendered":"Asamblea en PAMI resentir\u00e1 \u00a0la atenci\u00f3n ma\u00f1ana"},"content":{"rendered":"<div><\/div>\n<div><em>En el marco del plan de lucha que ATE viene desarrollando en PAMI, en rechazo al achicamiento estructural del organismo que lleva adelante el gobierno nacional. ma\u00f1ana los trabajadores realizar\u00e1n una asamblea a partir de las 12 horas, sin atenci\u00f3n al p\u00fablico.<\/em><\/div>\n<div><a href=\"http:\/\/www.atecordoba.org\/wp-content\/uploads\/2015\/08\/IMG-20150813-WA0036-e1439501866576.jpg\"><img loading=\"lazy\" decoding=\"async\" class=\"aligncenter size-full wp-image-5586\" src=\"http:\/\/www.atecordoba.org\/wp-content\/uploads\/2015\/08\/IMG-20150813-WA0036-e1439501866576.jpg\" alt=\"IMG-20150813-WA0036\" width=\"550\" height=\"309\" \/><\/a><\/div>\n<div>La medida obedece a la falta de respuestas de la patronal sobre los planteos realizados, para dejar sin efecto las resoluciones de la intervenci\u00f3n, comandada por le gerente Luciano Di Cesare, que significan un claro ajuste sobre la obra social y afectar\u00e1n los programas que sociales que all\u00ed se desarrollan.<\/div>\n","protected":false},"excerpt":{"rendered":"<p>En el marco del plan de lucha que ATE viene desarrollando en PAMI, en rechazo al achicamiento estructural del organismo que lleva adelante el gobierno nacional. ma\u00f1ana los trabajadores realizar\u00e1n una asamblea a partir de las 12 horas, sin atenci\u00f3n al p\u00fablico. La medida obedece a la falta de respuestas de la patronal sobre los [&hellip;]<\/p>\n","protected":false},"author":1,"featured_media":19220,"comment_status":"open","ping_status":"open","sticky":false,"template":"","format":"standard","meta":{"_exactmetrics_skip_tracking":false,"_exactmetrics_sitenote_active":false,"_exactmetrics_sitenote_note":"","_exactmetrics_sitenote_category":0,"jnews-multi-image_gallery":[],"jnews_single_post":[],"jnews_primary_category":[],"jnews_social_meta":[],"jnews_review":[],"enable_review":"","type":"","name":"","summary":"","brand":"","sku":"","good":[],"bad":[],"score_override":"","override_value":"","rating":[],"price":[],"jnews_override_counter":[],"jnews_post_split":[],"footnotes":""},"categories":[18],"tags":[],"class_list":["post-5700","post","type-post","status-publish","format-standard","has-post-thumbnail","hentry","category-nacionales"],"jetpack_featured_media_url":"https:\/\/atecordoba.org\/wp-content\/uploads\/2020\/05\/logo-nuevochico-e1561581322808.png","_links":{"self":[{"href":"https:\/\/atecordoba.org\/index.php?rest_route=\/wp\/v2\/posts\/5700","targetHints":{"allow":["GET"]}}],"collection":[{"href":"https:\/\/atecordoba.org\/index.php?rest_route=\/wp\/v2\/posts"}],"about":[{"href":"https:\/\/atecordoba.org\/index.php?rest_route=\/wp\/v2\/types\/post"}],"author":[{"embeddable":true,"href":"https:\/\/atecordoba.org\/index.php?rest_route=\/wp\/v2\/users\/1"}],"replies":[{"embeddable":true,"href":"https:\/\/atecordoba.org\/index.php?rest_route=%2Fwp%2Fv2%2Fcomments&post=5700"}],"version-history":[{"count":1,"href":"https:\/\/atecordoba.org\/index.php?rest_route=\/wp\/v2\/posts\/5700\/revisions"}],"predecessor-version":[{"id":21139,"href":"https:\/\/atecordoba.org\/index.php?rest_route=\/wp\/v2\/posts\/5700\/revisions\/21139"}],"wp:featuredmedia":[{"embeddable":true,"href":"https:\/\/atecordoba.org\/index.php?rest_route=\/wp\/v2\/media\/19220"}],"wp:attachment":[{"href":"https:\/\/atecordoba.org\/index.php?rest_route=%2Fwp%2Fv2%2Fmedia&parent=5700"}],"wp:term":[{"taxonomy":"category","embeddable":true,"href":"https:\/\/atecordoba.org\/index.php?rest_route=%2Fwp%2Fv2%2Fcategories&post=5700"},{"taxonomy":"post_tag","embeddable":true,"href":"https:\/\/atecordoba.org\/index.php?rest_route=%2Fwp%2Fv2%2Ftags&post=5700"}],"curies":[{"name":"wp","href":"https:\/\/api.w.org\/{rel}","templated":true}]}}