{"id":5692,"date":"2015-09-08T19:19:28","date_gmt":"2015-09-08T22:19:28","guid":{"rendered":"http:\/\/www.atecordoba.org\/?p=5692"},"modified":"2015-09-08T19:19:28","modified_gmt":"2015-09-08T22:19:28","slug":"ate-presente-en-un-foro-de-educacion-y-trabajo","status":"publish","type":"post","link":"https:\/\/atecordoba.org\/?p=5692","title":{"rendered":"ATE presente en un foro de educaci\u00f3n y trabajo"},"content":{"rendered":"<p><em>Elegido recientemente como secretario Adjunto del Consejo Directivo Provincial (CDP), el compa\u00f1ero Luis Barcena particip\u00f3 como disertante en el encuentro realizado ayer en la universidad nacional, que organiz\u00f3 la Fundaci\u00f3n May\u00e9utica.<\/em><\/p>\n<p><a href=\"http:\/\/www.atecordoba.org\/wp-content\/uploads\/2015\/09\/DSC_0050-e1441750643783.jpg\"><img loading=\"lazy\" decoding=\"async\" class=\"aligncenter size-full wp-image-5693\" src=\"http:\/\/www.atecordoba.org\/wp-content\/uploads\/2015\/09\/DSC_0050-e1441750643783.jpg\" alt=\"DSC_0050\" width=\"550\" height=\"309\" \/><\/a><\/p>\n<p>Se trat\u00f3 de un foro convocado para abordar la problem\u00e1tica\u00a0conjunta de la educaci\u00f3n y trabajo en sectores vulnerables de C\u00f3rdoba. En la oportunidad estuvo presente Luis Barcena, electo el pasado 3 de septiembre como \u00a0secretario Adjunto del CDP, junto al titular de La Luci\u00e9rnaga y asesor del Ministerio de la Solidaridad, Oscar Arias, la docente especializada en educaci\u00f3n para adultos, Mar\u00eda Luiza Tess, y el abogado laboralista y docente de la UNC Marcelo Echenique.<\/p>\n<p>May\u00e9utica sin fines de lucro es una iniciativa que preside Carlos Espinoza, compa\u00f1ero vocal del nuevo CDP que asumir\u00e1 en noviembre, que se propone \u00a0plantear debates sobre pol\u00edticas p\u00fablicas de cara a la inclusi\u00f3n social.<\/p>\n<p>En su exposici\u00f3n, Barcena detall\u00f3 el origen de ATE y remarc\u00f3 que los trabajadores estatales son el nexo entre la ciudadan\u00eda y el Estado para resolver las problem\u00e1ticas que plantea la poblaci\u00f3n. &#8220;Nuestro gremio est\u00e1 comprometido con la defensa del trabajador pero tambi\u00e9n somos conscientes que vivimos en una realidad m\u00e1s amplia y somos solidarios con aquellos sectores excluidos&#8221;, se\u00f1al\u00f3 el dirigente.<\/p>\n<p><a href=\"http:\/\/www.atecordoba.org\/wp-content\/uploads\/2015\/09\/DSC_0052-e1441750704477.jpg\"><img loading=\"lazy\" decoding=\"async\" class=\"aligncenter size-full wp-image-5694\" src=\"http:\/\/www.atecordoba.org\/wp-content\/uploads\/2015\/09\/DSC_0052-e1441750704477.jpg\" alt=\"DSC_0052\" width=\"550\" height=\"309\" \/><\/a><\/p>\n<p>Y remarc\u00f3 que en muchas oportunidad son los propios trabajadores del Estado quienes sufren la exclusi\u00f3n, la pobreza y hasta la indigencia. &#8220;Si bien en el Estado nacional hay compa\u00f1eros con muy buenos sueldos, que pueden llegar a los 40 mil pesos, en los municipios del norte provincial hay trabajadores cuyos sueldos los ubican en la l\u00ednea de indigencia. Estos compa\u00f1eros son los que tienen que dar soluciones a los vecinos cada d\u00eda, c\u00f3mo lo van a hacer en esas condiciones&#8221;, plante\u00f3 Barcena.<\/p>\n<p>Por eso, subray\u00f3 que el prop\u00f3sito de ATE\u00a0\u00a0en esta gesti\u00f3n es elevar los pisos salariales y terminar con la precarizaci\u00f3n. Respecto a la pol\u00edtica social del gremio, record\u00f3 la iniciativa para reabrir una escuela en la localidad de Chu\u00f1a, que hab\u00eda sido clausurada durante la gobernaci\u00f3n de Ram\u00f3n Mestre. &#8220;Lo hicimos hace cuatro a\u00f1os cuando llevamos el proyecto de reapertura al Ministerio de Educaci\u00f3n en el anterior gobierno de Schiaretti. Esto demuestra que cuando podemos, est\u00e1 presente el esfuerzo para aportar solidaridad donde se necesita&#8221;, dijo Barcena.<\/p>\n<p>A su turno, Oscar Arias destac\u00f3 la relaci\u00f3n entre el trabajo social y la educaci\u00f3n, y resalt\u00f3 el valor del trabajo como punto de apoyo inicial para dar dignidad al excluido, Luisa Tess destac\u00f3 los programas de educaci\u00f3n para mayores de edad que cumplen el rol de inclusi\u00f3n y el abogado Marcelo Echenique, hice pie\u00a0en la responsabilidad de una formaci\u00f3n acad\u00e9mica que tenga relaci\u00f3n con el entorno social sobre se desarrolla.<\/p>\n<p><a href=\"http:\/\/www.atecordoba.org\/wp-content\/uploads\/2015\/09\/DSC_0060-e1441750737655.jpg\"><img loading=\"lazy\" decoding=\"async\" class=\"aligncenter size-full wp-image-5695\" src=\"http:\/\/www.atecordoba.org\/wp-content\/uploads\/2015\/09\/DSC_0060-e1441750737655.jpg\" alt=\"DSC_0060\" width=\"550\" height=\"309\" \/><\/a><\/p>\n<p>Para finalizar, Espinoza agradeci\u00f3 a los participantes del foro y al p\u00fablico presente y enumer\u00f3 la trayectoria de May\u00e9utica, afirmando que el objetivo es el estudio, investigaci\u00f3n, promoci\u00f3n y producci\u00f3n de pol\u00edticas p\u00fablicas, basado en la responsabilidad y vocaci\u00f3n social.<\/p>\n<p>&nbsp;<\/p>\n","protected":false},"excerpt":{"rendered":"<p>Elegido recientemente como secretario Adjunto del Consejo Directivo Provincial (CDP), el compa\u00f1ero Luis Barcena particip\u00f3 como disertante en el encuentro realizado ayer en la universidad nacional, que organiz\u00f3 la Fundaci\u00f3n May\u00e9utica. Se trat\u00f3 de un foro convocado para abordar la problem\u00e1tica\u00a0conjunta de la educaci\u00f3n y trabajo en sectores vulnerables de C\u00f3rdoba. En la oportunidad estuvo [&hellip;]<\/p>\n","protected":false},"author":1,"featured_media":19220,"comment_status":"open","ping_status":"open","sticky":false,"template":"","format":"standard","meta":{"_exactmetrics_skip_tracking":false,"_exactmetrics_sitenote_active":false,"_exactmetrics_sitenote_note":"","_exactmetrics_sitenote_category":0,"jnews-multi-image_gallery":[],"jnews_single_post":[],"jnews_primary_category":[],"jnews_social_meta":[],"jnews_review":[],"enable_review":"","type":"","name":"","summary":"","brand":"","sku":"","good":[],"bad":[],"score_override":"","override_value":"","rating":[],"price":[],"jnews_override_counter":[],"jnews_post_split":[],"footnotes":""},"categories":[1],"tags":[],"class_list":["post-5692","post","type-post","status-publish","format-standard","has-post-thumbnail","hentry","category-sin-categoria"],"jetpack_featured_media_url":"https:\/\/atecordoba.org\/wp-content\/uploads\/2020\/05\/logo-nuevochico-e1561581322808.png","_links":{"self":[{"href":"https:\/\/atecordoba.org\/index.php?rest_route=\/wp\/v2\/posts\/5692","targetHints":{"allow":["GET"]}}],"collection":[{"href":"https:\/\/atecordoba.org\/index.php?rest_route=\/wp\/v2\/posts"}],"about":[{"href":"https:\/\/atecordoba.org\/index.php?rest_route=\/wp\/v2\/types\/post"}],"author":[{"embeddable":true,"href":"https:\/\/atecordoba.org\/index.php?rest_route=\/wp\/v2\/users\/1"}],"replies":[{"embeddable":true,"href":"https:\/\/atecordoba.org\/index.php?rest_route=%2Fwp%2Fv2%2Fcomments&post=5692"}],"version-history":[{"count":0,"href":"https:\/\/atecordoba.org\/index.php?rest_route=\/wp\/v2\/posts\/5692\/revisions"}],"wp:featuredmedia":[{"embeddable":true,"href":"https:\/\/atecordoba.org\/index.php?rest_route=\/wp\/v2\/media\/19220"}],"wp:attachment":[{"href":"https:\/\/atecordoba.org\/index.php?rest_route=%2Fwp%2Fv2%2Fmedia&parent=5692"}],"wp:term":[{"taxonomy":"category","embeddable":true,"href":"https:\/\/atecordoba.org\/index.php?rest_route=%2Fwp%2Fv2%2Fcategories&post=5692"},{"taxonomy":"post_tag","embeddable":true,"href":"https:\/\/atecordoba.org\/index.php?rest_route=%2Fwp%2Fv2%2Ftags&post=5692"}],"curies":[{"name":"wp","href":"https:\/\/api.w.org\/{rel}","templated":true}]}}