{"id":5678,"date":"2015-09-04T15:52:59","date_gmt":"2015-09-04T18:52:59","guid":{"rendered":"http:\/\/www.atecordoba.org\/?p=5678"},"modified":"2015-09-04T15:52:59","modified_gmt":"2015-09-04T18:52:59","slug":"la-junta-electoral-confirmo-el-amplio-triunfo-de-anusate-en-cordoba","status":"publish","type":"post","link":"https:\/\/atecordoba.org\/?p=5678","title":{"rendered":"La Junta Electoral confirm\u00f3 el amplio triunfo de Anusate en C\u00f3rdoba"},"content":{"rendered":"<p><em>Los afiliados se inclinaron por la lista Verde por m\u00e1s del 80%, seg\u00fan el acta del escrutinio parcial definitivo rubricado por el Ministerio de Trabajo de la Naci\u00f3n, con la firma de los apoderados de todas las listas que participaron de la elecci\u00f3n del pasado 2 de septiembre.<\/em><\/p>\n<p><a href=\"http:\/\/www.atecordoba.org\/wp-content\/uploads\/2015\/09\/IMG_8128-e1441392311161.jpg\"><img loading=\"lazy\" decoding=\"async\" class=\"aligncenter size-full wp-image-5680\" src=\"http:\/\/www.atecordoba.org\/wp-content\/uploads\/2015\/09\/IMG_8128-e1441392311161.jpg\" alt=\"IMG_8128\" width=\"550\" height=\"309\" \/><\/a><\/p>\n<p>&nbsp;<\/p>\n<p>Tal como inform\u00f3 el Consejo Directivo Provincial en la noche del mi\u00e9rcoles pasado, los afiliados de ATE en la provincia de C\u00f3rdoba apoyaron con su voto de forma masiva a la actual conducci\u00f3n que integra la lista Verde Anusate.<\/p>\n<p>De esta forma, se confirma que Mar\u00eda Liliana Salerno y Luis Barcena ejercer\u00e1n como secretaria General y Adjunto respectivamente durante el per\u00edodo 2015-2019. De la misma forma, los compa\u00f1eros ratificaron la confianza a la Verde Anusate para la conducci\u00f3n de las tres seccionales del interior: Cristian Colman continuar\u00e1 en R\u00edo Tercero, Fernando Mercado asumir\u00e1 en Villa Mar\u00eda y Walter Avalos, en R\u00edo Cuarto.<\/p>\n<p>&nbsp;<\/p>\n<p>La Verde Anusate tambi\u00e9n triunf\u00f3 de manera inapelable en el tramo para elegir la conducci\u00f3n del Consejo Directivo Nacional, que ser\u00e1 encabezado por los compa\u00f1eros Hugo Godoy, secretario General, y Julio Fuentes, Adjunto.<\/p>\n<p>Los resultados totales indican que a nivel provincial Anusate obtuvo 87% de los votos, contra el 7% de la lista Verde Azul y el 6% de la Bermell\u00f3n.<\/p>\n<p><a href=\"http:\/\/www.atecordoba.org\/wp-content\/uploads\/2015\/09\/grafico-resultados-CDP1-e1441397599245.png\"><img loading=\"lazy\" decoding=\"async\" class=\"aligncenter size-full wp-image-5687\" src=\"http:\/\/www.atecordoba.org\/wp-content\/uploads\/2015\/09\/grafico-resultados-CDP1-e1441397599245.png\" alt=\"grafico resultados CDP\" width=\"550\" height=\"443\" \/><\/a><\/p>\n<p>En tanto, a para la conducci\u00f3n nacional, donde participaron cinco listas, Anusate se alz\u00f3 con el 83% de los sufragios, contra el 9% de la Verde Blanca (que era Verde Azul en la provincia) y 6% de la Bermell\u00f3n; las listas Gris Roja y Naranja Lila obtuvieron el 1% cada una.<\/p>\n<p>&nbsp;<\/p>\n<p><a href=\"http:\/\/www.atecordoba.org\/wp-content\/uploads\/2015\/09\/grafico-resultados-CDN1-e1441397654339.png\"><img loading=\"lazy\" decoding=\"async\" class=\"aligncenter size-full wp-image-5688\" src=\"http:\/\/www.atecordoba.org\/wp-content\/uploads\/2015\/09\/grafico-resultados-CDN1-e1441397654339.png\" alt=\"grafico resultados CDN\" width=\"550\" height=\"468\" \/><\/a><\/p>\n<p>Por otro lado, en la elecci\u00f3n para elegir la conducci\u00f3n del Centro de Jubilados Nacional Anusate se impuso bajo la denominaci\u00f3n Verde-Violeta, consagrando a la compa\u00f1era Lidia Meza como presidente y a Oscar Cacho Mengarelli como vice.<\/p>\n<p>El escrutinio se realiz\u00f3 en la Junta Electoral Provincial, bajo la fiscalizaci\u00f3n\u00a0del Ministerio de Trabajo de la Naci\u00f3n, y con la presencia de los apoderados de las listas participantes. Los funcionarios de la cartera laboral se retiraron conformes ya que se trat\u00f3 de una elecci\u00f3n limpia y sin ning\u00fan tipo de agresi\u00f3n ni violencia entre las distintas agrupaciones que participaron.<\/p>\n<p>As\u00ed, la masa de afiliados puede tener la absoluta tranquilidad de que su voluntad fue respetada.<\/p>\n<p>&nbsp;<\/p>\n","protected":false},"excerpt":{"rendered":"<p>Los afiliados se inclinaron por la lista Verde por m\u00e1s del 80%, seg\u00fan el acta del escrutinio parcial definitivo rubricado por el Ministerio de Trabajo de la Naci\u00f3n, con la firma de los apoderados de todas las listas que participaron de la elecci\u00f3n del pasado 2 de septiembre. &nbsp; Tal como inform\u00f3 el Consejo Directivo [&hellip;]<\/p>\n","protected":false},"author":1,"featured_media":19220,"comment_status":"open","ping_status":"open","sticky":false,"template":"","format":"standard","meta":{"_exactmetrics_skip_tracking":false,"_exactmetrics_sitenote_active":false,"_exactmetrics_sitenote_note":"","_exactmetrics_sitenote_category":0,"jnews-multi-image_gallery":[],"jnews_single_post":[],"jnews_primary_category":[],"jnews_social_meta":[],"jnews_review":[],"enable_review":"","type":"","name":"","summary":"","brand":"","sku":"","good":[],"bad":[],"score_override":"","override_value":"","rating":[],"price":[],"jnews_override_counter":[],"jnews_post_split":[],"footnotes":""},"categories":[115],"tags":[],"class_list":["post-5678","post","type-post","status-publish","format-standard","has-post-thumbnail","hentry","category-elecciones-ate-2015"],"jetpack_featured_media_url":"https:\/\/atecordoba.org\/wp-content\/uploads\/2020\/05\/logo-nuevochico-e1561581322808.png","_links":{"self":[{"href":"https:\/\/atecordoba.org\/index.php?rest_route=\/wp\/v2\/posts\/5678","targetHints":{"allow":["GET"]}}],"collection":[{"href":"https:\/\/atecordoba.org\/index.php?rest_route=\/wp\/v2\/posts"}],"about":[{"href":"https:\/\/atecordoba.org\/index.php?rest_route=\/wp\/v2\/types\/post"}],"author":[{"embeddable":true,"href":"https:\/\/atecordoba.org\/index.php?rest_route=\/wp\/v2\/users\/1"}],"replies":[{"embeddable":true,"href":"https:\/\/atecordoba.org\/index.php?rest_route=%2Fwp%2Fv2%2Fcomments&post=5678"}],"version-history":[{"count":0,"href":"https:\/\/atecordoba.org\/index.php?rest_route=\/wp\/v2\/posts\/5678\/revisions"}],"wp:featuredmedia":[{"embeddable":true,"href":"https:\/\/atecordoba.org\/index.php?rest_route=\/wp\/v2\/media\/19220"}],"wp:attachment":[{"href":"https:\/\/atecordoba.org\/index.php?rest_route=%2Fwp%2Fv2%2Fmedia&parent=5678"}],"wp:term":[{"taxonomy":"category","embeddable":true,"href":"https:\/\/atecordoba.org\/index.php?rest_route=%2Fwp%2Fv2%2Fcategories&post=5678"},{"taxonomy":"post_tag","embeddable":true,"href":"https:\/\/atecordoba.org\/index.php?rest_route=%2Fwp%2Fv2%2Ftags&post=5678"}],"curies":[{"name":"wp","href":"https:\/\/api.w.org\/{rel}","templated":true}]}}