{"id":5671,"date":"2015-09-03T16:47:19","date_gmt":"2015-09-03T19:47:19","guid":{"rendered":"http:\/\/www.atecordoba.org\/?p=5671"},"modified":"2015-09-03T16:47:19","modified_gmt":"2015-09-03T19:47:19","slug":"rio-segundo-la-eleccion-de-ate-puso-en-crisis-a-la-patota-de-la-federacion-municipal","status":"publish","type":"post","link":"https:\/\/atecordoba.org\/?p=5671","title":{"rendered":"Rio Segundo, la elecci\u00f3n de ATE puso en crisis a la patota de la Federaci\u00f3n Municipal\u00a0 \u00a0"},"content":{"rendered":"<p><em>La irrupci\u00f3n en la elecci\u00f3n de ATE de una banda encabezada por el secretario General de la Federaci\u00f3n de Municipales, Jorge Mart\u00edn, intent\u00f3 entorpecer la voluntad participativa de los afiliados, pero no lo consigui\u00f3.<\/em><\/p>\n<p>Todo sucedi\u00f3 cuando las compa\u00f1eras Anabella B\u00e1rcena, presidenta de la mesa 30V, y Alejandra Agnone, fiscal de la Verde Anusate, instalaron la urna de votaci\u00f3n dentro de la Municipalidad de R\u00edo Segundo.<\/p>\n<p>Mart\u00edn, junto a una patota de alrededor de 10 hombres, irrumpi\u00f3 en el lugar a los gritos e insultos, manoteando los padrones, intentando arrebatar la urna y asegurando que la Municipalidad es \u2018su territorio\u2019, y que por lo tanto deb\u00edan retirarse.<\/p>\n<p>Las dos compa\u00f1eras respondieron que no era as\u00ed y que cumplir\u00edan con la obligaci\u00f3n de garantizar el derecho de los afiliados a emitir su voto. \u00a0Ante el clima de mayor violencia verbal, que aumentaba minuto a minuto, un funcionario municipal intercedi\u00f3 y le requiri\u00f3 a Mart\u00edn que se retirara del lugar. El jefe de la patota lo insult\u00f3 y amenaz\u00f3, dando cuenta del nivel de impunidad con que se maneja, y se trenzaron a golpes. El resultado final fue que todos terminaron en la comisaria de la zona, las compa\u00f1eras haciendo una exposici\u00f3n de la violencia sufrida, incluy\u00f3 violencia de g\u00e9nero.<\/p>\n<p>Finalmente, estando en la sede policial, algunos compa\u00f1eros que no hab\u00edan alcanzado a votar en la municipalidad, se acercaron al lugar para emitir su voto. De esta forma, le demostraron a Mart\u00edn y su patota que no le tienen miedo, que los trabajadores est\u00e1n cansados de las burocracias mafiosas y que ATE es una alternativa de representaci\u00f3n en el sector.<\/p>\n<p>Felicitamos a las compa\u00f1eras Barcena y Agnone por el valor demostrado para defender las convicciones que\u00a0 nos llevan a militar cada d\u00eda en nuestra ATE y a los compa\u00f1eros municipales de R\u00edo Segundo bancan a su organizaci\u00f3n m\u00e1s all\u00e1 de las pretensiones de los violentos.<\/p>\n<p>Repudiamos la actitud cobarde de Jorge Mart\u00edn y los 10 patoteros de atacar a dos mujeres solas. Y destacamos tambi\u00e9n la actitud del funcionario municipal, que defendi\u00f3 a las dos compa\u00f1eras.<\/p>\n","protected":false},"excerpt":{"rendered":"<p>La irrupci\u00f3n en la elecci\u00f3n de ATE de una banda encabezada por el secretario General de la Federaci\u00f3n de Municipales, Jorge Mart\u00edn, intent\u00f3 entorpecer la voluntad participativa de los afiliados, pero no lo consigui\u00f3. Todo sucedi\u00f3 cuando las compa\u00f1eras Anabella B\u00e1rcena, presidenta de la mesa 30V, y Alejandra Agnone, fiscal de la Verde Anusate, instalaron [&hellip;]<\/p>\n","protected":false},"author":1,"featured_media":19220,"comment_status":"open","ping_status":"open","sticky":false,"template":"","format":"standard","meta":{"_exactmetrics_skip_tracking":false,"_exactmetrics_sitenote_active":false,"_exactmetrics_sitenote_note":"","_exactmetrics_sitenote_category":0,"jnews-multi-image_gallery":[],"jnews_single_post":[],"jnews_primary_category":[],"jnews_social_meta":[],"jnews_review":[],"enable_review":"","type":"","name":"","summary":"","brand":"","sku":"","good":[],"bad":[],"score_override":"","override_value":"","rating":[],"price":[],"jnews_override_counter":[],"jnews_post_split":[],"footnotes":""},"categories":[115],"tags":[],"class_list":["post-5671","post","type-post","status-publish","format-standard","has-post-thumbnail","hentry","category-elecciones-ate-2015"],"jetpack_featured_media_url":"https:\/\/atecordoba.org\/wp-content\/uploads\/2020\/05\/logo-nuevochico-e1561581322808.png","_links":{"self":[{"href":"https:\/\/atecordoba.org\/index.php?rest_route=\/wp\/v2\/posts\/5671","targetHints":{"allow":["GET"]}}],"collection":[{"href":"https:\/\/atecordoba.org\/index.php?rest_route=\/wp\/v2\/posts"}],"about":[{"href":"https:\/\/atecordoba.org\/index.php?rest_route=\/wp\/v2\/types\/post"}],"author":[{"embeddable":true,"href":"https:\/\/atecordoba.org\/index.php?rest_route=\/wp\/v2\/users\/1"}],"replies":[{"embeddable":true,"href":"https:\/\/atecordoba.org\/index.php?rest_route=%2Fwp%2Fv2%2Fcomments&post=5671"}],"version-history":[{"count":0,"href":"https:\/\/atecordoba.org\/index.php?rest_route=\/wp\/v2\/posts\/5671\/revisions"}],"wp:featuredmedia":[{"embeddable":true,"href":"https:\/\/atecordoba.org\/index.php?rest_route=\/wp\/v2\/media\/19220"}],"wp:attachment":[{"href":"https:\/\/atecordoba.org\/index.php?rest_route=%2Fwp%2Fv2%2Fmedia&parent=5671"}],"wp:term":[{"taxonomy":"category","embeddable":true,"href":"https:\/\/atecordoba.org\/index.php?rest_route=%2Fwp%2Fv2%2Fcategories&post=5671"},{"taxonomy":"post_tag","embeddable":true,"href":"https:\/\/atecordoba.org\/index.php?rest_route=%2Fwp%2Fv2%2Ftags&post=5671"}],"curies":[{"name":"wp","href":"https:\/\/api.w.org\/{rel}","templated":true}]}}