{"id":5654,"date":"2015-09-03T00:59:41","date_gmt":"2015-09-03T03:59:41","guid":{"rendered":"http:\/\/www.atecordoba.org\/?p=5654"},"modified":"2015-09-03T00:59:41","modified_gmt":"2015-09-03T03:59:41","slug":"triunfo-inapelable-de-anusate-en-las-elecciones-realizadas-hoy","status":"publish","type":"post","link":"https:\/\/atecordoba.org\/?p=5654","title":{"rendered":"Triunfo inapelable de ANUSATE en las elecciones realizadas ayer"},"content":{"rendered":"<p><em>Con una participaci\u00f3n superior al 50% del padr\u00f3n, al filo de la medianoche la lista verde Anusate en C\u00f3rdoba, seg\u00fan los resultados provisorios, lograba ocho de cada 10 votos emitidos. Mar\u00eda Liliana Salerno\u00a0result\u00f3 elegida como secretaria General, acompa\u00f1ada por Luis Barcena como secretario Adjunto. A su vez, Mar\u00eda Teresa Romero ser\u00e1 la nueva secretaria de Formaci\u00f3n en el Consejo Directivo Nacional (CDP) que conducir\u00e1 Hugo Godoy, que se impuso en todo el pa\u00eds a la lista Verde Blanca, avalada por el gobierno\u00a0nacional.\u00a0<\/em><\/p>\n<figure id=\"attachment_5655\" aria-describedby=\"caption-attachment-5655\" style=\"width: 550px\" class=\"wp-caption aligncenter\"><a href=\"http:\/\/www.atecordoba.org\/wp-content\/uploads\/2015\/09\/DSC_0043-e1441252023986.jpg\"><img loading=\"lazy\" decoding=\"async\" class=\"wp-image-5655 size-full\" src=\"http:\/\/www.atecordoba.org\/wp-content\/uploads\/2015\/09\/DSC_0043-e1441252023986.jpg\" alt=\"DSC_0043\" width=\"550\" height=\"309\" \/><\/a><figcaption id=\"caption-attachment-5655\" class=\"wp-caption-text\">Luis Barcena y Mar\u00eda Liliana Salerno, encabezar\u00e1n la nueva conducci\u00f3n de ATE C\u00f3rdoba.<\/figcaption><\/figure>\n<p>Una larga e intensa jornada electoral vivi\u00f3 ATE desde las primeras horas de ayer, cuando se abrieron las 76 mesas dispuestas para que los afiliados elijan la conducci\u00f3n que guiar\u00e1\u00a0los destino de nuestro gremio.<\/p>\n<p>Al concluir el d\u00eda, los c\u00f3mputos, aun parciales,\u00a0confirmaron los vaticinios previos y la f\u00f3rmula de Mar\u00eda Liliana Salerno y Luis Barcena se impuso claramente a las listas Verde Azul\u00a0-segunda y versi\u00f3n local de la Verde Blanca que impuls\u00f3 el gobierno nacional para el Consejo Directivo Nacional- y la\u00a0lista Bermell\u00f3n.<\/p>\n<p><a href=\"http:\/\/www.atecordoba.org\/wp-content\/uploads\/2015\/09\/DSC_0040-e1441252113344.jpg\"><img loading=\"lazy\" decoding=\"async\" class=\"aligncenter size-full wp-image-5656\" src=\"http:\/\/www.atecordoba.org\/wp-content\/uploads\/2015\/09\/DSC_0040-e1441252113344.jpg\" alt=\"DSC_0040\" width=\"550\" height=\"309\" \/><\/a><\/p>\n<p>&#8220;Hicimos una excelente elecci\u00f3n, con una alta participaci\u00f3n del padr\u00f3n. Los compa\u00f1eros acompa\u00f1aron una vez m\u00e1s a Anusate y nos da un fuerte \u00e1nimo para continuar trabajando en la linea hist\u00f3rica de nuestro gremio en la defensa del trabajador \u00a0estatal&#8221;, asegur\u00f3 Mar\u00eda Liliana Salerno, en medio de la algarab\u00eda de los festejos por un triunfo inapelable, con m\u00e1s del 80% de los sufragios.<\/p>\n<p>Se trat\u00f3 de una fiesta de la democracia sindical, expresada no s\u00f3lo por la alta participaci\u00f3n sino tambi\u00e9n por la transparencia y la falta de denuncias, que previamente se avizoraban como una lluvia de impugnaciones que nunca sucedi\u00f3.<\/p>\n<p>&#8220;Los compa\u00f1eros ratificaron la confianza en una conducci\u00f3n que viene trabajando de forma honesta e id\u00f3nea \u00a0durante todos estos a\u00f1os. Somos parte de un proyecto de defensa del trabajador y de autonom\u00eda sindical de los gobiernos y los partidos pol\u00edticos que fue cuestionada sin fundamentos serios por otras listas. Los compa\u00f1eros\u00a0saben que somos como ellos, que vivimos como ellos, que en ATE no hay dirigentes ricos y afiliados pobres. Por eso tenemos la legitimidad para seguir conduciendo y luchando por los derechos de los trabajadores, sean nacionales, provinciales o municipales&#8221;, reflexion\u00f3 Luis B\u00e1rcena, nuevo secretario Adjunto de ATE C\u00f3rdoba.<\/p>\n<figure id=\"attachment_5657\" aria-describedby=\"caption-attachment-5657\" style=\"width: 550px\" class=\"wp-caption aligncenter\"><a href=\"http:\/\/www.atecordoba.org\/wp-content\/uploads\/2015\/09\/DSC_0047-e1441252162855.jpg\"><img loading=\"lazy\" decoding=\"async\" class=\"wp-image-5657 size-full\" src=\"http:\/\/www.atecordoba.org\/wp-content\/uploads\/2015\/09\/DSC_0047-e1441252162855.jpg\" alt=\"DSC_0047\" width=\"550\" height=\"309\" \/><\/a><figcaption id=\"caption-attachment-5657\" class=\"wp-caption-text\">Francisco Pavan, referente de los no docentes de la Universidad Nacional de C\u00f3rdoba, se impuso claramente en el sector, de donde proven\u00eda el candidato a secretario General de la Verde Azul.<\/figcaption><\/figure>\n<p>Por su parte, Salerno agreg\u00f3 que la nueva conducci\u00f3n &#8220;ser\u00e1 la comisi\u00f3n directiva de todos los afiliados, los que nos votaron y los que no lo hicieron. Sabemos que se vienen tiempos de lucha y es muy importante reforzar la unidad en el gremio. Vamos a conducir el gremio para contener a todos los compa\u00f1eros&#8221;.<\/p>\n<p>La elecci\u00f3n tambi\u00e9n ratific\u00f3 el apoyo a la lista Anusate en las seccionales. En Villa Mar\u00eda, Fernando Mercado ser\u00e1 el nuevo secretario General, sucediendo a Walter Secondino, ambos de la F\u00e1brica Militar de P\u00f3lvora y Explosivos. \u00a0A su vez, R\u00edo Tercero reeligi\u00f3 a Cristian Colman, tambi\u00e9n de la F\u00e1brica Militar. En tanto, en R\u00edo Cuarto, Anusate dio el triunfo al compa\u00f1ero Walter Avalos, del Senasa, que reemplaza a Federico Giuliani.<\/p>\n<figure id=\"attachment_5659\" aria-describedby=\"caption-attachment-5659\" style=\"width: 550px\" class=\"wp-caption aligncenter\"><a href=\"http:\/\/www.atecordoba.org\/wp-content\/uploads\/2015\/09\/DSC_0057-e1441252332234.jpg\"><img loading=\"lazy\" decoding=\"async\" class=\"wp-image-5659 size-full\" src=\"http:\/\/www.atecordoba.org\/wp-content\/uploads\/2015\/09\/DSC_0057-e1441252332234.jpg\" alt=\"DSC_0057\" width=\"550\" height=\"309\" \/><\/a><figcaption id=\"caption-attachment-5659\" class=\"wp-caption-text\">Las compa\u00f1eras Mar\u00eda Terragno, abogada de ATE, y Elvira Reyna, administrativa, puntales del triunfo con su trabajo durante la jornada electoral.<\/figcaption><\/figure>\n<p>&nbsp;<\/p>\n<p>&nbsp;<\/p>\n<p><strong>Gan\u00f3 Cachorro, Romero a la conducci\u00f3n nacional<\/strong><\/p>\n<p>Distinta, por disputada, fue la elecci\u00f3n a nivel nacional, donde Hugo Cachorro Godoy, finalmente se impuso a la lista progubernamental que llev\u00f3 como cabeza al dirigente jujue\u00f1o Fernando Acosta.<\/p>\n<figure id=\"attachment_5660\" aria-describedby=\"caption-attachment-5660\" style=\"width: 550px\" class=\"wp-caption aligncenter\"><a href=\"http:\/\/www.atecordoba.org\/wp-content\/uploads\/2015\/09\/cachorro-e1441252504237.jpg\"><img loading=\"lazy\" decoding=\"async\" class=\"wp-image-5660 size-full\" src=\"http:\/\/www.atecordoba.org\/wp-content\/uploads\/2015\/09\/cachorro-e1441252504237.jpg\" alt=\"cachorro\" width=\"550\" height=\"454\" \/><\/a><figcaption id=\"caption-attachment-5660\" class=\"wp-caption-text\">Hugo Godoy, nuevo secretario General del Consejo Directivo Nacional de ATE.<\/figcaption><\/figure>\n<p>Godoy sali\u00f3 victorioso en la mayor\u00eda de las provincias del pa\u00eds pero fue el triunfo holgado en la provincia de Buenos Aires lo que inclin\u00f3 la balanza de la elecci\u00f3n. Se produjeron victorias de Anusate en distritos muy dif\u00edciles como Entre R\u00edos, Salta y Santa Cruz, tierra de Edgardo Depetris.<\/p>\n<figure id=\"attachment_5661\" aria-describedby=\"caption-attachment-5661\" style=\"width: 309px\" class=\"wp-caption aligncenter\"><a href=\"http:\/\/www.atecordoba.org\/wp-content\/uploads\/2015\/09\/Maria-Teresa-romero-sec-gral-ate-cordoba-e1441252574539.jpg\"><img loading=\"lazy\" decoding=\"async\" class=\"wp-image-5661\" src=\"http:\/\/www.atecordoba.org\/wp-content\/uploads\/2015\/09\/Maria-Teresa-romero-sec-gral-ate-cordoba-168x300.jpg\" alt=\"Maria Teresa romero - sec gral ate cordoba\" width=\"309\" height=\"550\" \/><\/a><figcaption id=\"caption-attachment-5661\" class=\"wp-caption-text\">Mar\u00eda Teresa Romero, al momento de votar en su sector de trabajo, el Ministerio de Educaci\u00f3n de la Provincia.<\/figcaption><\/figure>\n<p>En consecuencia, Mar\u00eda Teresa Romero ser\u00e1 la nueva secretaria de Formaci\u00f3n del CDN, despu\u00e9s de conducir ATE C\u00f3rdoba por dos periodos.<\/p>\n","protected":false},"excerpt":{"rendered":"<p>Con una participaci\u00f3n superior al 50% del padr\u00f3n, al filo de la medianoche la lista verde Anusate en C\u00f3rdoba, seg\u00fan los resultados provisorios, lograba ocho de cada 10 votos emitidos. Mar\u00eda Liliana Salerno\u00a0result\u00f3 elegida como secretaria General, acompa\u00f1ada por Luis Barcena como secretario Adjunto. A su vez, Mar\u00eda Teresa Romero ser\u00e1 la nueva secretaria de [&hellip;]<\/p>\n","protected":false},"author":1,"featured_media":19220,"comment_status":"open","ping_status":"open","sticky":false,"template":"","format":"standard","meta":{"_exactmetrics_skip_tracking":false,"_exactmetrics_sitenote_active":false,"_exactmetrics_sitenote_note":"","_exactmetrics_sitenote_category":0,"jnews-multi-image_gallery":[],"jnews_single_post":[],"jnews_primary_category":[],"jnews_social_meta":[],"jnews_review":[],"enable_review":"","type":"","name":"","summary":"","brand":"","sku":"","good":[],"bad":[],"score_override":"","override_value":"","rating":[],"price":[],"jnews_override_counter":[],"jnews_post_split":[],"footnotes":""},"categories":[115],"tags":[],"class_list":["post-5654","post","type-post","status-publish","format-standard","has-post-thumbnail","hentry","category-elecciones-ate-2015"],"jetpack_featured_media_url":"https:\/\/atecordoba.org\/wp-content\/uploads\/2020\/05\/logo-nuevochico-e1561581322808.png","_links":{"self":[{"href":"https:\/\/atecordoba.org\/index.php?rest_route=\/wp\/v2\/posts\/5654","targetHints":{"allow":["GET"]}}],"collection":[{"href":"https:\/\/atecordoba.org\/index.php?rest_route=\/wp\/v2\/posts"}],"about":[{"href":"https:\/\/atecordoba.org\/index.php?rest_route=\/wp\/v2\/types\/post"}],"author":[{"embeddable":true,"href":"https:\/\/atecordoba.org\/index.php?rest_route=\/wp\/v2\/users\/1"}],"replies":[{"embeddable":true,"href":"https:\/\/atecordoba.org\/index.php?rest_route=%2Fwp%2Fv2%2Fcomments&post=5654"}],"version-history":[{"count":0,"href":"https:\/\/atecordoba.org\/index.php?rest_route=\/wp\/v2\/posts\/5654\/revisions"}],"wp:featuredmedia":[{"embeddable":true,"href":"https:\/\/atecordoba.org\/index.php?rest_route=\/wp\/v2\/media\/19220"}],"wp:attachment":[{"href":"https:\/\/atecordoba.org\/index.php?rest_route=%2Fwp%2Fv2%2Fmedia&parent=5654"}],"wp:term":[{"taxonomy":"category","embeddable":true,"href":"https:\/\/atecordoba.org\/index.php?rest_route=%2Fwp%2Fv2%2Fcategories&post=5654"},{"taxonomy":"post_tag","embeddable":true,"href":"https:\/\/atecordoba.org\/index.php?rest_route=%2Fwp%2Fv2%2Ftags&post=5654"}],"curies":[{"name":"wp","href":"https:\/\/api.w.org\/{rel}","templated":true}]}}