{"id":5651,"date":"2015-09-02T21:03:10","date_gmt":"2015-09-03T00:03:10","guid":{"rendered":"http:\/\/www.atecordoba.org\/?p=5651"},"modified":"2015-09-02T21:03:10","modified_gmt":"2015-09-03T00:03:10","slug":"elecciones-de-ate-la-participacion-supera-el-60-del-padron-en-la-provincia","status":"publish","type":"post","link":"https:\/\/atecordoba.org\/?p=5651","title":{"rendered":"Elecciones de ATE: La participaci\u00f3n supera el 60% del padr\u00f3n en la provincia"},"content":{"rendered":"<p><em>Los afiliados respondieron en gran medida a la convocatoria de ATE para renovar la conducci\u00f3n, que ejercer\u00e1 funciones por los pr\u00f3ximos cuatro a\u00f1os.<\/em><\/p>\n<p><a href=\"http:\/\/www.atecordoba.org\/wp-content\/uploads\/2015\/09\/mesa-no-docentes-universidad-nacional-C\u00f3rdoba-e1441238445643.jpg\"><img loading=\"lazy\" decoding=\"async\" class=\"aligncenter size-full wp-image-5652\" src=\"http:\/\/www.atecordoba.org\/wp-content\/uploads\/2015\/09\/mesa-no-docentes-universidad-nacional-C\u00f3rdoba-e1441238445643.jpg\" alt=\"mesa no docentes universidad nacional C\u00f3rdoba\" width=\"550\" height=\"413\" \/><\/a><\/p>\n<p>Al cierre del comicio, que se produjo a las 20 horas, tanto en C\u00f3rdoba Capital y el norte provincial, como en las tres seccionales (Villa Mar\u00eda, R\u00edo Tercero y R\u00edo Cuarto) la respuesta de los afiliados\u00a0fue masiva, dando cuenta de la legitimidad que tendr\u00e1n los compa\u00f1eros que encabecen la pr\u00f3xima conducci\u00f3n de ATE, tanto a nivel nacional como provincial.<\/p>\n<p>Se trata de un nuevo respaldo a la democracia interna de nuestro gremio, donde se destac\u00f3 la pac\u00edfica convivencia entre las tres listas que disputan la elecci\u00f3n en la provincia. Salvo dos incidentes que se produjeron con personajes extra\u00f1os a nuestra ATE, toda la participaci\u00f3n durante el comicio se desarroll\u00f3 sin ning\u00fan tipo de incidentes.<\/p>\n<p>Vale se\u00f1alar que las agrupaciones que intervienen en el proceso electoral pudieron fiscalizar las mesas dispuestas a lo largo y ancho de la provincia, conforme los cuerpos de fiscales que dispusieron para la oportunidad de acuerdo a la reglamentaci\u00f3n establecida por la Junta Electoral.<\/p>\n<p>Ahora, a la espera de los resultados que expresen las urnas, todo ATE puede festejar una nueva jornada de democracia interna.<\/p>\n","protected":false},"excerpt":{"rendered":"<p>Los afiliados respondieron en gran medida a la convocatoria de ATE para renovar la conducci\u00f3n, que ejercer\u00e1 funciones por los pr\u00f3ximos cuatro a\u00f1os. Al cierre del comicio, que se produjo a las 20 horas, tanto en C\u00f3rdoba Capital y el norte provincial, como en las tres seccionales (Villa Mar\u00eda, R\u00edo Tercero y R\u00edo Cuarto) la [&hellip;]<\/p>\n","protected":false},"author":1,"featured_media":19220,"comment_status":"open","ping_status":"open","sticky":false,"template":"","format":"standard","meta":{"_exactmetrics_skip_tracking":false,"_exactmetrics_sitenote_active":false,"_exactmetrics_sitenote_note":"","_exactmetrics_sitenote_category":0,"jnews-multi-image_gallery":[],"jnews_single_post":[],"jnews_primary_category":[],"jnews_social_meta":[],"jnews_review":[],"enable_review":"","type":"","name":"","summary":"","brand":"","sku":"","good":[],"bad":[],"score_override":"","override_value":"","rating":[],"price":[],"jnews_override_counter":[],"jnews_post_split":[],"footnotes":""},"categories":[115],"tags":[],"class_list":["post-5651","post","type-post","status-publish","format-standard","has-post-thumbnail","hentry","category-elecciones-ate-2015"],"jetpack_featured_media_url":"https:\/\/atecordoba.org\/wp-content\/uploads\/2020\/05\/logo-nuevochico-e1561581322808.png","_links":{"self":[{"href":"https:\/\/atecordoba.org\/index.php?rest_route=\/wp\/v2\/posts\/5651","targetHints":{"allow":["GET"]}}],"collection":[{"href":"https:\/\/atecordoba.org\/index.php?rest_route=\/wp\/v2\/posts"}],"about":[{"href":"https:\/\/atecordoba.org\/index.php?rest_route=\/wp\/v2\/types\/post"}],"author":[{"embeddable":true,"href":"https:\/\/atecordoba.org\/index.php?rest_route=\/wp\/v2\/users\/1"}],"replies":[{"embeddable":true,"href":"https:\/\/atecordoba.org\/index.php?rest_route=%2Fwp%2Fv2%2Fcomments&post=5651"}],"version-history":[{"count":0,"href":"https:\/\/atecordoba.org\/index.php?rest_route=\/wp\/v2\/posts\/5651\/revisions"}],"wp:featuredmedia":[{"embeddable":true,"href":"https:\/\/atecordoba.org\/index.php?rest_route=\/wp\/v2\/media\/19220"}],"wp:attachment":[{"href":"https:\/\/atecordoba.org\/index.php?rest_route=%2Fwp%2Fv2%2Fmedia&parent=5651"}],"wp:term":[{"taxonomy":"category","embeddable":true,"href":"https:\/\/atecordoba.org\/index.php?rest_route=%2Fwp%2Fv2%2Fcategories&post=5651"},{"taxonomy":"post_tag","embeddable":true,"href":"https:\/\/atecordoba.org\/index.php?rest_route=%2Fwp%2Fv2%2Ftags&post=5651"}],"curies":[{"name":"wp","href":"https:\/\/api.w.org\/{rel}","templated":true}]}}