{"id":5648,"date":"2015-09-02T17:18:46","date_gmt":"2015-09-02T20:18:46","guid":{"rendered":"http:\/\/www.atecordoba.org\/?p=5648"},"modified":"2015-09-02T17:18:46","modified_gmt":"2015-09-02T20:18:46","slug":"elecciones-de-ate-el-comicio-transcurre-con-normalidad","status":"publish","type":"post","link":"https:\/\/atecordoba.org\/?p=5648","title":{"rendered":"Elecciones de ATE: el comicio transcurre con normalidad"},"content":{"rendered":"<p><em>Despu\u00e9s de 9 horas del inicio del acto eleccionario, la jornada transcurre con normalidad y los compa\u00f1eros est\u00e1n votando sin inconvenientes.<\/em><\/p>\n<p><a href=\"http:\/\/www.atecordoba.org\/wp-content\/uploads\/2015\/09\/IMG_20150902_135944_625-e1441225106581.jpg\"><img loading=\"lazy\" decoding=\"async\" class=\"aligncenter size-full wp-image-5649\" src=\"http:\/\/www.atecordoba.org\/wp-content\/uploads\/2015\/09\/IMG_20150902_135944_625-e1441225106581.jpg\" alt=\"IMG_20150902_135944_625\" width=\"550\" height=\"309\" \/><\/a><\/p>\n<p>Tanto en los organismos nacionales como en los provinciales, los estatales asisten a ejercer su derecho democr\u00e1tico a elegir la conducci\u00f3n de nuestra ATE. Otro tanto sucede en los municipios donde nuestro gremio cuenta con afiliados, salvo el lamentable incidente ocurrido en Rio Segundo con una patota de otro gremio que intent\u00f3 empa\u00f1ar la elecci\u00f3n en dicha localidad.<\/p>\n<p>A los efectos de mantener informada a la masa de nuestros afiliados y a la comunidad en general, nuestra secretaria General, Mar\u00eda Teresa Romero, se\u00f1al\u00f3 que \u201cestamos muy felices por la concurrencia de los compa\u00f1eros. La votaci\u00f3n es importante en toda la provincia, tambi\u00e9n en organismos como ANSES o PAMI que en este momento se encuentran en plan de lucha\u201d.<\/p>\n<p>La transparencia del comicio est\u00e1 garantizada por la fiscalizaci\u00f3n conjunta de todas las listas participantes, conforme lo reglamentado por la Junta Electoral.<\/p>\n<p style=\"text-align: right;\">Mar\u00eda Teresa Romero<\/p>\n<p style=\"text-align: right;\">Secretaria General<\/p>\n","protected":false},"excerpt":{"rendered":"<p>Despu\u00e9s de 9 horas del inicio del acto eleccionario, la jornada transcurre con normalidad y los compa\u00f1eros est\u00e1n votando sin inconvenientes. Tanto en los organismos nacionales como en los provinciales, los estatales asisten a ejercer su derecho democr\u00e1tico a elegir la conducci\u00f3n de nuestra ATE. Otro tanto sucede en los municipios donde nuestro gremio cuenta [&hellip;]<\/p>\n","protected":false},"author":1,"featured_media":19220,"comment_status":"open","ping_status":"open","sticky":false,"template":"","format":"standard","meta":{"_exactmetrics_skip_tracking":false,"_exactmetrics_sitenote_active":false,"_exactmetrics_sitenote_note":"","_exactmetrics_sitenote_category":0,"jnews-multi-image_gallery":[],"jnews_single_post":[],"jnews_primary_category":[],"jnews_social_meta":[],"jnews_review":[],"enable_review":"","type":"","name":"","summary":"","brand":"","sku":"","good":[],"bad":[],"score_override":"","override_value":"","rating":[],"price":[],"jnews_override_counter":[],"jnews_post_split":[],"footnotes":""},"categories":[115],"tags":[],"class_list":["post-5648","post","type-post","status-publish","format-standard","has-post-thumbnail","hentry","category-elecciones-ate-2015"],"jetpack_featured_media_url":"https:\/\/atecordoba.org\/wp-content\/uploads\/2020\/05\/logo-nuevochico-e1561581322808.png","_links":{"self":[{"href":"https:\/\/atecordoba.org\/index.php?rest_route=\/wp\/v2\/posts\/5648","targetHints":{"allow":["GET"]}}],"collection":[{"href":"https:\/\/atecordoba.org\/index.php?rest_route=\/wp\/v2\/posts"}],"about":[{"href":"https:\/\/atecordoba.org\/index.php?rest_route=\/wp\/v2\/types\/post"}],"author":[{"embeddable":true,"href":"https:\/\/atecordoba.org\/index.php?rest_route=\/wp\/v2\/users\/1"}],"replies":[{"embeddable":true,"href":"https:\/\/atecordoba.org\/index.php?rest_route=%2Fwp%2Fv2%2Fcomments&post=5648"}],"version-history":[{"count":0,"href":"https:\/\/atecordoba.org\/index.php?rest_route=\/wp\/v2\/posts\/5648\/revisions"}],"wp:featuredmedia":[{"embeddable":true,"href":"https:\/\/atecordoba.org\/index.php?rest_route=\/wp\/v2\/media\/19220"}],"wp:attachment":[{"href":"https:\/\/atecordoba.org\/index.php?rest_route=%2Fwp%2Fv2%2Fmedia&parent=5648"}],"wp:term":[{"taxonomy":"category","embeddable":true,"href":"https:\/\/atecordoba.org\/index.php?rest_route=%2Fwp%2Fv2%2Fcategories&post=5648"},{"taxonomy":"post_tag","embeddable":true,"href":"https:\/\/atecordoba.org\/index.php?rest_route=%2Fwp%2Fv2%2Ftags&post=5648"}],"curies":[{"name":"wp","href":"https:\/\/api.w.org\/{rel}","templated":true}]}}