{"id":5645,"date":"2015-09-02T10:21:28","date_gmt":"2015-09-02T13:21:28","guid":{"rendered":"http:\/\/www.atecordoba.org\/?p=5645"},"modified":"2015-09-02T10:21:28","modified_gmt":"2015-09-02T13:21:28","slug":"elecciones-de-ate-militantes-de-la-campora-pretenden-intervenir-en-la-fiscalizacion-a-pesar-de-no-ser-afiliados","status":"publish","type":"post","link":"https:\/\/atecordoba.org\/?p=5645","title":{"rendered":"Elecciones de ATE: militantes de La Campora pretenden intervenir en la fiscalizaci\u00f3n, a pesar de no ser afiliados"},"content":{"rendered":"<p><em>En el marco de las elecciones que se desarrollan hoy en ATE, el Consejo Directivo Provincial denuncia que militantes de la organizaci\u00f3n oficialista \u2018La Campora\u2019 han intentado intervenir en la fiscalizaci\u00f3n de la elecci\u00f3n.<\/em><\/p>\n<p><a href=\"http:\/\/www.atecordoba.org\/wp-content\/uploads\/2015\/09\/urna1.jpg\"><img loading=\"lazy\" decoding=\"async\" class=\"aligncenter size-full wp-image-5646\" src=\"http:\/\/www.atecordoba.org\/wp-content\/uploads\/2015\/09\/urna1.jpg\" alt=\"urna\" width=\"620\" height=\"405\" \/><\/a><\/p>\n<p>Repudiamos esta injerencia externa en la vida democr\u00e1tica de ATE. Esta situaci\u00f3n no es admisible, cuando\u00a0estos militantes no est\u00e1n afiliados a nuestro gremio ya que s\u00f3lo pueden cumplir funciones de fiscales de las lista que participan, aquellos compa\u00f1eros est\u00e9n afiliados.<\/p>\n<p>Situaciones de este tipo se han podido detectar en determinadas mesas ubicadas en las localidades de Cruz del Eje, San Francisco y Oliva. La junta electoral ya se expidi\u00f3 al respecto y rechaz\u00f3 cualquier injerencia externa a nuestro gremio en las elecciones, para garantizar la transparencia de comicio a los fines que se respete la voluntad de los afiliados.<\/p>\n<p>En consecuencia, cualquier intento de perturbar esta jornada de ejercicio democr\u00e1tico interno que los afiliados de ATE nos encontramos realizando hoy, no ser\u00e1 admitido.<\/p>\n<h3>Apertura de mesas<\/h3>\n<p>Por otro lado, informamos a las 10 horas se encuentran abiertas las 76 mesas dispuestas para que los compa\u00f1eros puedan ejercer el derecho a elegir su conducci\u00f3n, con sus respectivos presidentes y fiscales habilitados de las listas participantes.<\/p>\n<p>En la provincia de C\u00f3rdoba est\u00e1n habilitados, conforme el padr\u00f3n de la Junta Electoral, 7400 afiliados. En todo el pa\u00eds, son 254 mil los afiliados en condiciones de participar en la elecci\u00f3n.<\/p>\n<p>La jornada electoral se extender\u00e1 hasta las 20 horas.<\/p>\n<p>&nbsp;<\/p>\n<p style=\"text-align: right;\">Mar\u00eda Teresa Romero<\/p>\n<p style=\"text-align: right;\">Secretaria General<\/p>\n<p>&nbsp;<\/p>\n","protected":false},"excerpt":{"rendered":"<p>En el marco de las elecciones que se desarrollan hoy en ATE, el Consejo Directivo Provincial denuncia que militantes de la organizaci\u00f3n oficialista \u2018La Campora\u2019 han intentado intervenir en la fiscalizaci\u00f3n de la elecci\u00f3n. Repudiamos esta injerencia externa en la vida democr\u00e1tica de ATE. Esta situaci\u00f3n no es admisible, cuando\u00a0estos militantes no est\u00e1n afiliados a [&hellip;]<\/p>\n","protected":false},"author":1,"featured_media":19220,"comment_status":"open","ping_status":"open","sticky":false,"template":"","format":"standard","meta":{"_exactmetrics_skip_tracking":false,"_exactmetrics_sitenote_active":false,"_exactmetrics_sitenote_note":"","_exactmetrics_sitenote_category":0,"jnews-multi-image_gallery":[],"jnews_single_post":[],"jnews_primary_category":[],"jnews_social_meta":[],"jnews_review":[],"enable_review":"","type":"","name":"","summary":"","brand":"","sku":"","good":[],"bad":[],"score_override":"","override_value":"","rating":[],"price":[],"jnews_override_counter":[],"jnews_post_split":[],"footnotes":""},"categories":[115],"tags":[],"class_list":["post-5645","post","type-post","status-publish","format-standard","has-post-thumbnail","hentry","category-elecciones-ate-2015"],"jetpack_featured_media_url":"https:\/\/atecordoba.org\/wp-content\/uploads\/2020\/05\/logo-nuevochico-e1561581322808.png","_links":{"self":[{"href":"https:\/\/atecordoba.org\/index.php?rest_route=\/wp\/v2\/posts\/5645","targetHints":{"allow":["GET"]}}],"collection":[{"href":"https:\/\/atecordoba.org\/index.php?rest_route=\/wp\/v2\/posts"}],"about":[{"href":"https:\/\/atecordoba.org\/index.php?rest_route=\/wp\/v2\/types\/post"}],"author":[{"embeddable":true,"href":"https:\/\/atecordoba.org\/index.php?rest_route=\/wp\/v2\/users\/1"}],"replies":[{"embeddable":true,"href":"https:\/\/atecordoba.org\/index.php?rest_route=%2Fwp%2Fv2%2Fcomments&post=5645"}],"version-history":[{"count":0,"href":"https:\/\/atecordoba.org\/index.php?rest_route=\/wp\/v2\/posts\/5645\/revisions"}],"wp:featuredmedia":[{"embeddable":true,"href":"https:\/\/atecordoba.org\/index.php?rest_route=\/wp\/v2\/media\/19220"}],"wp:attachment":[{"href":"https:\/\/atecordoba.org\/index.php?rest_route=%2Fwp%2Fv2%2Fmedia&parent=5645"}],"wp:term":[{"taxonomy":"category","embeddable":true,"href":"https:\/\/atecordoba.org\/index.php?rest_route=%2Fwp%2Fv2%2Fcategories&post=5645"},{"taxonomy":"post_tag","embeddable":true,"href":"https:\/\/atecordoba.org\/index.php?rest_route=%2Fwp%2Fv2%2Ftags&post=5645"}],"curies":[{"name":"wp","href":"https:\/\/api.w.org\/{rel}","templated":true}]}}