{"id":5639,"date":"2015-09-01T13:56:40","date_gmt":"2015-09-01T16:56:40","guid":{"rendered":"http:\/\/www.atecordoba.org\/?p=5639"},"modified":"2015-09-01T13:56:40","modified_gmt":"2015-09-01T16:56:40","slug":"observadores-internacionales-participaran-en-la-eleccion-de-ate","status":"publish","type":"post","link":"https:\/\/atecordoba.org\/?p=5639","title":{"rendered":"Observadores internacionales participar\u00e1n en la elecci\u00f3n de ATE"},"content":{"rendered":"<p><em>La Junta Electoral Nacional de ATE invit\u00f3 a delegados internacionales a participar como observadores de la elecci\u00f3n que el sindicato llevar\u00e1 adelante ma\u00f1ana 2 de septiembre. Se trata de representantes de distintas Centrales Sindicales de Latinoam\u00e9rica y el Caribe y de Europa que llegaron ayer a la Argentina.<\/em><\/p>\n<p><a href=\"http:\/\/www.atecordoba.org\/wp-content\/uploads\/2015\/09\/urna.jpg\"><img loading=\"lazy\" decoding=\"async\" class=\"aligncenter  wp-image-5640\" src=\"http:\/\/www.atecordoba.org\/wp-content\/uploads\/2015\/09\/urna.jpg\" alt=\"urna\" width=\"551\" height=\"389\" \/><\/a><\/p>\n<p>Desde hoy 1\u00ba de septiembre trabajan interioriz\u00e1ndose sobre el proceso electoral y el d\u00eda 2, a partir de las 6 hs., estar\u00e1n presentes en distintos puntos donde se realice la votaci\u00f3n, constatando la pluralidad y transparencia del comicio.<\/p>\n<p>El Secretario de Relaciones Internacionales de la CTA Aut\u00f3noma, Adolfo Aguirre y el responsable de Relaciones Institucionales de ATE, H\u00e9ctor M\u00e9ndez fueron quienes realizaron las gestiones para la participaci\u00f3n de los observadores internacionales.<\/p>\n<p>\u201cEstos observadores, algunos provenientes de pa\u00edses latinoamericanos como M\u00e9xico, Colombia, Per\u00fa, Brasil, Paraguay y Uruguay, van a ser distribuidos en diversos lugares, entre ellos Ciudad Aut\u00f3noma de Buenos Aires, La Plata, Ensenada y el Gran Buenos Aires\u201d, inform\u00f3 Aguirre. Tambi\u00e9n precis\u00f3: \u201cHan sido invitados por la Junta Electoral Nacional del gremio, para verificar que el proceso eleccionario transcurra de manera plural y transparente\u201d.<\/p>\n<p>El dirigente miembro de la conducci\u00f3n de la CTA explic\u00f3: \u201cLa implementaci\u00f3n de observadores internacionales es un formato que se utiliza para elecciones internacionales o de Naciones Unidas. Este caso se da por la dimensi\u00f3n que tiene la elecci\u00f3n de autoridades dentro de la Asociaci\u00f3n Trabajadores del Estado en todo el pa\u00eds; para la cual hay m\u00e1s de 450 listas oficializadas, cerca de 3000 mesas habilitadas para la votaci\u00f3n y 5 listas compitiendo a nivel nacional\u201d.<\/p>\n<p>\u201cLos observadores trabajar\u00e1n todo el d\u00eda 2 y cuando termine la votaci\u00f3n har\u00e1n un informe ante la Junta Electoral Nacional, \u00fanica autoridad elegida por el Congreso Nacional de ATE para esta instancia\u201d, certific\u00f3 Aguirre.<\/p>\n","protected":false},"excerpt":{"rendered":"<p>La Junta Electoral Nacional de ATE invit\u00f3 a delegados internacionales a participar como observadores de la elecci\u00f3n que el sindicato llevar\u00e1 adelante ma\u00f1ana 2 de septiembre. Se trata de representantes de distintas Centrales Sindicales de Latinoam\u00e9rica y el Caribe y de Europa que llegaron ayer a la Argentina. Desde hoy 1\u00ba de septiembre trabajan interioriz\u00e1ndose [&hellip;]<\/p>\n","protected":false},"author":1,"featured_media":19220,"comment_status":"open","ping_status":"open","sticky":false,"template":"","format":"standard","meta":{"_exactmetrics_skip_tracking":false,"_exactmetrics_sitenote_active":false,"_exactmetrics_sitenote_note":"","_exactmetrics_sitenote_category":0,"jnews-multi-image_gallery":[],"jnews_single_post":[],"jnews_primary_category":[],"jnews_social_meta":[],"jnews_review":[],"enable_review":"","type":"","name":"","summary":"","brand":"","sku":"","good":[],"bad":[],"score_override":"","override_value":"","rating":[],"price":[],"jnews_override_counter":[],"jnews_post_split":[],"footnotes":""},"categories":[115],"tags":[],"class_list":["post-5639","post","type-post","status-publish","format-standard","has-post-thumbnail","hentry","category-elecciones-ate-2015"],"jetpack_featured_media_url":"https:\/\/atecordoba.org\/wp-content\/uploads\/2020\/05\/logo-nuevochico-e1561581322808.png","_links":{"self":[{"href":"https:\/\/atecordoba.org\/index.php?rest_route=\/wp\/v2\/posts\/5639","targetHints":{"allow":["GET"]}}],"collection":[{"href":"https:\/\/atecordoba.org\/index.php?rest_route=\/wp\/v2\/posts"}],"about":[{"href":"https:\/\/atecordoba.org\/index.php?rest_route=\/wp\/v2\/types\/post"}],"author":[{"embeddable":true,"href":"https:\/\/atecordoba.org\/index.php?rest_route=\/wp\/v2\/users\/1"}],"replies":[{"embeddable":true,"href":"https:\/\/atecordoba.org\/index.php?rest_route=%2Fwp%2Fv2%2Fcomments&post=5639"}],"version-history":[{"count":0,"href":"https:\/\/atecordoba.org\/index.php?rest_route=\/wp\/v2\/posts\/5639\/revisions"}],"wp:featuredmedia":[{"embeddable":true,"href":"https:\/\/atecordoba.org\/index.php?rest_route=\/wp\/v2\/media\/19220"}],"wp:attachment":[{"href":"https:\/\/atecordoba.org\/index.php?rest_route=%2Fwp%2Fv2%2Fmedia&parent=5639"}],"wp:term":[{"taxonomy":"category","embeddable":true,"href":"https:\/\/atecordoba.org\/index.php?rest_route=%2Fwp%2Fv2%2Fcategories&post=5639"},{"taxonomy":"post_tag","embeddable":true,"href":"https:\/\/atecordoba.org\/index.php?rest_route=%2Fwp%2Fv2%2Ftags&post=5639"}],"curies":[{"name":"wp","href":"https:\/\/api.w.org\/{rel}","templated":true}]}}