{"id":5633,"date":"2015-08-31T17:28:44","date_gmt":"2015-08-31T20:28:44","guid":{"rendered":"http:\/\/www.atecordoba.org\/?p=5633"},"modified":"2015-08-31T17:28:44","modified_gmt":"2015-08-31T20:28:44","slug":"elecciones-en-ate-el-2-de-septiembre-todos-a-votar","status":"publish","type":"post","link":"https:\/\/atecordoba.org\/?p=5633","title":{"rendered":"Elecciones en ATE: \u00a1el 2 de septiembre todos a votar!"},"content":{"rendered":"<div style=\"text-align: left;\">\n<p><em><span style=\"font-size: small; line-height: 115%;\">El Concejo Directivo Provincial informa que este mi\u00e9rcoles 2 de septiembre se llevar\u00e1 a cabo la elecci\u00f3n de cargos de conducci\u00f3n de ATE para el Concejo Directivo Nacional, el Concejo Directivo Provincial y las seccionales.<\/span><\/em><\/p>\n<p><em><strong><span style=\"font-size: small; line-height: 115%;\"><a href=\"http:\/\/www.atecordoba.org\/wp-content\/uploads\/2015\/08\/BOMBO-ATE.jpg\"><img loading=\"lazy\" decoding=\"async\" class=\"aligncenter size-full wp-image-5634\" src=\"http:\/\/www.atecordoba.org\/wp-content\/uploads\/2015\/08\/BOMBO-ATE.jpg\" alt=\"BOMBO ATE\" width=\"275\" height=\"183\" \/><\/a><\/span><\/strong><\/em><\/p>\n<p style=\"text-align: justify;\"><span style=\"font-size: small; line-height: 115%;\">En la oportunidad los afiliados elegir\u00e1n alrededor de 6000 cargos de conducci\u00f3n en todo el pa\u00eds, por voto secreto. Se trata de 254 mil compa\u00f1eros en condiciones de participar en el acto eleccionario.<\/span><\/p>\n<p style=\"text-align: justify;\"><span style=\"font-size: small; line-height: 115%;\">A nivel nacional se presentan cinco listas: Lista Verde Anusate, Lista Bermell\u00f3n, Lista Verde Blanca, Lista Roja Gris y Lista Naranja Lila.<\/span><\/p>\n<p style=\"text-align: justify;\"><span style=\"font-size: small; line-height: 115%;\">En tanto, en la provincia de C\u00f3rdoba alrededor de 7400 compa\u00f1eros afiliados est\u00e1n en situaci\u00f3n de votar.<\/span><\/p>\n<p style=\"text-align: justify;\"><span style=\"font-size: small; line-height: 115%;\">Los activos podr\u00e1n optar por una de las tres listas que participar\u00e1n en la elecci\u00f3n: lista Verde Anusate, Lista Bermell\u00f3n y Lista Verde-Azul. En tanto, para los jubilados, la lista Verde Anusate se presenta con dos alternativas: Verde-Violeta y Verde-Oro. Los compa\u00f1eros jubilados elegir\u00e1n conducciones para los centros de jubilados de C\u00f3rdoba Capital, Santa Mar\u00eda de Punilla, San Francisco, Villa Mar\u00eda, Oliva y R\u00edo Tercero.<\/span><\/p>\n<p style=\"text-align: justify;\"><span style=\"font-size: small; line-height: 115%;\">La elecci\u00f3n se desarrollar\u00e1 desde las 6 y hasta las 20 horas.<\/span><\/p>\n<p style=\"text-align: justify;\"><span style=\"font-size: small; line-height: 115%;\">Alentamos a todos los afiliados a participar de esta jornada democr\u00e1tica que definir\u00e1 la vida institucional de nuestra ATE los pr\u00f3ximos cuatro a\u00f1os.<\/span><\/p>\n<p style=\"text-align: right;\" align=\"right\"><span style=\"font-size: small;\">Mar\u00eda Teresa Romero<\/span><\/p>\n<p style=\"text-align: right;\" align=\"right\"><span style=\"font-size: small;\">Secretaria General<\/span><\/p>\n<\/div>\n","protected":false},"excerpt":{"rendered":"<p>El Concejo Directivo Provincial informa que este mi\u00e9rcoles 2 de septiembre se llevar\u00e1 a cabo la elecci\u00f3n de cargos de conducci\u00f3n de ATE para el Concejo Directivo Nacional, el Concejo Directivo Provincial y las seccionales. En la oportunidad los afiliados elegir\u00e1n alrededor de 6000 cargos de conducci\u00f3n en todo el pa\u00eds, por voto secreto. Se [&hellip;]<\/p>\n","protected":false},"author":1,"featured_media":19220,"comment_status":"open","ping_status":"open","sticky":false,"template":"","format":"standard","meta":{"_exactmetrics_skip_tracking":false,"_exactmetrics_sitenote_active":false,"_exactmetrics_sitenote_note":"","_exactmetrics_sitenote_category":0,"jnews-multi-image_gallery":[],"jnews_single_post":[],"jnews_primary_category":[],"jnews_social_meta":[],"jnews_review":[],"enable_review":"","type":"","name":"","summary":"","brand":"","sku":"","good":[],"bad":[],"score_override":"","override_value":"","rating":[],"price":[],"jnews_override_counter":[],"jnews_post_split":[],"footnotes":""},"categories":[115],"tags":[],"class_list":["post-5633","post","type-post","status-publish","format-standard","has-post-thumbnail","hentry","category-elecciones-ate-2015"],"jetpack_featured_media_url":"https:\/\/atecordoba.org\/wp-content\/uploads\/2020\/05\/logo-nuevochico-e1561581322808.png","_links":{"self":[{"href":"https:\/\/atecordoba.org\/index.php?rest_route=\/wp\/v2\/posts\/5633","targetHints":{"allow":["GET"]}}],"collection":[{"href":"https:\/\/atecordoba.org\/index.php?rest_route=\/wp\/v2\/posts"}],"about":[{"href":"https:\/\/atecordoba.org\/index.php?rest_route=\/wp\/v2\/types\/post"}],"author":[{"embeddable":true,"href":"https:\/\/atecordoba.org\/index.php?rest_route=\/wp\/v2\/users\/1"}],"replies":[{"embeddable":true,"href":"https:\/\/atecordoba.org\/index.php?rest_route=%2Fwp%2Fv2%2Fcomments&post=5633"}],"version-history":[{"count":0,"href":"https:\/\/atecordoba.org\/index.php?rest_route=\/wp\/v2\/posts\/5633\/revisions"}],"wp:featuredmedia":[{"embeddable":true,"href":"https:\/\/atecordoba.org\/index.php?rest_route=\/wp\/v2\/media\/19220"}],"wp:attachment":[{"href":"https:\/\/atecordoba.org\/index.php?rest_route=%2Fwp%2Fv2%2Fmedia&parent=5633"}],"wp:term":[{"taxonomy":"category","embeddable":true,"href":"https:\/\/atecordoba.org\/index.php?rest_route=%2Fwp%2Fv2%2Fcategories&post=5633"},{"taxonomy":"post_tag","embeddable":true,"href":"https:\/\/atecordoba.org\/index.php?rest_route=%2Fwp%2Fv2%2Ftags&post=5633"}],"curies":[{"name":"wp","href":"https:\/\/api.w.org\/{rel}","templated":true}]}}