{"id":5628,"date":"2015-08-27T16:27:02","date_gmt":"2015-08-27T19:27:02","guid":{"rendered":"http:\/\/www.atecordoba.org\/?p=5628"},"modified":"2015-08-27T16:27:02","modified_gmt":"2015-08-27T19:27:02","slug":"ayer-se-movilizo-desarrollo-social-de-la-nacion-contra-la-precarizacion","status":"publish","type":"post","link":"https:\/\/atecordoba.org\/?p=5628","title":{"rendered":"Ayer se moviliz\u00f3 Desarrollo Social de la Naci\u00f3n contra la precarizaci\u00f3n"},"content":{"rendered":"<p><em>Los trabajadores del Ministerio de Desarrollo Social de la Naci\u00f3n manifestaron en\u00a0reclamo del pase a planta permanente. Los contratados alcanzan al 85% del plantel. Delegados presentaron un petitorio en el Ministerio de Trabajo.<\/em><\/p>\n<figure id=\"attachment_5629\" aria-describedby=\"caption-attachment-5629\" style=\"width: 550px\" class=\"wp-caption aligncenter\"><a href=\"http:\/\/www.atecordoba.org\/wp-content\/uploads\/2015\/08\/corte-gral-paz-desarrollo-social-e1440703515980.jpg\"><img loading=\"lazy\" decoding=\"async\" class=\"wp-image-5629 size-full\" src=\"http:\/\/www.atecordoba.org\/wp-content\/uploads\/2015\/08\/corte-gral-paz-desarrollo-social-e1440703515980.jpg\" alt=\"corte gral paz desarrollo social\" width=\"550\" height=\"413\" \/><\/a><figcaption id=\"caption-attachment-5629\" class=\"wp-caption-text\">La movilizaci\u00f3n de los trabajadores recorri\u00f3 el centro de la ciudad.<\/figcaption><\/figure>\n<p>&nbsp;<\/p>\n<p>En el marco de la Jornada Federal por el pase a planta permanente que se desarroll\u00f3 \u00a0en Buenos Aires, Misiones, Santa Fe, Mendoza y C\u00f3rdoba los trabajadores \u00a0contratados \u00a0y monotributistas del ministerio realizaron \u00a0en el d\u00eda de ayer una nutrida movilizaci\u00f3n por las calles de nuestra ciudad.<\/p>\n<p>En esta oportunidad acompa\u00f1ados por Trabajadores y Delegados de otras reparticiones nacionales, como INTI, PAMI y SENASA.<\/p>\n<p>Partieron de la sede del Centro de Referencia C\u00f3rdoba con destino al Ministerio de Trabajo, donde fueron recibidos en audiencia por el responsable de esa delegaci\u00f3n. En la ocasi\u00f3n, se hizo entrega del petitorio que contempla las problem\u00e1ticas y exigencias del sector.<\/p>\n<figure id=\"attachment_5630\" aria-describedby=\"caption-attachment-5630\" style=\"width: 550px\" class=\"wp-caption aligncenter\"><a href=\"http:\/\/www.atecordoba.org\/wp-content\/uploads\/2015\/08\/desarrollo-social-en-trabajo-e1440703540892.jpg\"><img loading=\"lazy\" decoding=\"async\" class=\"wp-image-5630 size-full\" src=\"http:\/\/www.atecordoba.org\/wp-content\/uploads\/2015\/08\/desarrollo-social-en-trabajo-e1440703540892.jpg\" alt=\"desarrollo social en trabajo\" width=\"550\" height=\"413\" \/><\/a><figcaption id=\"caption-attachment-5630\" class=\"wp-caption-text\">Audiencia en el Ministerio de Trabajo.<\/figcaption><\/figure>\n<p>Cabe destacar que la cartera que depende de la ministra Dra. Alicia Kirchner no da respuesta a la situaci\u00f3n de inestabilidad laboral que sufren los trabajadores del sector. \u201cEste ministerio lidera el ranking de precarizaci\u00f3n laboral en el Estado, m\u00e1s del 85% de los trabajadores\/as estamos bajo contratos precarios y no tenemos estabilidad laboral\u201d, afirm\u00f3 Ricardo Reyna, delegado de ATE.<\/p>\n<p>Y remarc\u00f3: \u201ces injusto y no podemos avalar que\u00a0 casi\u00a0 6000 trabajadores \u00a0sigamos con contratos precarios y sin estabilidad laboral.\u00a0Para garantizar Derechos hacen falta Trabajadores con Derechos&#8221;.<\/p>\n","protected":false},"excerpt":{"rendered":"<p>Los trabajadores del Ministerio de Desarrollo Social de la Naci\u00f3n manifestaron en\u00a0reclamo del pase a planta permanente. Los contratados alcanzan al 85% del plantel. Delegados presentaron un petitorio en el Ministerio de Trabajo. &nbsp; En el marco de la Jornada Federal por el pase a planta permanente que se desarroll\u00f3 \u00a0en Buenos Aires, Misiones, Santa [&hellip;]<\/p>\n","protected":false},"author":1,"featured_media":19220,"comment_status":"open","ping_status":"open","sticky":false,"template":"","format":"standard","meta":{"_exactmetrics_skip_tracking":false,"_exactmetrics_sitenote_active":false,"_exactmetrics_sitenote_note":"","_exactmetrics_sitenote_category":0,"jnews-multi-image_gallery":[],"jnews_single_post":[],"jnews_primary_category":[],"jnews_social_meta":[],"jnews_review":[],"enable_review":"","type":"","name":"","summary":"","brand":"","sku":"","good":[],"bad":[],"score_override":"","override_value":"","rating":[],"price":[],"jnews_override_counter":[],"jnews_post_split":[],"footnotes":""},"categories":[113,18],"tags":[],"class_list":["post-5628","post","type-post","status-publish","format-standard","has-post-thumbnail","hentry","category-desarrollo-social-nacion","category-nacionales"],"jetpack_featured_media_url":"https:\/\/atecordoba.org\/wp-content\/uploads\/2020\/05\/logo-nuevochico-e1561581322808.png","_links":{"self":[{"href":"https:\/\/atecordoba.org\/index.php?rest_route=\/wp\/v2\/posts\/5628","targetHints":{"allow":["GET"]}}],"collection":[{"href":"https:\/\/atecordoba.org\/index.php?rest_route=\/wp\/v2\/posts"}],"about":[{"href":"https:\/\/atecordoba.org\/index.php?rest_route=\/wp\/v2\/types\/post"}],"author":[{"embeddable":true,"href":"https:\/\/atecordoba.org\/index.php?rest_route=\/wp\/v2\/users\/1"}],"replies":[{"embeddable":true,"href":"https:\/\/atecordoba.org\/index.php?rest_route=%2Fwp%2Fv2%2Fcomments&post=5628"}],"version-history":[{"count":0,"href":"https:\/\/atecordoba.org\/index.php?rest_route=\/wp\/v2\/posts\/5628\/revisions"}],"wp:featuredmedia":[{"embeddable":true,"href":"https:\/\/atecordoba.org\/index.php?rest_route=\/wp\/v2\/media\/19220"}],"wp:attachment":[{"href":"https:\/\/atecordoba.org\/index.php?rest_route=%2Fwp%2Fv2%2Fmedia&parent=5628"}],"wp:term":[{"taxonomy":"category","embeddable":true,"href":"https:\/\/atecordoba.org\/index.php?rest_route=%2Fwp%2Fv2%2Fcategories&post=5628"},{"taxonomy":"post_tag","embeddable":true,"href":"https:\/\/atecordoba.org\/index.php?rest_route=%2Fwp%2Fv2%2Ftags&post=5628"}],"curies":[{"name":"wp","href":"https:\/\/api.w.org\/{rel}","templated":true}]}}