{"id":5619,"date":"2015-08-26T18:06:24","date_gmt":"2015-08-26T21:06:24","guid":{"rendered":"http:\/\/www.atecordoba.org\/?p=5619"},"modified":"2020-08-10T11:02:26","modified_gmt":"2020-08-10T14:02:26","slug":"trabajadores-de-pami-realizaran-manana-una-nueva-asamblea-en-rechazo-al-ajuste","status":"publish","type":"post","link":"https:\/\/atecordoba.org\/?p=5619","title":{"rendered":"Trabajadores de PAMI realizar\u00e1n ma\u00f1ana una nueva asamblea en rechazo al ajuste"},"content":{"rendered":"<div><em>La medida de fuerza resentir\u00e1 la atenci\u00f3n de los beneficiarios de la obra social de los jubilados, a partir de 12.30, y obedece al plan de lucha que viene desarrollando ATE en el sector en rechazo al programa de ajuste que pretende aplicar la direcci\u00f3n del organismo que conduce a nivel nacional Luciano Di Cesare.<\/em><\/div>\n<div><a href=\"http:\/\/www.atecordoba.org\/wp-content\/uploads\/2015\/08\/IMG-20150805-WA00011.jpg\"><img loading=\"lazy\" decoding=\"async\" class=\"aligncenter wp-image-5620 \" src=\"http:\/\/www.atecordoba.org\/wp-content\/uploads\/2015\/08\/IMG-20150805-WA00011-1024x768.jpg\" alt=\"IMG-20150805-WA0001\" width=\"550\" height=\"413\" \/><\/a><\/div>\n<div>Los trabajadores reclaman que las autoridades garanticen el nivel de las prestaciones a los jubilados que se ver\u00e1 disminuida a partir del achique estructural que el gobierno nacional resolvi\u00f3 en julio pasado. Adem\u00e1s el reclamo se hace extensivo a la falta de personal para el reemplazo de los trabajadores que se jubilaron durante los \u00faltimos dos a\u00f1os y que no han sido reemplazados, produciendo un aumento a su vez de la carga laboral en el personal del organismo.<\/div>\n","protected":false},"excerpt":{"rendered":"<p>La medida de fuerza resentir\u00e1 la atenci\u00f3n de los beneficiarios de la obra social de los jubilados, a partir de 12.30, y obedece al plan de lucha que viene desarrollando ATE en el sector en rechazo al programa de ajuste que pretende aplicar la direcci\u00f3n del organismo que conduce a nivel nacional Luciano Di Cesare. [&hellip;]<\/p>\n","protected":false},"author":1,"featured_media":19220,"comment_status":"open","ping_status":"open","sticky":false,"template":"","format":"standard","meta":{"_exactmetrics_skip_tracking":false,"_exactmetrics_sitenote_active":false,"_exactmetrics_sitenote_note":"","_exactmetrics_sitenote_category":0,"jnews-multi-image_gallery":[],"jnews_single_post":[],"jnews_primary_category":[],"jnews_social_meta":[],"jnews_review":[],"enable_review":"","type":"","name":"","summary":"","brand":"","sku":"","good":[],"bad":[],"score_override":"","override_value":"","rating":[],"price":[],"jnews_override_counter":[],"jnews_post_split":[],"footnotes":""},"categories":[18],"tags":[],"class_list":["post-5619","post","type-post","status-publish","format-standard","has-post-thumbnail","hentry","category-nacionales"],"jetpack_featured_media_url":"https:\/\/atecordoba.org\/wp-content\/uploads\/2020\/05\/logo-nuevochico-e1561581322808.png","_links":{"self":[{"href":"https:\/\/atecordoba.org\/index.php?rest_route=\/wp\/v2\/posts\/5619","targetHints":{"allow":["GET"]}}],"collection":[{"href":"https:\/\/atecordoba.org\/index.php?rest_route=\/wp\/v2\/posts"}],"about":[{"href":"https:\/\/atecordoba.org\/index.php?rest_route=\/wp\/v2\/types\/post"}],"author":[{"embeddable":true,"href":"https:\/\/atecordoba.org\/index.php?rest_route=\/wp\/v2\/users\/1"}],"replies":[{"embeddable":true,"href":"https:\/\/atecordoba.org\/index.php?rest_route=%2Fwp%2Fv2%2Fcomments&post=5619"}],"version-history":[{"count":1,"href":"https:\/\/atecordoba.org\/index.php?rest_route=\/wp\/v2\/posts\/5619\/revisions"}],"predecessor-version":[{"id":21140,"href":"https:\/\/atecordoba.org\/index.php?rest_route=\/wp\/v2\/posts\/5619\/revisions\/21140"}],"wp:featuredmedia":[{"embeddable":true,"href":"https:\/\/atecordoba.org\/index.php?rest_route=\/wp\/v2\/media\/19220"}],"wp:attachment":[{"href":"https:\/\/atecordoba.org\/index.php?rest_route=%2Fwp%2Fv2%2Fmedia&parent=5619"}],"wp:term":[{"taxonomy":"category","embeddable":true,"href":"https:\/\/atecordoba.org\/index.php?rest_route=%2Fwp%2Fv2%2Fcategories&post=5619"},{"taxonomy":"post_tag","embeddable":true,"href":"https:\/\/atecordoba.org\/index.php?rest_route=%2Fwp%2Fv2%2Ftags&post=5619"}],"curies":[{"name":"wp","href":"https:\/\/api.w.org\/{rel}","templated":true}]}}