{"id":5615,"date":"2015-08-25T19:03:35","date_gmt":"2015-08-25T22:03:35","guid":{"rendered":"http:\/\/www.atecordoba.org\/?p=5615"},"modified":"2015-08-25T19:03:35","modified_gmt":"2015-08-25T22:03:35","slug":"manana-nueva-jornada-de-protesta-en-el-ministerio-de-desarrollo-social-de-la-nacion","status":"publish","type":"post","link":"https:\/\/atecordoba.org\/?p=5615","title":{"rendered":"Ma\u00f1ana, nueva jornada de protesta en el Ministerio de Desarrollo Social de la Naci\u00f3n"},"content":{"rendered":"<p><em>La medida fue acordada entre las provincias de Buenos Aires, Misiones, Santa Fe, Mendoza y C\u00f3rdoba, y tiene por objetivo visibilizar la situaci\u00f3n de precariedad laboral que sufren los trabajadores del organismo y la falta de respuestas de los funcionarios de la cartera dependiente de la ministra Alicia Kirchner.<\/em><\/p>\n<p><a href=\"http:\/\/www.atecordoba.org\/wp-content\/uploads\/2015\/08\/11801295_10204654118252406_428891414_o-1-e1440540175575.jpg\"><img loading=\"lazy\" decoding=\"async\" class=\"aligncenter size-full wp-image-5616\" src=\"http:\/\/www.atecordoba.org\/wp-content\/uploads\/2015\/08\/11801295_10204654118252406_428891414_o-1-e1440540175575.jpg\" alt=\"11801295_10204654118252406_428891414_o (1)\" width=\"500\" height=\"375\" \/><\/a><\/p>\n<p>En C\u00f3rdoba los trabajadores se movilizar\u00e1n <span id=\"OBJ_PREFIX_DWT258_com_zimbra_date\" class=\"Object\">ma\u00f1ana<\/span> a las 10.30 hacia la delegaci\u00f3n local del Ministerio de Trabajo, cita en calle <span id=\"OBJ_PREFIX_DWT259_com_zimbra_date\" class=\"Object\">27 de abril<\/span>. All\u00ed se har\u00e1 entrega de un petitorio exigiendo el pase a planta de todos los trabajadores del Ministerio, que en C\u00f3rdoba alcanzan casi al 100% del personal.<\/p>\n<p>Adem\u00e1s, los trabajadores denuncian la falta de espacios f\u00edsicos para trabajar, la deficiencia en las condiciones laborales, de seguridad e higiene, y de provisi\u00f3n de mobiliario e insumos.<\/p>\n<p>En ese sentido, los compa\u00f1eros manifiestan la necesidad de una urgente regulaci\u00f3n del empleo p\u00fablico ya que esta situaci\u00f3n de precariedad laboral est\u00e1 sostenida por a\u00f1os, concentr\u00e1ndose bajo la modalidad de contratados y monotributistas.<\/p>\n<p>Los reclamos contin\u00faan vigentes ya que las autoridades de dicho Ministerio no dan respuestas, alegando que no pueden realizar m\u00e1s contrataciones, y aun as\u00ed, contin\u00faa ingresando personal (cargos pol\u00edticos) en el Centro de Referencia C\u00f3rdoba a cargo de Jos\u00e9 Bianchi, lo que demuestra que en realidad lo que\u00a0 falta es la voluntad pol\u00edtica para mejorar la situaci\u00f3n de todos los trabajadores.<\/p>\n<p>Los trabajadores se concentrar\u00e1n en el Centro de Referencia C\u00f3rdoba (Fragueiro 371)a las 09:30 horas, para marchar hacia Trabajo,\u00a0ya que desde ATE C\u00f3rdoba estamos convencidos que para garantizar derechos, hacen falta trabajadores con derechos.<\/p>\n<p>&nbsp;<\/p>\n","protected":false},"excerpt":{"rendered":"<p>La medida fue acordada entre las provincias de Buenos Aires, Misiones, Santa Fe, Mendoza y C\u00f3rdoba, y tiene por objetivo visibilizar la situaci\u00f3n de precariedad laboral que sufren los trabajadores del organismo y la falta de respuestas de los funcionarios de la cartera dependiente de la ministra Alicia Kirchner. En C\u00f3rdoba los trabajadores se movilizar\u00e1n [&hellip;]<\/p>\n","protected":false},"author":1,"featured_media":19220,"comment_status":"open","ping_status":"open","sticky":false,"template":"","format":"standard","meta":{"_exactmetrics_skip_tracking":false,"_exactmetrics_sitenote_active":false,"_exactmetrics_sitenote_note":"","_exactmetrics_sitenote_category":0,"jnews-multi-image_gallery":[],"jnews_single_post":[],"jnews_primary_category":[],"jnews_social_meta":[],"jnews_review":[],"enable_review":"","type":"","name":"","summary":"","brand":"","sku":"","good":[],"bad":[],"score_override":"","override_value":"","rating":[],"price":[],"jnews_override_counter":[],"jnews_post_split":[],"footnotes":""},"categories":[113,18],"tags":[],"class_list":["post-5615","post","type-post","status-publish","format-standard","has-post-thumbnail","hentry","category-desarrollo-social-nacion","category-nacionales"],"jetpack_featured_media_url":"https:\/\/atecordoba.org\/wp-content\/uploads\/2020\/05\/logo-nuevochico-e1561581322808.png","_links":{"self":[{"href":"https:\/\/atecordoba.org\/index.php?rest_route=\/wp\/v2\/posts\/5615","targetHints":{"allow":["GET"]}}],"collection":[{"href":"https:\/\/atecordoba.org\/index.php?rest_route=\/wp\/v2\/posts"}],"about":[{"href":"https:\/\/atecordoba.org\/index.php?rest_route=\/wp\/v2\/types\/post"}],"author":[{"embeddable":true,"href":"https:\/\/atecordoba.org\/index.php?rest_route=\/wp\/v2\/users\/1"}],"replies":[{"embeddable":true,"href":"https:\/\/atecordoba.org\/index.php?rest_route=%2Fwp%2Fv2%2Fcomments&post=5615"}],"version-history":[{"count":0,"href":"https:\/\/atecordoba.org\/index.php?rest_route=\/wp\/v2\/posts\/5615\/revisions"}],"wp:featuredmedia":[{"embeddable":true,"href":"https:\/\/atecordoba.org\/index.php?rest_route=\/wp\/v2\/media\/19220"}],"wp:attachment":[{"href":"https:\/\/atecordoba.org\/index.php?rest_route=%2Fwp%2Fv2%2Fmedia&parent=5615"}],"wp:term":[{"taxonomy":"category","embeddable":true,"href":"https:\/\/atecordoba.org\/index.php?rest_route=%2Fwp%2Fv2%2Fcategories&post=5615"},{"taxonomy":"post_tag","embeddable":true,"href":"https:\/\/atecordoba.org\/index.php?rest_route=%2Fwp%2Fv2%2Ftags&post=5615"}],"curies":[{"name":"wp","href":"https:\/\/api.w.org\/{rel}","templated":true}]}}