{"id":5602,"date":"2015-08-18T17:37:43","date_gmt":"2015-08-18T20:37:43","guid":{"rendered":"http:\/\/www.atecordoba.org\/?p=5602"},"modified":"2015-08-18T17:37:43","modified_gmt":"2015-08-18T20:37:43","slug":"500-chicos-disfrutaron-en-el-cine-el-dia-del-nino","status":"publish","type":"post","link":"https:\/\/atecordoba.org\/?p=5602","title":{"rendered":"500 chicos disfrutaron en el cine el D\u00eda del Ni\u00f1o"},"content":{"rendered":"<p><em>Con la proyecci\u00f3n de tres pel\u00edculas en el gran Rex, los hijos de los afiliados festejaron su d\u00eda anticipadamente el pasado s\u00e1bado 15 de agosto. Se trat\u00f3 de una muestra m\u00e1s de la pol\u00edtica de acci\u00f3n social en crecimiento que viene realizando ATE C\u00f3rdoba.<\/em><\/p>\n<p><a href=\"http:\/\/www.atecordoba.org\/wp-content\/uploads\/2015\/08\/cine-gran-rex.jpg\"><img loading=\"lazy\" decoding=\"async\" class=\"aligncenter size-full wp-image-5603\" src=\"http:\/\/www.atecordoba.org\/wp-content\/uploads\/2015\/08\/cine-gran-rex.jpg\" alt=\"cine gran rex\" width=\"304\" height=\"166\" \/><\/a><\/p>\n<p>En la oportunidad, los chicos disfrutaron de golosinas y jugos facilitados por nuestro gremio, adem\u00e1s de las entradas gratuitas.<\/p>\n<p>Cabe destacar que esto surge del aporte de nuestros afiliados, gestionados correctamente por la conducci\u00f3n que encabeza nuestra compa\u00f1era Mar\u00eda Teresa Romero, secretaria General del Concejo Directivo Provincial.<\/p>\n<p>En la ocasi\u00f3n, recibieron a los afiliados en la puerta del cine los compa\u00f1eros integrantes de la conducci\u00f3n provincial Luis B\u00e1rcena, Daniel Pawluchuzk, V\u00edctor Lecuona, Eduardo Pereyra, Alejandro Charra, Delicia Arce Zalazar y delegados como Diego Chavez.<\/p>\n","protected":false},"excerpt":{"rendered":"<p>Con la proyecci\u00f3n de tres pel\u00edculas en el gran Rex, los hijos de los afiliados festejaron su d\u00eda anticipadamente el pasado s\u00e1bado 15 de agosto. Se trat\u00f3 de una muestra m\u00e1s de la pol\u00edtica de acci\u00f3n social en crecimiento que viene realizando ATE C\u00f3rdoba. En la oportunidad, los chicos disfrutaron de golosinas y jugos facilitados [&hellip;]<\/p>\n","protected":false},"author":1,"featured_media":19220,"comment_status":"open","ping_status":"open","sticky":false,"template":"","format":"standard","meta":{"_exactmetrics_skip_tracking":false,"_exactmetrics_sitenote_active":false,"_exactmetrics_sitenote_note":"","_exactmetrics_sitenote_category":0,"jnews-multi-image_gallery":[],"jnews_single_post":[],"jnews_primary_category":[],"jnews_social_meta":[],"jnews_review":[],"enable_review":"","type":"","name":"","summary":"","brand":"","sku":"","good":[],"bad":[],"score_override":"","override_value":"","rating":[],"price":[],"jnews_override_counter":[],"jnews_post_split":[],"footnotes":""},"categories":[75],"tags":[],"class_list":["post-5602","post","type-post","status-publish","format-standard","has-post-thumbnail","hentry","category-accion-social"],"jetpack_featured_media_url":"https:\/\/atecordoba.org\/wp-content\/uploads\/2020\/05\/logo-nuevochico-e1561581322808.png","_links":{"self":[{"href":"https:\/\/atecordoba.org\/index.php?rest_route=\/wp\/v2\/posts\/5602","targetHints":{"allow":["GET"]}}],"collection":[{"href":"https:\/\/atecordoba.org\/index.php?rest_route=\/wp\/v2\/posts"}],"about":[{"href":"https:\/\/atecordoba.org\/index.php?rest_route=\/wp\/v2\/types\/post"}],"author":[{"embeddable":true,"href":"https:\/\/atecordoba.org\/index.php?rest_route=\/wp\/v2\/users\/1"}],"replies":[{"embeddable":true,"href":"https:\/\/atecordoba.org\/index.php?rest_route=%2Fwp%2Fv2%2Fcomments&post=5602"}],"version-history":[{"count":0,"href":"https:\/\/atecordoba.org\/index.php?rest_route=\/wp\/v2\/posts\/5602\/revisions"}],"wp:featuredmedia":[{"embeddable":true,"href":"https:\/\/atecordoba.org\/index.php?rest_route=\/wp\/v2\/media\/19220"}],"wp:attachment":[{"href":"https:\/\/atecordoba.org\/index.php?rest_route=%2Fwp%2Fv2%2Fmedia&parent=5602"}],"wp:term":[{"taxonomy":"category","embeddable":true,"href":"https:\/\/atecordoba.org\/index.php?rest_route=%2Fwp%2Fv2%2Fcategories&post=5602"},{"taxonomy":"post_tag","embeddable":true,"href":"https:\/\/atecordoba.org\/index.php?rest_route=%2Fwp%2Fv2%2Ftags&post=5602"}],"curies":[{"name":"wp","href":"https:\/\/api.w.org\/{rel}","templated":true}]}}