{"id":5579,"date":"2015-08-13T18:44:00","date_gmt":"2015-08-13T21:44:00","guid":{"rendered":"http:\/\/www.atecordoba.org\/?p=5579"},"modified":"2020-08-10T11:02:26","modified_gmt":"2020-08-10T14:02:26","slug":"trabajadores-y-jubilados-se-movilizaron-contra-el-ajuste-en-pami","status":"publish","type":"post","link":"https:\/\/atecordoba.org\/?p=5579","title":{"rendered":"Trabajadores y jubilados se movilizaron contra el ajuste en PAMI"},"content":{"rendered":"<p><em>En el marco del plan de lucha que viene desarrollando ATE se realiz\u00f3 una nueva jornada de protesta para resistir el achicamiento estructural del organismo. Fuerte movilizaci\u00f3n en Capital Federal.<\/em><\/p>\n<p><a href=\"http:\/\/www.atecordoba.org\/wp-content\/uploads\/2015\/08\/IMG-20150813-WA0010-e1439501019665.jpg\"><img loading=\"lazy\" decoding=\"async\" class=\"aligncenter size-full wp-image-5580\" src=\"http:\/\/www.atecordoba.org\/wp-content\/uploads\/2015\/08\/IMG-20150813-WA0010-e1439501019665.jpg\" alt=\"IMG-20150813-WA0010\" width=\"550\" height=\"413\" \/><\/a><\/p>\n<p>Desde primeras horas del d\u00eda, la atenci\u00f3n estuvo resentida y a las 11 se convoc\u00f3 a una concentraci\u00f3n\u00a0en la puerta de la obra social, en avenida General Paz. Esa\u00a0concentraci\u00f3n deriv\u00f3 en una asamblea en plena calle, encabezada por el cuerpo de delegados de ATE en el sector.<\/p>\n<p>Los trabajadores denuncian un proceso de achicamiento de diversas estructuras de PAMI, impulsado por dos decretos emitidos en julio pasado, entre gallos y medias noches, que generaron mucha inquietud sobre la continuidad de algunos programas aun vigentes, pero que desde hace tiempo tienen problemas de aplicaci\u00f3n por falta de personal y desatenci\u00f3n de las autoridades.<\/p>\n<p><a href=\"http:\/\/www.atecordoba.org\/wp-content\/uploads\/2015\/08\/IMG-20150813-WA0009-e1439501064739.jpg\"><img loading=\"lazy\" decoding=\"async\" class=\"aligncenter size-full wp-image-5581\" src=\"http:\/\/www.atecordoba.org\/wp-content\/uploads\/2015\/08\/IMG-20150813-WA0009-e1439501064739.jpg\" alt=\"IMG-20150813-WA0009\" width=\"550\" height=\"413\" \/><\/a><\/p>\n<p>\u201cAhora vienen con estos decretos que reformulan la estructura y no sabemos qu\u00e9 va a pasar con los compa\u00f1eros que all\u00ed se desempe\u00f1an\u201d, explic\u00f3 la delegada de ATE, Gisela Angelelli.<\/p>\n<p><a href=\"http:\/\/www.atecordoba.org\/wp-content\/uploads\/2015\/08\/IMG-20150813-WA0014-e1439501666423.jpg\"><img loading=\"lazy\" decoding=\"async\" class=\"aligncenter size-full wp-image-5582\" src=\"http:\/\/www.atecordoba.org\/wp-content\/uploads\/2015\/08\/IMG-20150813-WA0014-e1439501666423.jpg\" alt=\"IMG-20150813-WA0014\" width=\"550\" height=\"413\" \/><\/a><\/p>\n<p>En la oportunidad, se acercaron a expresar el apoyo y la solidaridad los integrantes del Concejo Directivo Provincial Cacho Mengarelli, secretario Adjunto, Luis Barcena, de Interior, Daniel Pawluchuzk, de Prensa, y los vocales V\u00edctor Lecuona, Eduardo Pereyra y Mart\u00edn Stibel.<\/p>\n<p><a href=\"http:\/\/www.atecordoba.org\/wp-content\/uploads\/2015\/08\/IMG-20150813-WA0015-e1439501713506.jpg\"><img loading=\"lazy\" decoding=\"async\" class=\"aligncenter size-full wp-image-5583\" src=\"http:\/\/www.atecordoba.org\/wp-content\/uploads\/2015\/08\/IMG-20150813-WA0015-e1439501713506.jpg\" alt=\"IMG-20150813-WA0015\" width=\"413\" height=\"550\" \/><\/a><\/p>\n<p>Adem\u00e1s, respondieron a la convocatoria general, numerosos jubilados de diversas organizaciones que apoyaron el plan de lucha, como el Centro de Jubilados provincial de ATE, la delegaci\u00f3n de San Francisco, centros de jubilados de Quilino, Dean Funes y otras localidades del norte provincial, la Comisi\u00f3n Permanente de Jubilados y Pensionados y Ajupracor, junto a otros centros de jubilados de la ciudad.<\/p>\n<p><a href=\"http:\/\/www.atecordoba.org\/wp-content\/uploads\/2015\/08\/IMG-20150813-WA00141-e1439501758205.jpg\"><img loading=\"lazy\" decoding=\"async\" class=\"aligncenter size-full wp-image-5584\" src=\"http:\/\/www.atecordoba.org\/wp-content\/uploads\/2015\/08\/IMG-20150813-WA00141-e1439501758205.jpg\" alt=\"IMG-20150813-WA0014\" width=\"550\" height=\"413\" \/><\/a><\/p>\n<p>Despu\u00e9s del debate, la concentraci\u00f3n parti\u00f3 hac\u00eda la esquina de Colon y General Paz donde se realiz\u00f3 un corte de media calzada. All\u00ed, trabajadores y dirigentes afirmaron que mantendr\u00e1n la lucha hasta que las autoridades se comprometan a mantener a los compa\u00f1eros en sus puestos de trabajo y garanticen la continuidad de los programas que presta el PAMI.<\/p>\n<p><a href=\"http:\/\/www.atecordoba.org\/wp-content\/uploads\/2015\/08\/IMG-20150813-WA0018-e1439501798562.jpg\"><img loading=\"lazy\" decoding=\"async\" class=\"aligncenter size-full wp-image-5585\" src=\"http:\/\/www.atecordoba.org\/wp-content\/uploads\/2015\/08\/IMG-20150813-WA0018-e1439501798562.jpg\" alt=\"IMG-20150813-WA0018\" width=\"413\" height=\"550\" \/><\/a><\/p>\n<p>En tanto, en Capital Federal se llev\u00f3 a cabo una fuerte movilizaci\u00f3n a la sede central del organismo donde estuvieron presentes compa\u00f1eros de C\u00f3rdoba, junto a trabajadores de las sedes de PAMI de todo el pa\u00eds. El plan de lucha continuar\u00e1 con una nueva jornada de protesta el pr\u00f3ximo 20 de agosto. En C\u00f3rdoba resta acordar cu\u00e1l ser\u00e1 la modalidad a aplicarse.<\/p>\n<p><a href=\"http:\/\/www.atecordoba.org\/wp-content\/uploads\/2015\/08\/IMG-20150813-WA0036-e1439501866576.jpg\"><img loading=\"lazy\" decoding=\"async\" class=\"aligncenter size-full wp-image-5586\" src=\"http:\/\/www.atecordoba.org\/wp-content\/uploads\/2015\/08\/IMG-20150813-WA0036-e1439501866576.jpg\" alt=\"IMG-20150813-WA0036\" width=\"550\" height=\"309\" \/><\/a><\/p>\n<p><strong>An\u00e1lisis de la situaci\u00f3n que enfrenta PAMI<\/strong><\/p>\n<p>Con el objetivo de luchar en contra de las resoluciones 559 y 560 del INSSJyP, mediante las cuales se intenta desarticular a las actuales estructuras del organismo de todo el pa\u00eds, ATE ha desarrollado un informe que apunta a aportar argumentos para la discusi\u00f3n sobre el conflicto y la situaci\u00f3n del INSSJyP.<\/p>\n<p>\u201cLas resoluciones 559 y 560 que disponen la disoluci\u00f3n de m\u00faltiples estructuras del PAMI son parte de una estrategia que ya viene de antes: Vaciamiento de las \u00e1reas de prestaci\u00f3n directa que tiene el PAMI, baja en la calidad de las prestaciones para sus afiliados, y utilizaci\u00f3n de sus presupuestos en funci\u00f3n de financiar las arcas del Poder Ejecutivo\u201d, se\u00f1al\u00f3 el Secretario Adjunto del Consejo Directivo Nacional de ATE, Hugo Godoy.<\/p>\n<p><a href=\"http:\/\/www.atecordoba.org\/wp-content\/uploads\/2015\/08\/IMG-20150813-WA0025-e1439501923923.jpg\"><img loading=\"lazy\" decoding=\"async\" class=\"aligncenter size-full wp-image-5588\" src=\"http:\/\/www.atecordoba.org\/wp-content\/uploads\/2015\/08\/IMG-20150813-WA0025-e1439501923923.jpg\" alt=\"IMG-20150813-WA0025\" width=\"413\" height=\"550\" \/><\/a><\/p>\n<p>\u201cTodo esto pone en riesgo, adem\u00e1s de la calidad de atenci\u00f3n del PAMI, a la estabilidad laboral de los trabajadores de esta repartici\u00f3n estatal. Es por esto que desde ATE estamos saliendo fuertemente con asambleas y movilizaciones para pelear contra este ajuste. ATE ha convocado a asambleas en los organismos y dependencias del PAMI en todo el pa\u00eds para el d\u00eda de ma\u00f1ana. All\u00ed definiremos las nuevas medidas de acci\u00f3n que se emplear\u00e1n para resistir este embate de ajuste\u201d, agreg\u00f3 el dirigente nacional del sindicato.<\/p>\n<p><a href=\"http:\/\/www.atecordoba.org\/wp-content\/uploads\/2015\/08\/IMG-20150813-WA0027-e1439501959300.jpg\"><img loading=\"lazy\" decoding=\"async\" class=\"aligncenter size-full wp-image-5589\" src=\"http:\/\/www.atecordoba.org\/wp-content\/uploads\/2015\/08\/IMG-20150813-WA0027-e1439501959300.jpg\" alt=\"IMG-20150813-WA0027\" width=\"550\" height=\"309\" \/><\/a><\/p>\n<p><span style=\"font-style: inherit; font-weight: inherit;\"><span style=\"font-style: inherit; font-weight: inherit;\">A continuaci\u00f3n, el informe completo:<\/span><\/span><\/p>\n<p><span style=\"font-style: inherit; font-weight: inherit;\"><span style=\"font-style: inherit; font-weight: inherit;\">EL PAMI QUE NOS DEJAN Y EL PAMI QUE HAY QUE RECUPERAR<\/span><\/span><\/p>\n<p><span style=\"font-style: inherit; font-weight: inherit;\"><span style=\"font-style: inherit; font-weight: inherit;\">Aportes para la discusi\u00f3n sobre el conflicto y la situaci\u00f3n en el INSSJP<\/span><\/span><\/p>\n<p><span style=\"font-style: inherit; font-weight: inherit;\"><span style=\"font-style: inherit; font-weight: inherit;\">Es una verdadera frutilla del postre, en el marco del fin de ciclo del actual gobierno, las recientes resoluciones 559 y 560 firmadas por parte del Director Ejecutivo (en los hechos interventor de facto durante m\u00e1s de diez a\u00f1os), las que dispusieron la disoluci\u00f3n de m\u00faltiples estructuras exclusivamente comprometiendo los niveles operativos donde se realiza la atenci\u00f3n directa de los afiliados a esta Obra Social.<\/span><\/span><\/p>\n<p><span style=\"font-style: inherit; font-weight: inherit;\"><span style=\"font-style: inherit; font-weight: inherit;\">No porque sean distintas al curso de la \u201cgesti\u00f3n Di Cesare\u201d, sino porque aparecen despu\u00e9s de 11 a\u00f1os de y sobre el filo del cambio de gobierno.<\/span><\/span><\/p>\n<p><a href=\"http:\/\/www.atecordoba.org\/wp-content\/uploads\/2015\/08\/IMG-20150813-WA0037-e1439501987795.jpg\"><img loading=\"lazy\" decoding=\"async\" class=\"aligncenter size-full wp-image-5590\" src=\"http:\/\/www.atecordoba.org\/wp-content\/uploads\/2015\/08\/IMG-20150813-WA0037-e1439501987795.jpg\" alt=\"IMG-20150813-WA0037\" width=\"550\" height=\"163\" \/><\/a><\/p>\n<p><span style=\"font-style: inherit; font-weight: inherit;\"><span style=\"font-style: inherit; font-weight: inherit;\">Las preguntas acerca de las razones de esta oportunidad de la decisi\u00f3n aparecen naturalmente\u2026 trabajo sucio? Negocio? Cualquiera\/s que sea\/n, no deben obturar el an\u00e1lisis y el debate acerca del PAMI que nos dejan, y el PAMI que hay que recuperar.<\/span><\/span><\/p>\n<p><span style=\"font-style: inherit; font-weight: inherit;\"><span style=\"font-style: inherit; font-weight: inherit;\">El martes 8 de julio de 2003, el entonces presidente N\u00e9stor Kirchner firmaba el decreto 348, mediante el cual se dispon\u00eda la intervenci\u00f3n del PAMI por 180 d\u00edas, \u201c\u2026 luego de comprobar el anormal funcionamiento de la obra social de los jubilados, y resolvi\u00f3 avanzar en un proceso de reestructuraci\u00f3n que deb\u00eda terminar en la creaci\u00f3n de &#8220;un nuevo modelo del PAMI&#8221; en cuanto a la gesti\u00f3n y la prestaci\u00f3n de servicios.<\/span><\/span><\/p>\n<p><span style=\"font-style: inherit; font-weight: inherit;\"><span style=\"font-style: inherit; font-weight: inherit;\">El anuncio lo hizo p\u00fablico el entonces ministro de Salud, Gin\u00e9s Gonz\u00e1lez Garc\u00eda (el mismo de Duhalde), y a trav\u00e9s del mismo se designaban como interventor a Juan Gonz\u00e1lez Gaviola (el mismo que a\u00f1os despu\u00e9s \u201coperacionalizaba\u201d una ley sobre ART repudiada por la mayor\u00eda de las Organizaciones gremiales), y como subinterventor a Jos\u00e9 Granero (del mism\u00edsimo \u201cri\u00f1\u00f3n\u201d K, hoy procesado por sus vinculaciones referidas al tr\u00e1fico de efedrina durante su gesti\u00f3n al frente del SEDRONAR).<\/span><\/span><\/p>\n<p><a href=\"http:\/\/www.atecordoba.org\/wp-content\/uploads\/2015\/08\/IMG-20150813-WA0033-e1439502016473.jpg\"><img loading=\"lazy\" decoding=\"async\" class=\"aligncenter size-full wp-image-5591\" src=\"http:\/\/www.atecordoba.org\/wp-content\/uploads\/2015\/08\/IMG-20150813-WA0033-e1439502016473.jpg\" alt=\"IMG-20150813-WA0033\" width=\"550\" height=\"309\" \/><\/a><\/p>\n<p><span style=\"font-style: inherit; font-weight: inherit;\"><span style=\"font-style: inherit; font-weight: inherit;\">Se argumentaba en esos anuncios, que en el PAMI, &#8220;se reiteraban una serie de vicios&#8221; en la gesti\u00f3n, no exist\u00edan &#8220;sistemas y circuitos administrativos, manuales de compras&#8221; o &#8220;procesos licitatorios para la renovaci\u00f3n de servicios de salud&#8221;, \u201cla planta de trabajadores est\u00e1 sobredimensionada\u201d con una &#8220;cantidad exagerada de representantes sindicales&#8221;.<\/span><\/span><\/p>\n<p><span style=\"font-style: inherit; font-weight: inherit;\"><span style=\"font-style: inherit; font-weight: inherit;\">&#8220;\u2026 El Presidente no decidi\u00f3 el desguace del PAMI, ni dividirlo, ni fragmentarlo, como los modelos de descentralizaci\u00f3n de la d\u00e9cada del 90\u2026\u201d, se apuraban a aclarar los voceros de la Intervenci\u00f3n. \u201c\u2026 no habr\u00e1 &#8220;discrecionalidad&#8221;, sino que \u201chabr\u00e1 supervisi\u00f3n forma permanente y en tiempo real por los organismos de control&#8221; del Estado.<\/span><\/span><\/p>\n<p><span style=\"font-style: inherit; font-weight: inherit;\"><span style=\"font-style: inherit; font-weight: inherit;\">Oca\u00f1a mediante (nombrada como \u201cDirectora normalizadora\u201d) y bajo los mismos mandamientos de siempre, lleg\u00f3 Luciano Di C\u00e9sare a finales del 2007.<\/span><\/span><\/p>\n<p><span style=\"font-style: inherit; font-weight: inherit;\"><span style=\"font-style: inherit; font-weight: inherit;\">Nada ha cambiado\u2026 o mejor dicho, s\u00ed\u2026<\/span><\/span><\/p>\n<p><a href=\"http:\/\/www.atecordoba.org\/wp-content\/uploads\/2015\/08\/IMG-20150813-WA0028-e1439502055551.jpg\"><img loading=\"lazy\" decoding=\"async\" class=\"aligncenter size-full wp-image-5592\" src=\"http:\/\/www.atecordoba.org\/wp-content\/uploads\/2015\/08\/IMG-20150813-WA0028-e1439502055551.jpg\" alt=\"IMG-20150813-WA0028\" width=\"550\" height=\"367\" \/><\/a><\/p>\n<p><span style=\"font-style: inherit; font-weight: inherit;\"><span style=\"font-style: inherit; font-weight: inherit;\">En esos siete a\u00f1os, el organismo pr\u00e1cticamente duplic\u00f3 la cantidad de empleados, entre los de planta permanente y los contratados. Pas\u00f3 de tener 10.700 a poco m\u00e1s de 20.000, la gran mayor\u00eda son cargos pol\u00edticos. \u201cDi C\u00e9sare fue desplazando al personal de carrera por trabajadores sin experiencia\u2026 hay cada vez m\u00e1s gente, pero por ejemplo no hay asistentes sociales y los m\u00e9dicos no alcanzan. El PAMI intervenido es un negocio fenomenal. Sin controles hacen lo que se les canta. La normalizaci\u00f3n es un paso fundamental&#8221;, alert\u00f3 por ejemplo Eugenio Semino, defensor de la Tercera Edad.<\/span><\/span><\/p>\n<p><span style=\"font-style: inherit; font-weight: inherit;\"><span style=\"font-style: inherit; font-weight: inherit;\">El presupuesto del Instituto asciende en la actualidad a unos 45.000 millones de pesos, algo as\u00ed como el sexto presupuesto del pa\u00eds, detr\u00e1s del gobierno nacional, la Anses, la provincia de Buenos Aires, la Ciudad de Buenos Aires y Santa Fe.<\/span><\/span><\/p>\n<p><a href=\"http:\/\/www.atecordoba.org\/wp-content\/uploads\/2015\/08\/IMG-20150813-WA0026-e1439502120843.jpg\"><img loading=\"lazy\" decoding=\"async\" class=\"aligncenter size-full wp-image-5594\" src=\"http:\/\/www.atecordoba.org\/wp-content\/uploads\/2015\/08\/IMG-20150813-WA0026-e1439502120843.jpg\" alt=\"IMG-20150813-WA0026\" width=\"550\" height=\"330\" \/><\/a><\/p>\n<p><span style=\"font-style: inherit; font-weight: inherit;\"><span style=\"font-style: inherit; font-weight: inherit;\">Manejo de fondos que han sido observados por la propia Auditor\u00eda General de la Naci\u00f3n (AGN), &#8220;\u2026 dificultades y atrasos para acceder a la informaci\u00f3n\u2026\u201d.<\/span><\/span><\/p>\n<p><span style=\"font-style: inherit; font-weight: inherit;\"><span style=\"font-style: inherit; font-weight: inherit;\">No obstante las quejas de los beneficiarios en cuanto a la calidad y oportunidad de las prestaciones, el Instituto ostenta excedentes colocados a plazo fijo, o desv\u00eda fondos hacia el gobierno nacional a cambio de Letra del Tesoro (LETE).<\/span><\/span><\/p>\n<p><span style=\"font-style: inherit; font-weight: inherit;\"><span style=\"font-style: inherit; font-weight: inherit;\">Desmanejos con los balances; discrecionalidad en los pagos; demoras en los pagos a los prestadores con la consecuente repercusi\u00f3n en la calidad del servicio, entre otras cuestiones, son algunas otras observaciones efectuadas.<\/span><\/span><\/p>\n<p><span style=\"font-style: inherit; font-weight: inherit;\"><span style=\"font-style: inherit; font-weight: inherit;\">Y en este marco de presupuesto de bonanza y fondos excedentes, el PAMI sigue exhibiendo las irregularidades cr\u00f3nicas en el servicio de prestaciones: \u201cni buenas ni suficientes\u201d. Las eternas dificultades en la obtenci\u00f3n de camas para internaci\u00f3n; hogares geri\u00e1tricos y establecimientos de salud mental que no cumplen requisitos, y falta de m\u00e9dicos y centros de atenci\u00f3n.<\/span><\/span><\/p>\n<p><a href=\"http:\/\/www.atecordoba.org\/wp-content\/uploads\/2015\/08\/IMG-20150813-WA0034-e1439502155777.jpg\"><img loading=\"lazy\" decoding=\"async\" class=\"aligncenter size-full wp-image-5595\" src=\"http:\/\/www.atecordoba.org\/wp-content\/uploads\/2015\/08\/IMG-20150813-WA0034-e1439502155777.jpg\" alt=\"IMG-20150813-WA0034\" width=\"550\" height=\"309\" \/><\/a><\/p>\n<p><span style=\"font-style: inherit; font-weight: inherit;\"><span style=\"font-style: inherit; font-weight: inherit;\">Por todo ello, decimos que las RESOLUCIONES 559 Y 560 (que deben ser derogadas inmediatamente) son la frutilla del postre de un proceso sostenido y creciente de desguace del Organismo.<\/span><\/span><\/p>\n<p><span style=\"font-style: inherit; font-weight: inherit;\"><span style=\"font-style: inherit; font-weight: inherit;\">Debemos transitar el conflicto desatado las Resoluciones en cuesti\u00f3n, problematizando y reclamando por situaciones estructurales como:<\/span><\/span><\/p>\n<ul>\n<li>La total y verdadera normalizaci\u00f3n y democratizaci\u00f3n del Instituto, mediante elecci\u00f3n directa y secreta de los afiliados, consagrando un Directorio con representaci\u00f3n mayoritaria de jubilada\/os, pensionada\/os y trabajadora\/es.<\/li>\n<li><span style=\"font-style: inherit; font-weight: inherit;\"><span style=\"font-style: inherit; font-weight: inherit;\">Reinstalar las funciones de auditor\u00eda y control que el PAMI abandon\u00f3 en la actual gesti\u00f3n.<\/span><\/span><\/li>\n<li><span style=\"font-style: inherit; font-weight: inherit;\"><span style=\"font-style: inherit; font-weight: inherit;\">Re-implementar oficinas de enlace con personal profesional y administrativo de PAMI en la totalidad de los centros de internaci\u00f3n (hospitales y sanatorios) contratados por el INSSJP a fin de resolver \u201cen el momento\u201d las graves dificultades que sufren los mayores internados por razones cl\u00ednicas. Con funcionamiento de 8 a 20 hs y guardias nocturnas.<\/span><\/span><\/li>\n<li><span style=\"font-style: inherit; font-weight: inherit;\"><span style=\"font-style: inherit; font-weight: inherit;\">Retomar la funci\u00f3n resolutiva y contenedora del m\u00e9dico de cabecera, a fin de que los mismos no sean meros transcriptores de recetas y derivadores de pacientes. Con revisi\u00f3n de cupos de pacientes acordes a un funcionamiento eficaz, actualizaci\u00f3n de honorarios por c\u00e1pita y control responsable por parte de la Obra Social.<\/span><\/span><\/li>\n<li><span style=\"font-style: inherit; font-weight: inherit;\"><span style=\"font-style: inherit; font-weight: inherit;\">Recupero de la totalidad de las c\u00e1pitas, prestaciones y servicios privatizados en la operatoria del vaciamiento de los efectores propios.<\/span><\/span><\/li>\n<li><span style=\"font-style: inherit; font-weight: inherit;\"><span style=\"font-style: inherit; font-weight: inherit;\">Recupero del valor social del medicamento con eliminaci\u00f3n del indigno sistema de la tramitaci\u00f3n de medicaci\u00f3n sin cargo, e implementaci\u00f3n de un nuevo vadem\u00e9cum actualizado seg\u00fan est\u00e1ndares internacionales en la materia con previo estudio por parte de entidades universitarias p\u00fablicas nacionales. El afiliado en ese contexto no deber\u00e1 abonar ning\u00fan concepto econ\u00f3mico de su bolsillo, a excepci\u00f3n de la medicaci\u00f3n sin prescripci\u00f3n profesional.<\/span><\/span><\/li>\n<li><span style=\"font-style: inherit; font-weight: inherit;\"><span style=\"font-style: inherit; font-weight: inherit;\">Eliminaci\u00f3n de todo tipo de transferencias y\/o pr\u00e9stamos realizados y a realizarse con fondos del INSSJP, por fuera de sus cometidos espec\u00edficos, as\u00ed como una urgente revisi\u00f3n con derivaci\u00f3n a la justicia de todos los pr\u00e9stamos otorgados por el PAMI durante la administraci\u00f3n Di Cesare.<\/span><\/span><\/li>\n<li><span style=\"font-style: inherit; font-weight: inherit;\"><span style=\"font-style: inherit; font-weight: inherit;\">Urgente ampliaci\u00f3n de las camas de internaci\u00f3n en todos los distritos y unidades de gesti\u00f3n local donde falten dichos recursos, asumiendo similar temperamento con las plazas de residencias para mayores en situaci\u00f3n de dependencia.<\/span><\/span><\/li>\n<li><span style=\"font-style: inherit; font-weight: inherit;\"><span style=\"font-style: inherit; font-weight: inherit;\">Inmediata actualizaci\u00f3n de los subsidios econ\u00f3micos destinados a paliar contingencias sufridas por los mayores, en particular quienes atraviesan situaciones de dependencia.<\/span><\/span><\/li>\n<li><span style=\"font-style: inherit; font-weight: inherit;\"><span style=\"font-style: inherit; font-weight: inherit;\">Implementaci\u00f3n a nivel nacional de sistemas de apoyo domiciliario (enfermer\u00eda y cuidadores) orientados a sostener a los mayores dependientes en sus domicilios habituales (hasta donde sea prudente y posible hacerlo) y como forma de apoyo para sus familiares y convivientes.<\/span><\/span><\/li>\n<li><span style=\"font-style: inherit; font-weight: inherit;\"><span style=\"font-style: inherit; font-weight: inherit;\">Respeto al Convenio Colectivo del PAMI I con puesta en vigencia de concursos para ocupar los cargos vacantes as\u00ed como la derogaci\u00f3n de las resoluciones que eliminan \u00e1reas operativas.<\/span><\/span><\/li>\n<li><span style=\"font-style: inherit; font-weight: inherit;\"><span style=\"font-style: inherit; font-weight: inherit;\">Implementaci\u00f3n de una nueva estructura org\u00e1nico funcional que valorice las acciones directas con los afilados y transparente las \u00e1reas y servicios desarrollados en el plano local, asegurando una dotaci\u00f3n de trabajadores necesarios para cubrir las necesidades de los afiliados del INSSJP.<\/span><\/span><\/li>\n<li><span style=\"font-style: inherit; font-weight: inherit;\"><span style=\"font-style: inherit; font-weight: inherit;\">Afiliaci\u00f3n inmediata y autom\u00e1tica de todo beneficiario que haya acreedor de un haber previsional contributivo y en condiciones de recibir la cobertura del INSSJP, con la eliminaci\u00f3n de tr\u00e1mites innecesarios.<\/span><\/span><\/li>\n<li><span style=\"font-style: inherit; font-weight: inherit;\"><span style=\"font-style: inherit; font-weight: inherit;\">Implementaci\u00f3n inmediata de todas las DAMNPyP (Divisi\u00f3n atenci\u00f3n medica programada y no programada) \u201cGUARDIA\u201d en cada una de las cabeceras que existieron a\u00f1os anteriores en las localidades de Mor\u00f3n, Lan\u00fas, San Martin, Rosario y Capital Federal. Para brindar mejor calidad de servicio y pronta atenci\u00f3n a los jubilados y pensionados. No como en la actualidad que el servicio esta centralizado y eso produce DEMORAS en la atenci\u00f3n del afiliado.<\/span><\/span><\/li>\n<li><span style=\"font-style: inherit; font-weight: inherit;\"><span style=\"font-style: inherit; font-weight: inherit;\">Recuperaci\u00f3n integral de los efectores propios, como los policl\u00ednicos PAMI 1 y 2 de Rosario, o el ex Hospital Franc\u00e9s, hoy Cesar Milstein, nosocomios totalmente vaciados, que no tienen recuperaci\u00f3n en lo inmediato ya que se han perdido prestaciones propias, laboratorios, rayos, di\u00e1lisis, bajas en las programaciones de cirug\u00edas, interdisciplinas, trabajadores sociales, psic\u00f3logos, etc.<\/span><\/span><\/li>\n<\/ul>\n","protected":false},"excerpt":{"rendered":"<p>En el marco del plan de lucha que viene desarrollando ATE se realiz\u00f3 una nueva jornada de protesta para resistir el achicamiento estructural del organismo. Fuerte movilizaci\u00f3n en Capital Federal. Desde primeras horas del d\u00eda, la atenci\u00f3n estuvo resentida y a las 11 se convoc\u00f3 a una concentraci\u00f3n\u00a0en la puerta de la obra social, en [&hellip;]<\/p>\n","protected":false},"author":1,"featured_media":19220,"comment_status":"open","ping_status":"open","sticky":false,"template":"","format":"standard","meta":{"_exactmetrics_skip_tracking":false,"_exactmetrics_sitenote_active":false,"_exactmetrics_sitenote_note":"","_exactmetrics_sitenote_category":0,"jnews-multi-image_gallery":[],"jnews_single_post":[],"jnews_primary_category":[],"jnews_social_meta":[],"jnews_review":[],"enable_review":"","type":"","name":"","summary":"","brand":"","sku":"","good":[],"bad":[],"score_override":"","override_value":"","rating":[],"price":[],"jnews_override_counter":[],"jnews_post_split":[],"footnotes":""},"categories":[18],"tags":[],"class_list":["post-5579","post","type-post","status-publish","format-standard","has-post-thumbnail","hentry","category-nacionales"],"jetpack_featured_media_url":"https:\/\/atecordoba.org\/wp-content\/uploads\/2020\/05\/logo-nuevochico-e1561581322808.png","_links":{"self":[{"href":"https:\/\/atecordoba.org\/index.php?rest_route=\/wp\/v2\/posts\/5579","targetHints":{"allow":["GET"]}}],"collection":[{"href":"https:\/\/atecordoba.org\/index.php?rest_route=\/wp\/v2\/posts"}],"about":[{"href":"https:\/\/atecordoba.org\/index.php?rest_route=\/wp\/v2\/types\/post"}],"author":[{"embeddable":true,"href":"https:\/\/atecordoba.org\/index.php?rest_route=\/wp\/v2\/users\/1"}],"replies":[{"embeddable":true,"href":"https:\/\/atecordoba.org\/index.php?rest_route=%2Fwp%2Fv2%2Fcomments&post=5579"}],"version-history":[{"count":1,"href":"https:\/\/atecordoba.org\/index.php?rest_route=\/wp\/v2\/posts\/5579\/revisions"}],"predecessor-version":[{"id":21141,"href":"https:\/\/atecordoba.org\/index.php?rest_route=\/wp\/v2\/posts\/5579\/revisions\/21141"}],"wp:featuredmedia":[{"embeddable":true,"href":"https:\/\/atecordoba.org\/index.php?rest_route=\/wp\/v2\/media\/19220"}],"wp:attachment":[{"href":"https:\/\/atecordoba.org\/index.php?rest_route=%2Fwp%2Fv2%2Fmedia&parent=5579"}],"wp:term":[{"taxonomy":"category","embeddable":true,"href":"https:\/\/atecordoba.org\/index.php?rest_route=%2Fwp%2Fv2%2Fcategories&post=5579"},{"taxonomy":"post_tag","embeddable":true,"href":"https:\/\/atecordoba.org\/index.php?rest_route=%2Fwp%2Fv2%2Ftags&post=5579"}],"curies":[{"name":"wp","href":"https:\/\/api.w.org\/{rel}","templated":true}]}}