{"id":5573,"date":"2015-08-13T15:58:55","date_gmt":"2015-08-13T18:58:55","guid":{"rendered":"http:\/\/www.atecordoba.org\/?p=5573"},"modified":"2015-08-13T15:58:55","modified_gmt":"2015-08-13T18:58:55","slug":"san-marcos-sierra-ate-llego-a-un-acuerdo-para-que-los-municipales-cobren-salarios-caidos-y-el-pase-a-planta-de-todos-los-contratados","status":"publish","type":"post","link":"https:\/\/atecordoba.org\/?p=5573","title":{"rendered":"San Marcos Sierra: ATE lleg\u00f3 a un acuerdo para que los municipales cobren salarios ca\u00eddos y el pase a planta de todos los contratados"},"content":{"rendered":"<p><em>El acuerdo se firm\u00f3 ayer en la sede del municipio serrano entre el intendente Alejandro Alarc\u00f3n y representantes de nuestro gremio. Tras cart\u00f3n, el jefe comunal pag\u00f3 el sueldo de junio y ma\u00f1ana abonar\u00e1 julio, en tanto se confirm\u00f3 el pase a planta de los precarizados, que esperaban la medida hace tres a\u00f1os.<\/em><\/p>\n<figure id=\"attachment_5574\" aria-describedby=\"caption-attachment-5574\" style=\"width: 550px\" class=\"wp-caption aligncenter\"><a href=\"http:\/\/www.atecordoba.org\/wp-content\/uploads\/2015\/08\/IMG_8033-e1439492260546.jpg\"><img loading=\"lazy\" decoding=\"async\" class=\"wp-image-5574 size-full\" src=\"http:\/\/www.atecordoba.org\/wp-content\/uploads\/2015\/08\/IMG_8033-e1439492260546.jpg\" alt=\"IMG_8033\" width=\"550\" height=\"309\" \/><\/a><figcaption id=\"caption-attachment-5574\" class=\"wp-caption-text\">Los compa\u00f1eros Mur\u00faa, Barcena, Tuli\u00e1n y Moreno<\/figcaption><\/figure>\n<p>Participaron de la reuni\u00f3n los compa\u00f1eros Felix Moreno y Antonio Tuli\u00e1n, delegados de ATE, y Alejandro Mur\u00faa, coordinador de los municipales de Unquillo y representante del CDP para la oportunidad.<\/p>\n<p>El acta compromiso\u00a0incluy\u00f3 tambi\u00e9n el blanqueo de los tickets, no remunerativos que pasar\u00e1n la b\u00e1sico antes del 10 de diciembre pr\u00f3ximo y el pase a planta permanente de los compa\u00f1eros que ven\u00edan reclamando la titularidad hace tres a\u00f1os.<\/p>\n<p>El acuerdo comenz\u00f3 a gestarse el mes pasado cuando, tras una asamblea donde particip\u00f3 la gran mayor\u00eda del personal para reclamar los salarios ca\u00eddos, se logr\u00f3 el compromiso verbal del intendente con el secretario de Interior del CDP Luis Barcena, ahora plasmado en el acta-acuerdo.<\/p>\n<p>Todo es resultado del crecimiento organizativo de ATE en el sector que se expres\u00f3 en el compromiso de los trabajadores para luchar juntos en beneficio del conjunto.<\/p>\n<p><a href=\"http:\/\/www.atecordoba.org\/wp-content\/uploads\/2015\/08\/acta-acuerdo-san-marcos-sierras-12-8-e1439492475409.jpg\"><img loading=\"lazy\" decoding=\"async\" class=\"aligncenter size-full wp-image-5576\" src=\"http:\/\/www.atecordoba.org\/wp-content\/uploads\/2015\/08\/acta-acuerdo-san-marcos-sierras-12-8-e1439492475409.jpg\" alt=\"acta acuerdo san marcos sierras 12-8\" width=\"386\" height=\"550\" \/><\/a><\/p>\n","protected":false},"excerpt":{"rendered":"<p>El acuerdo se firm\u00f3 ayer en la sede del municipio serrano entre el intendente Alejandro Alarc\u00f3n y representantes de nuestro gremio. Tras cart\u00f3n, el jefe comunal pag\u00f3 el sueldo de junio y ma\u00f1ana abonar\u00e1 julio, en tanto se confirm\u00f3 el pase a planta de los precarizados, que esperaban la medida hace tres a\u00f1os. Participaron de [&hellip;]<\/p>\n","protected":false},"author":1,"featured_media":19220,"comment_status":"open","ping_status":"open","sticky":false,"template":"","format":"standard","meta":{"_exactmetrics_skip_tracking":false,"_exactmetrics_sitenote_active":false,"_exactmetrics_sitenote_note":"","_exactmetrics_sitenote_category":0,"jnews-multi-image_gallery":[],"jnews_single_post":[],"jnews_primary_category":[],"jnews_social_meta":[],"jnews_review":[],"enable_review":"","type":"","name":"","summary":"","brand":"","sku":"","good":[],"bad":[],"score_override":"","override_value":"","rating":[],"price":[],"jnews_override_counter":[],"jnews_post_split":[],"footnotes":""},"categories":[20],"tags":[],"class_list":["post-5573","post","type-post","status-publish","format-standard","has-post-thumbnail","hentry","category-municipales"],"jetpack_featured_media_url":"https:\/\/atecordoba.org\/wp-content\/uploads\/2020\/05\/logo-nuevochico-e1561581322808.png","_links":{"self":[{"href":"https:\/\/atecordoba.org\/index.php?rest_route=\/wp\/v2\/posts\/5573","targetHints":{"allow":["GET"]}}],"collection":[{"href":"https:\/\/atecordoba.org\/index.php?rest_route=\/wp\/v2\/posts"}],"about":[{"href":"https:\/\/atecordoba.org\/index.php?rest_route=\/wp\/v2\/types\/post"}],"author":[{"embeddable":true,"href":"https:\/\/atecordoba.org\/index.php?rest_route=\/wp\/v2\/users\/1"}],"replies":[{"embeddable":true,"href":"https:\/\/atecordoba.org\/index.php?rest_route=%2Fwp%2Fv2%2Fcomments&post=5573"}],"version-history":[{"count":0,"href":"https:\/\/atecordoba.org\/index.php?rest_route=\/wp\/v2\/posts\/5573\/revisions"}],"wp:featuredmedia":[{"embeddable":true,"href":"https:\/\/atecordoba.org\/index.php?rest_route=\/wp\/v2\/media\/19220"}],"wp:attachment":[{"href":"https:\/\/atecordoba.org\/index.php?rest_route=%2Fwp%2Fv2%2Fmedia&parent=5573"}],"wp:term":[{"taxonomy":"category","embeddable":true,"href":"https:\/\/atecordoba.org\/index.php?rest_route=%2Fwp%2Fv2%2Fcategories&post=5573"},{"taxonomy":"post_tag","embeddable":true,"href":"https:\/\/atecordoba.org\/index.php?rest_route=%2Fwp%2Fv2%2Ftags&post=5573"}],"curies":[{"name":"wp","href":"https:\/\/api.w.org\/{rel}","templated":true}]}}