{"id":5570,"date":"2015-08-12T19:33:40","date_gmt":"2015-08-12T22:33:40","guid":{"rendered":"http:\/\/www.atecordoba.org\/?p=5570"},"modified":"2020-08-10T11:02:26","modified_gmt":"2020-08-10T14:02:26","slug":"manana-nueva-jornada-de-lucha-en-pami-contra-el-ajuste","status":"publish","type":"post","link":"https:\/\/atecordoba.org\/?p=5570","title":{"rendered":"Ma\u00f1ana, nueva jornada de lucha en PAMI contra el ajuste"},"content":{"rendered":"<p><em>La atenci\u00f3n se ver\u00e1 resentida desde las 7 horas y a partir de las 11 los compa\u00f1eros realizar\u00e1n una asamblea con concentraci\u00f3n en las puertas del organismo, en calle General Paz. Reclaman la marcha atr\u00e1s del plan de achicamiento estructural del instituto.<\/em><\/p>\n<p><a href=\"http:\/\/www.atecordoba.org\/wp-content\/uploads\/2015\/08\/IMG_2748-e1439418799251.jpg\"><img loading=\"lazy\" decoding=\"async\" class=\"aligncenter size-full wp-image-5571\" src=\"http:\/\/www.atecordoba.org\/wp-content\/uploads\/2015\/08\/IMG_2748-e1439418799251.jpg\" alt=\"IMG_2748\" width=\"500\" height=\"375\" \/><\/a><\/p>\n<p>Como sucedi\u00f3 la semana pasada, los trabajadores rechazan la modificaci\u00f3n inconsulta de la org\u00e1nica del organismo que da de baja una serie de \u00e1reas de atenci\u00f3n a los beneficiarios as\u00ed como de funcionamiento interno. Ayer las autoridades convocaron a una reuni\u00f3n de los paritarios donde confirm\u00f3 el programa de ajuste, lo que deriv\u00f3 que ATE rechazara los t\u00e9rminos de la convocatoria.<\/p>\n<p>Ma\u00f1ana la asamblea dar\u00e1 inicio a las 11, en tanto est\u00e1 previsto que suceda los mismo en las oficinas de PAMI del interior provincial. Adem\u00e1s ATE reclama, a contramano de lo que se propone el gobierno, el nombramiento de m\u00e1s personal ya que muchos compa\u00f1eros que se jubilaron no fueron reemplazados.<\/p>\n<p>&#8220;Esto explica las demoras que los afiliados vienen sufriendo para recibir las prestaciones. Como otra consecuencia de este cuadro de situaci\u00f3n, los trabajadores estamos desbordados de tareas sin que la direcci\u00f3n de PAMI d\u00e9 una soluci\u00f3n que resuelva los problemas que impactan por igual a trabajadores y jubilados&#8221;, dijo la delegada de ATE-PAMI Gisela Angelelli.<\/p>\n<p>Como se\u00f1al de apoyo, ma\u00f1ana estar\u00e1n presentes en la asamblea dirigentes del Consejo Directivo Provincial como Cacho Mengarelli, Luis Barcena o Daniel Pawluchuzk, entre otros.<\/p>\n","protected":false},"excerpt":{"rendered":"<p>La atenci\u00f3n se ver\u00e1 resentida desde las 7 horas y a partir de las 11 los compa\u00f1eros realizar\u00e1n una asamblea con concentraci\u00f3n en las puertas del organismo, en calle General Paz. Reclaman la marcha atr\u00e1s del plan de achicamiento estructural del instituto. Como sucedi\u00f3 la semana pasada, los trabajadores rechazan la modificaci\u00f3n inconsulta de la [&hellip;]<\/p>\n","protected":false},"author":1,"featured_media":19220,"comment_status":"open","ping_status":"open","sticky":false,"template":"","format":"standard","meta":{"_exactmetrics_skip_tracking":false,"_exactmetrics_sitenote_active":false,"_exactmetrics_sitenote_note":"","_exactmetrics_sitenote_category":0,"jnews-multi-image_gallery":[],"jnews_single_post":[],"jnews_primary_category":[],"jnews_social_meta":[],"jnews_review":[],"enable_review":"","type":"","name":"","summary":"","brand":"","sku":"","good":[],"bad":[],"score_override":"","override_value":"","rating":[],"price":[],"jnews_override_counter":[],"jnews_post_split":[],"footnotes":""},"categories":[18],"tags":[],"class_list":["post-5570","post","type-post","status-publish","format-standard","has-post-thumbnail","hentry","category-nacionales"],"jetpack_featured_media_url":"https:\/\/atecordoba.org\/wp-content\/uploads\/2020\/05\/logo-nuevochico-e1561581322808.png","_links":{"self":[{"href":"https:\/\/atecordoba.org\/index.php?rest_route=\/wp\/v2\/posts\/5570","targetHints":{"allow":["GET"]}}],"collection":[{"href":"https:\/\/atecordoba.org\/index.php?rest_route=\/wp\/v2\/posts"}],"about":[{"href":"https:\/\/atecordoba.org\/index.php?rest_route=\/wp\/v2\/types\/post"}],"author":[{"embeddable":true,"href":"https:\/\/atecordoba.org\/index.php?rest_route=\/wp\/v2\/users\/1"}],"replies":[{"embeddable":true,"href":"https:\/\/atecordoba.org\/index.php?rest_route=%2Fwp%2Fv2%2Fcomments&post=5570"}],"version-history":[{"count":1,"href":"https:\/\/atecordoba.org\/index.php?rest_route=\/wp\/v2\/posts\/5570\/revisions"}],"predecessor-version":[{"id":21142,"href":"https:\/\/atecordoba.org\/index.php?rest_route=\/wp\/v2\/posts\/5570\/revisions\/21142"}],"wp:featuredmedia":[{"embeddable":true,"href":"https:\/\/atecordoba.org\/index.php?rest_route=\/wp\/v2\/media\/19220"}],"wp:attachment":[{"href":"https:\/\/atecordoba.org\/index.php?rest_route=%2Fwp%2Fv2%2Fmedia&parent=5570"}],"wp:term":[{"taxonomy":"category","embeddable":true,"href":"https:\/\/atecordoba.org\/index.php?rest_route=%2Fwp%2Fv2%2Fcategories&post=5570"},{"taxonomy":"post_tag","embeddable":true,"href":"https:\/\/atecordoba.org\/index.php?rest_route=%2Fwp%2Fv2%2Ftags&post=5570"}],"curies":[{"name":"wp","href":"https:\/\/api.w.org\/{rel}","templated":true}]}}