{"id":5564,"date":"2015-08-12T19:20:05","date_gmt":"2015-08-12T22:20:05","guid":{"rendered":"http:\/\/www.atecordoba.org\/?p=5564"},"modified":"2015-08-12T19:20:05","modified_gmt":"2015-08-12T22:20:05","slug":"jornada-nacional-de-lucha-contra-la-represion-en-el-inti","status":"publish","type":"post","link":"https:\/\/atecordoba.org\/?p=5564","title":{"rendered":"Jornada nacional de lucha contra la represi\u00f3n en el INTI"},"content":{"rendered":"<p><em>Una multitudinaria marcha hacia la sede del Ministerio de Industria constituy\u00f3 hoy la actividad central que ATE impuls\u00f3 en todo el pa\u00eds, a favor del pase a planta de los trabajadores del instituto de tecnolog\u00eda industrial y en repudio a la violencia de la Polic\u00eda Federal, que tuvo como desenlace la detenci\u00f3n ilegal y golpiza a los compa\u00f1eros Alejandro Cirota y Nelson Ferreyra.<\/em><\/p>\n<p><a href=\"http:\/\/www.atecordoba.org\/wp-content\/uploads\/2015\/08\/marcha-bs-as-e1439417921289.jpg\"><img loading=\"lazy\" decoding=\"async\" class=\"aligncenter size-full wp-image-5565\" src=\"http:\/\/www.atecordoba.org\/wp-content\/uploads\/2015\/08\/marcha-bs-as-e1439417921289.jpg\" alt=\"marcha bs as\" width=\"550\" height=\"358\" \/><\/a><\/p>\n<p>Miles de trabajadores se movilizaron hoy en distintos puntos del pa\u00eds bajo una misma bandera: el pase a planta de 2 mil empleados del Instituto Nacional de Tecnolog\u00eda Industrial (que representan el 70% del plantel). Adem\u00e1s exigieron el cese de las tareas de inteligencia que la polic\u00eda conducida por Sergio Berni realiza sobre los compa\u00f1eros desde hace tres a\u00f1os y que el viernes pasado protagoniz\u00f3 la detenci\u00f3n en las puertas del INTI sin orden judicial de Cirota y Ferreyra, a quienes golpearon y demoraron por m\u00e1s de cuatro horas. En Buenos Aires, en el marco del paro resuelto por ATE Capital Federal, cientos de militantes marcharon hacia la sede del ministerio liderado por D\u00e9bora Giorgi. La columna, encabezada por el Secretario Adjunto de ATE, Hugo Godoy, cont\u00f3 con la presencia de dirigentes nacionales del sindicato.<\/p>\n<p><a href=\"http:\/\/www.atecordoba.org\/wp-content\/uploads\/2015\/08\/marcah-bs-as-2-e1439417947923.jpg\"><img loading=\"lazy\" decoding=\"async\" class=\"aligncenter size-full wp-image-5566\" src=\"http:\/\/www.atecordoba.org\/wp-content\/uploads\/2015\/08\/marcah-bs-as-2-e1439417947923.jpg\" alt=\"marcah bs as 2\" width=\"550\" height=\"350\" \/><\/a><\/p>\n<p>Detr\u00e1s suyo alzaban su voz las delegaciones del INTI de Mendoza, Entre R\u00edos, C\u00f3rdoba, Rosario y San Luis, acompa\u00f1ados por la solidaridad de varias juntas internas estatales, y de trabajadores de la l\u00ednea 60 y el SUTEBA de Tigre. Desde el palco Godoy acus\u00f3 a la ministra D\u00e9bora Giorgi de complicidad con \u201cel secuestro, tortura y detenci\u00f3n ilegal\u201d de Cirota y Ferreyra, ya que, si as\u00ed no lo fuese, debiera haber promovido alg\u00fan tipo de sanci\u00f3n al jefe de la Comisar\u00eda 47. \u201cLo del INTI no es aislado\u201d, prosigui\u00f3 el dirigente. \u201cD\u00edas antes tambi\u00e9n hubo represi\u00f3n a los trabajadores de la l\u00ednea 60\u201d.El silencio de la ministra antes estos oscuros hechos es, por lo menos, parad\u00f3jico. Porque d\u00edas previos a la vejaci\u00f3n que sufrieran los compa\u00f1eros de ATE, particip\u00f3 de un acto de reparaci\u00f3n de legajo de un trabajador del INTI desaparecido durante la \u00faltima dictadura, bajo la misma modalidad que Cirota y Ferreyra.\u00a0 Giorgi fue nuevamente blanco del Secretario Adjunto de ATE, en cuanto a su responsabilidad en el vaciamiento que atraviesa el instituto, sobre el que no existen pol\u00edticas de inversi\u00f3n serias.<\/p>\n<p><a href=\"http:\/\/www.atecordoba.org\/wp-content\/uploads\/2015\/08\/marcha-bs-as-3-e1439417971780.jpg\"><img loading=\"lazy\" decoding=\"async\" class=\"aligncenter size-full wp-image-5567\" src=\"http:\/\/www.atecordoba.org\/wp-content\/uploads\/2015\/08\/marcha-bs-as-3-e1439417971780.jpg\" alt=\"marcha bs as 3\" width=\"550\" height=\"361\" \/><\/a><\/p>\n<p>El delegado general de la junta interna de los estatales en el INTI, Francisco Dolmann, precis\u00f3 que desde 2011 existe un acta firmada con las autoridades del organismo por el pase a planta de los trabajadores precarizados. \u201cEste es el momento oportuno para que la ministra Giorgi resuelva el drama de estos compa\u00f1eros: si en verdad es tan popular, antes del fin de su mandato debiera expedirse\u201d, bram\u00f3.<\/p>\n<p>Desde el micr\u00f3fono prosiguieron hablando Jos\u00e9 Luis Matassa, secretario General de ATE Capital, y Carlos Chile, Secretario de Organizaci\u00f3n de la CTA. Ambos responsabilizaron al gobierno nacional de la maniobra represiva. Chile, puntualmente, la compar\u00f3 con la violencia institucional que sufren cotidianamente los barrios m\u00e1s humildes. Luego una delegaci\u00f3n de ATE INTI ingres\u00f3 a la sede ministerial, a entregarle una carta a la ministra Giorgi.<\/p>\n<p>Ma\u00f1ana una nueva asamblea de trabajadores del instituto definir\u00e1 los pasos a seguir en su plan de lucha. Prometen que har\u00e1n sonar el escarmiento si no se respetan los derechos constitucionales de los trabajadores.<\/p>\n","protected":false},"excerpt":{"rendered":"<p>Una multitudinaria marcha hacia la sede del Ministerio de Industria constituy\u00f3 hoy la actividad central que ATE impuls\u00f3 en todo el pa\u00eds, a favor del pase a planta de los trabajadores del instituto de tecnolog\u00eda industrial y en repudio a la violencia de la Polic\u00eda Federal, que tuvo como desenlace la detenci\u00f3n ilegal y golpiza [&hellip;]<\/p>\n","protected":false},"author":1,"featured_media":19220,"comment_status":"open","ping_status":"open","sticky":false,"template":"","format":"standard","meta":{"_exactmetrics_skip_tracking":false,"_exactmetrics_sitenote_active":false,"_exactmetrics_sitenote_note":"","_exactmetrics_sitenote_category":0,"jnews-multi-image_gallery":[],"jnews_single_post":[],"jnews_primary_category":[],"jnews_social_meta":[],"jnews_review":[],"enable_review":"","type":"","name":"","summary":"","brand":"","sku":"","good":[],"bad":[],"score_override":"","override_value":"","rating":[],"price":[],"jnews_override_counter":[],"jnews_post_split":[],"footnotes":""},"categories":[100,18],"tags":[],"class_list":["post-5564","post","type-post","status-publish","format-standard","has-post-thumbnail","hentry","category-inti","category-nacionales"],"jetpack_featured_media_url":"https:\/\/atecordoba.org\/wp-content\/uploads\/2020\/05\/logo-nuevochico-e1561581322808.png","_links":{"self":[{"href":"https:\/\/atecordoba.org\/index.php?rest_route=\/wp\/v2\/posts\/5564","targetHints":{"allow":["GET"]}}],"collection":[{"href":"https:\/\/atecordoba.org\/index.php?rest_route=\/wp\/v2\/posts"}],"about":[{"href":"https:\/\/atecordoba.org\/index.php?rest_route=\/wp\/v2\/types\/post"}],"author":[{"embeddable":true,"href":"https:\/\/atecordoba.org\/index.php?rest_route=\/wp\/v2\/users\/1"}],"replies":[{"embeddable":true,"href":"https:\/\/atecordoba.org\/index.php?rest_route=%2Fwp%2Fv2%2Fcomments&post=5564"}],"version-history":[{"count":0,"href":"https:\/\/atecordoba.org\/index.php?rest_route=\/wp\/v2\/posts\/5564\/revisions"}],"wp:featuredmedia":[{"embeddable":true,"href":"https:\/\/atecordoba.org\/index.php?rest_route=\/wp\/v2\/media\/19220"}],"wp:attachment":[{"href":"https:\/\/atecordoba.org\/index.php?rest_route=%2Fwp%2Fv2%2Fmedia&parent=5564"}],"wp:term":[{"taxonomy":"category","embeddable":true,"href":"https:\/\/atecordoba.org\/index.php?rest_route=%2Fwp%2Fv2%2Fcategories&post=5564"},{"taxonomy":"post_tag","embeddable":true,"href":"https:\/\/atecordoba.org\/index.php?rest_route=%2Fwp%2Fv2%2Ftags&post=5564"}],"curies":[{"name":"wp","href":"https:\/\/api.w.org\/{rel}","templated":true}]}}