{"id":5557,"date":"2015-08-11T15:15:37","date_gmt":"2015-08-11T18:15:37","guid":{"rendered":"http:\/\/www.atecordoba.org\/?p=5557"},"modified":"2015-08-11T15:15:37","modified_gmt":"2015-08-11T18:15:37","slug":"el-inti-se-moviliza-manana-al-ministerio-de-industria-en-repudio-a-la-represion","status":"publish","type":"post","link":"https:\/\/atecordoba.org\/?p=5557","title":{"rendered":"El INTI se moviliza ma\u00f1ana al Ministerio de Industria en repudio a la represi\u00f3n"},"content":{"rendered":"<p><em>Los trabajadores del organismo marchar\u00e1n ma\u00f1ana en Capital Federal a la cartera que dirige D\u00e9bora Georgi para repudiar la represi\u00f3n policial que sufrieron el jueves pasado, cuando realizaban\u00a0una protesta en reclamo del pase a planta de los precarizados, que alcanzan al 70% en el INTI. La marcha se realiza en el marco de un paro de 72 horas. A continuaci\u00f3n, el comunicado de la asamblea.\u00a0<\/em><\/p>\n<p><a href=\"http:\/\/www.atecordoba.org\/wp-content\/uploads\/2015\/08\/corte-gral-paz-e1439316895772.jpg\"><img loading=\"lazy\" decoding=\"async\" class=\"aligncenter size-full wp-image-5558\" src=\"http:\/\/www.atecordoba.org\/wp-content\/uploads\/2015\/08\/corte-gral-paz-e1439316895772.jpg\" alt=\"corte gral paz\" width=\"550\" height=\"330\" \/><\/a><\/p>\n<p>Los trabajadores de INTI-C\u00f3rdoba, reunidos en asamblea, resolvemos:<br \/>\nRepudiar la brutal represi\u00f3n sufrida el jueves 6\/08 por nuestros compa\u00f1eros de PTM, la cual fue llevada a cabo por efectivos de la Polic\u00eda Federal con m\u00e9todos de la dictadura genocida. Exigimos el inmediato retiro de las fuerzas represivas de las inmediaciones del INTI y que las autoridades se pronuncien al respecto manifestando su repudio a esta situaci\u00f3n.<br \/>\nEl paro de actividades por 72 horas resuelto se lleva a cabo con presencia en el lugar de trabajo para los d\u00edas 10 y 11 de agosto, mientras ma\u00f1ana\u00a0mi\u00e9rcoles 12 concurriremos a la movilizaci\u00f3n al Ministerio de Industria de la Naci\u00f3n junto a nuestros compa\u00f1eros de PTM y de otras reparticiones nacionales y provinciales.<br \/>\nInvitamos a todos los compa\u00f1eros del pa\u00eds a sumarse a la movilizaci\u00f3n en Buenos Aires, llevando como consigna principal de nuestra lucha el inmediato pase a planta de la totalidad de los contratados del instituto, sin concurso abierto y sin resignar posici\u00f3n escalafonaria.<br \/>\nDispondremos de colectivos que saldr\u00e1n desde C\u00f3rdoba a PTM, pasando por Rosario, para trasladarnos a la movilizaci\u00f3n del mi\u00e9rcoles con todos los gastos pagos.<\/p>\n<p>&nbsp;<\/p>\n<p>&nbsp;<\/p>\n","protected":false},"excerpt":{"rendered":"<p>Los trabajadores del organismo marchar\u00e1n ma\u00f1ana en Capital Federal a la cartera que dirige D\u00e9bora Georgi para repudiar la represi\u00f3n policial que sufrieron el jueves pasado, cuando realizaban\u00a0una protesta en reclamo del pase a planta de los precarizados, que alcanzan al 70% en el INTI. La marcha se realiza en el marco de un paro [&hellip;]<\/p>\n","protected":false},"author":1,"featured_media":19220,"comment_status":"open","ping_status":"open","sticky":false,"template":"","format":"standard","meta":{"_exactmetrics_skip_tracking":false,"_exactmetrics_sitenote_active":false,"_exactmetrics_sitenote_note":"","_exactmetrics_sitenote_category":0,"jnews-multi-image_gallery":[],"jnews_single_post":[],"jnews_primary_category":[],"jnews_social_meta":[],"jnews_review":[],"enable_review":"","type":"","name":"","summary":"","brand":"","sku":"","good":[],"bad":[],"score_override":"","override_value":"","rating":[],"price":[],"jnews_override_counter":[],"jnews_post_split":[],"footnotes":""},"categories":[100,18],"tags":[],"class_list":["post-5557","post","type-post","status-publish","format-standard","has-post-thumbnail","hentry","category-inti","category-nacionales"],"jetpack_featured_media_url":"https:\/\/atecordoba.org\/wp-content\/uploads\/2020\/05\/logo-nuevochico-e1561581322808.png","_links":{"self":[{"href":"https:\/\/atecordoba.org\/index.php?rest_route=\/wp\/v2\/posts\/5557","targetHints":{"allow":["GET"]}}],"collection":[{"href":"https:\/\/atecordoba.org\/index.php?rest_route=\/wp\/v2\/posts"}],"about":[{"href":"https:\/\/atecordoba.org\/index.php?rest_route=\/wp\/v2\/types\/post"}],"author":[{"embeddable":true,"href":"https:\/\/atecordoba.org\/index.php?rest_route=\/wp\/v2\/users\/1"}],"replies":[{"embeddable":true,"href":"https:\/\/atecordoba.org\/index.php?rest_route=%2Fwp%2Fv2%2Fcomments&post=5557"}],"version-history":[{"count":0,"href":"https:\/\/atecordoba.org\/index.php?rest_route=\/wp\/v2\/posts\/5557\/revisions"}],"wp:featuredmedia":[{"embeddable":true,"href":"https:\/\/atecordoba.org\/index.php?rest_route=\/wp\/v2\/media\/19220"}],"wp:attachment":[{"href":"https:\/\/atecordoba.org\/index.php?rest_route=%2Fwp%2Fv2%2Fmedia&parent=5557"}],"wp:term":[{"taxonomy":"category","embeddable":true,"href":"https:\/\/atecordoba.org\/index.php?rest_route=%2Fwp%2Fv2%2Fcategories&post=5557"},{"taxonomy":"post_tag","embeddable":true,"href":"https:\/\/atecordoba.org\/index.php?rest_route=%2Fwp%2Fv2%2Ftags&post=5557"}],"curies":[{"name":"wp","href":"https:\/\/api.w.org\/{rel}","templated":true}]}}