{"id":5549,"date":"2015-08-07T17:41:00","date_gmt":"2015-08-07T20:41:00","guid":{"rendered":"http:\/\/www.atecordoba.org\/?p=5549"},"modified":"2015-08-07T17:41:00","modified_gmt":"2015-08-07T20:41:00","slug":"repudio-a-la-represion-de-los-trabajadores-de-inti-y-paro-el-lunes","status":"publish","type":"post","link":"https:\/\/atecordoba.org\/?p=5549","title":{"rendered":"Repudio a la represi\u00f3n de los trabajadores de INTI y paro el lunes"},"content":{"rendered":"<p><em>El Consejo Directivo Provincial expres\u00f3 su m\u00e1s en\u00e9rgico repudio a la represi\u00f3n que sufrieron ayer los trabajadores del INTI en Capital Federal. En C\u00f3rdoba, el organismo realizar\u00e1 un paro el pr\u00f3ximo lunes en l\u00ednea con la medida de fuerza que se llevar\u00e1 a cabo en todo el pa\u00eds.<\/em><\/p>\n<p><a href=\"http:\/\/www.atecordoba.org\/wp-content\/uploads\/2015\/08\/REPRESION-INTI.jpg\"><img loading=\"lazy\" decoding=\"async\" class=\"aligncenter size-full wp-image-5550\" src=\"http:\/\/www.atecordoba.org\/wp-content\/uploads\/2015\/08\/REPRESION-INTI.jpg\" alt=\"REPRESION INTI\" width=\"490\" height=\"294\" \/><\/a><\/p>\n<p>La de ayer se trat\u00f3 de una represi\u00f3n de especial gravedad, dadas las caracter\u00edsticas: fue llevada a cabo por polic\u00edas federales de civil, individualizando a los trabajadores que hab\u00edan realizado una protesta horas antes y con el concurso de apremios que generaron brutales heridas a diversos compa\u00f1eros, que intentaron resistir un operativo de car\u00e1cter evidentemente ilegal.<\/p>\n<p><a href=\"http:\/\/www.atecordoba.org\/wp-content\/uploads\/2015\/08\/represion-policia-inti-e1438980195675.jpg\"><img loading=\"lazy\" decoding=\"async\" class=\"aligncenter size-full wp-image-5553\" src=\"http:\/\/www.atecordoba.org\/wp-content\/uploads\/2015\/08\/represion-policia-inti-e1438980195675.jpg\" alt=\"represion policia inti\" width=\"550\" height=\"340\" \/><\/a><\/p>\n<p>\u201cEstos hechos nos retrotraen a tiempos que cre\u00edamos superados. Estamos muy preocupados que se haga inteligencia sobre las protestas y despu\u00e9s la misma polic\u00eda marque a los compa\u00f1eros que participaron para detenerlos. Encima, con un grado de violencia sin l\u00edmite. Desde C\u00f3rdoba repudiamos este accionar represivo y el lunes vamos a estar todos en la sede de INTI de nuestra provincia para apoyar a los trabajadores. Vamos a dar una se\u00f1al pol\u00edtica fuerte porque ATE no consiente la impunidad ni la criminalizaci\u00f3n de la protesta social\u201d, expres\u00f3 nuestra secretaria General, Mar\u00eda Teresa Romero.<\/p>\n<p><a href=\"http:\/\/www.atecordoba.org\/wp-content\/uploads\/2015\/08\/acto-desaparecidos.jpg\"><img loading=\"lazy\" decoding=\"async\" class=\"aligncenter size-full wp-image-5554\" src=\"http:\/\/www.atecordoba.org\/wp-content\/uploads\/2015\/08\/acto-desaparecidos.jpg\" alt=\"acto desaparecidos\" width=\"510\" height=\"339\" \/><\/a><\/p>\n<p>Todo sucedi\u00f3 d\u00edas despu\u00e9s que se realizar en el mismo organismo un acto de recordaci\u00f3n de trabajadores desaparecidos durante la dictadura, lo que torna m\u00e1s grave aun el accionar policial.<\/p>\n<p>La represi\u00f3n dej\u00f3 el saldo de varios contusos, uno con una herida en la cabeza que exigi\u00f3 12 puntos de sutura en la cabeza. Otro compa\u00f1ero, fue ingresado a un m\u00f3vil policial inconsciente debido a los golpes recibidos.<\/p>\n<p>As\u00ed, el gobierno nacional pretende acallar por la fuerza un conflicto que nunca tuvo la voluntad pol\u00edtica de resolver por los canales naturales.<\/p>\n<p><strong>El paro<\/strong><\/p>\n<p>De esta forma, los trabajadores del sector llevar\u00e1n \u00a0a cabo un paro con concurrencia al lugar de trabajo, sito en avenida V\u00e9lez Sarsfield 1561, frente a la Plaza de las Am\u00e9ricas. En la oportunidad, se realizar\u00e1 una asamblea a partir de las 10 horas para evaluar la situaci\u00f3n y considerar los pasos a seguir.<\/p>\n<p>Los trabajadores llevan adelante un largo plan de lucha en reclamo del pase a planta de los precarizados, en un organismo donde \u00a0El 80% de los compa\u00f1eros del organismo se encuentran desempe\u00f1\u00e1ndose bajo la figura de contratos, algunos sufren la falta de estabilidad laboral desde hace m\u00e1s de 20 a\u00f1os a pesar que se trata de un derecho reconocido por la Constituci\u00f3n Nacional.<\/p>\n<p>Los diversos compromisos que las autoridades de INTI hicieron a fines de 2012 nunca se cumplieron, a pesar que hay partidas espec\u00edficas en el presupuesto nacional para atender esas erogaciones.<\/p>\n<p>Los trabajadores reclaman adem\u00e1s una recomposici\u00f3n salarial que cubra el desfasaje entre la pauta salarial otorgada por el gobierno nacional, del 27.4%, y la escalada inflacionaria actual.<\/p>\n","protected":false},"excerpt":{"rendered":"<p>El Consejo Directivo Provincial expres\u00f3 su m\u00e1s en\u00e9rgico repudio a la represi\u00f3n que sufrieron ayer los trabajadores del INTI en Capital Federal. En C\u00f3rdoba, el organismo realizar\u00e1 un paro el pr\u00f3ximo lunes en l\u00ednea con la medida de fuerza que se llevar\u00e1 a cabo en todo el pa\u00eds. La de ayer se trat\u00f3 de una [&hellip;]<\/p>\n","protected":false},"author":1,"featured_media":19220,"comment_status":"open","ping_status":"open","sticky":false,"template":"","format":"standard","meta":{"_exactmetrics_skip_tracking":false,"_exactmetrics_sitenote_active":false,"_exactmetrics_sitenote_note":"","_exactmetrics_sitenote_category":0,"jnews-multi-image_gallery":[],"jnews_single_post":[],"jnews_primary_category":[],"jnews_social_meta":[],"jnews_review":[],"enable_review":"","type":"","name":"","summary":"","brand":"","sku":"","good":[],"bad":[],"score_override":"","override_value":"","rating":[],"price":[],"jnews_override_counter":[],"jnews_post_split":[],"footnotes":""},"categories":[100,18],"tags":[],"class_list":["post-5549","post","type-post","status-publish","format-standard","has-post-thumbnail","hentry","category-inti","category-nacionales"],"jetpack_featured_media_url":"https:\/\/atecordoba.org\/wp-content\/uploads\/2020\/05\/logo-nuevochico-e1561581322808.png","_links":{"self":[{"href":"https:\/\/atecordoba.org\/index.php?rest_route=\/wp\/v2\/posts\/5549","targetHints":{"allow":["GET"]}}],"collection":[{"href":"https:\/\/atecordoba.org\/index.php?rest_route=\/wp\/v2\/posts"}],"about":[{"href":"https:\/\/atecordoba.org\/index.php?rest_route=\/wp\/v2\/types\/post"}],"author":[{"embeddable":true,"href":"https:\/\/atecordoba.org\/index.php?rest_route=\/wp\/v2\/users\/1"}],"replies":[{"embeddable":true,"href":"https:\/\/atecordoba.org\/index.php?rest_route=%2Fwp%2Fv2%2Fcomments&post=5549"}],"version-history":[{"count":0,"href":"https:\/\/atecordoba.org\/index.php?rest_route=\/wp\/v2\/posts\/5549\/revisions"}],"wp:featuredmedia":[{"embeddable":true,"href":"https:\/\/atecordoba.org\/index.php?rest_route=\/wp\/v2\/media\/19220"}],"wp:attachment":[{"href":"https:\/\/atecordoba.org\/index.php?rest_route=%2Fwp%2Fv2%2Fmedia&parent=5549"}],"wp:term":[{"taxonomy":"category","embeddable":true,"href":"https:\/\/atecordoba.org\/index.php?rest_route=%2Fwp%2Fv2%2Fcategories&post=5549"},{"taxonomy":"post_tag","embeddable":true,"href":"https:\/\/atecordoba.org\/index.php?rest_route=%2Fwp%2Fv2%2Ftags&post=5549"}],"curies":[{"name":"wp","href":"https:\/\/api.w.org\/{rel}","templated":true}]}}