{"id":5545,"date":"2015-08-05T18:53:46","date_gmt":"2015-08-05T21:53:46","guid":{"rendered":"http:\/\/www.atecordoba.org\/?p=5545"},"modified":"2020-08-10T11:02:26","modified_gmt":"2020-08-10T14:02:26","slug":"continua-el-plan-de-lucha-en-pami-contra-el-ajuste","status":"publish","type":"post","link":"https:\/\/atecordoba.org\/?p=5545","title":{"rendered":"Contin\u00faa el plan de lucha en PAMI contra el ajuste"},"content":{"rendered":"<p><em>Una asamblea realizada hoy en la UGL de C\u00f3rdoba Capital ratific\u00f3 el rechazo al ajuste estructural que promueve el gobierno nacional y convoc\u00f3 a una protesta con jubilados para la semana que viene.<\/em><\/p>\n<p><a href=\"http:\/\/www.atecordoba.org\/wp-content\/uploads\/2015\/08\/IMG-20150805-WA0001-e1438811572490.jpg\"><img loading=\"lazy\" decoding=\"async\" class=\"aligncenter size-full wp-image-5546\" src=\"http:\/\/www.atecordoba.org\/wp-content\/uploads\/2015\/08\/IMG-20150805-WA0001-e1438811572490.jpg\" alt=\"IMG-20150805-WA0001\" width=\"550\" height=\"413\" \/><\/a><\/p>\n<p>Los trabajadores rechazan la modificaci\u00f3n inconsulta de la org\u00e1nica del organismo que da de baja una serie de \u00e1reas de atenci\u00f3n a los beneficiarios as\u00ed como de funcionamiento interno. Ayer, una fuerte movilizaci\u00f3n en Capital Federal llev\u00f3 los reclamos a las puertas del PAMI central, a cargo de Luciano Di Cesare.<\/p>\n<p>La asamblea se inici\u00f3 hoy a media ma\u00f1ana y paraliz\u00f3 la atenci\u00f3n a los beneficiarios. Otro tanto sucedi\u00f3 en Villa Mar\u00eda, R\u00edo Segundo y varias dependencias m\u00e1s del interior provincial.<\/p>\n<p>Adem\u00e1s del rechazo a las resoluciones del ajuste, los compa\u00f1eros reclaman el nombramiento de personal para reemplazo de los trabajadores que se jubilaron, situaci\u00f3n que se viene sucediendo hace dos a\u00f1os.<\/p>\n<p>&#8220;Antes no entend\u00edamos por qu\u00e9 no se reemplazaba a esos trabajadores que estaban jubilados, pero ahora sabemos que eso pas\u00f3 porque estaban preparando este ajuste de la obra social, que es particularmente grave en momentos que se suman m\u00e1s beneficiarios por las moratorias previsionales&#8221;, explic\u00f3 la delegada Flavia Tartabini.<\/p>\n<p>En tanto, en la tarde se inici\u00f3 una audiencia en el Ministerio de Trabajo para tratar la paritaria sectorial que el PAMI hab\u00eda postergado en dos oportunidades. En funci\u00f3n de lo que resulte de dicho encuentro, los trabajadores determinar\u00e1n los pasos a seguir.<\/p>\n","protected":false},"excerpt":{"rendered":"<p>Una asamblea realizada hoy en la UGL de C\u00f3rdoba Capital ratific\u00f3 el rechazo al ajuste estructural que promueve el gobierno nacional y convoc\u00f3 a una protesta con jubilados para la semana que viene. Los trabajadores rechazan la modificaci\u00f3n inconsulta de la org\u00e1nica del organismo que da de baja una serie de \u00e1reas de atenci\u00f3n a [&hellip;]<\/p>\n","protected":false},"author":1,"featured_media":19220,"comment_status":"open","ping_status":"open","sticky":false,"template":"","format":"standard","meta":{"_exactmetrics_skip_tracking":false,"_exactmetrics_sitenote_active":false,"_exactmetrics_sitenote_note":"","_exactmetrics_sitenote_category":0,"jnews-multi-image_gallery":[],"jnews_single_post":[],"jnews_primary_category":[],"jnews_social_meta":[],"jnews_review":[],"enable_review":"","type":"","name":"","summary":"","brand":"","sku":"","good":[],"bad":[],"score_override":"","override_value":"","rating":[],"price":[],"jnews_override_counter":[],"jnews_post_split":[],"footnotes":""},"categories":[18],"tags":[],"class_list":["post-5545","post","type-post","status-publish","format-standard","has-post-thumbnail","hentry","category-nacionales"],"jetpack_featured_media_url":"https:\/\/atecordoba.org\/wp-content\/uploads\/2020\/05\/logo-nuevochico-e1561581322808.png","_links":{"self":[{"href":"https:\/\/atecordoba.org\/index.php?rest_route=\/wp\/v2\/posts\/5545","targetHints":{"allow":["GET"]}}],"collection":[{"href":"https:\/\/atecordoba.org\/index.php?rest_route=\/wp\/v2\/posts"}],"about":[{"href":"https:\/\/atecordoba.org\/index.php?rest_route=\/wp\/v2\/types\/post"}],"author":[{"embeddable":true,"href":"https:\/\/atecordoba.org\/index.php?rest_route=\/wp\/v2\/users\/1"}],"replies":[{"embeddable":true,"href":"https:\/\/atecordoba.org\/index.php?rest_route=%2Fwp%2Fv2%2Fcomments&post=5545"}],"version-history":[{"count":1,"href":"https:\/\/atecordoba.org\/index.php?rest_route=\/wp\/v2\/posts\/5545\/revisions"}],"predecessor-version":[{"id":21143,"href":"https:\/\/atecordoba.org\/index.php?rest_route=\/wp\/v2\/posts\/5545\/revisions\/21143"}],"wp:featuredmedia":[{"embeddable":true,"href":"https:\/\/atecordoba.org\/index.php?rest_route=\/wp\/v2\/media\/19220"}],"wp:attachment":[{"href":"https:\/\/atecordoba.org\/index.php?rest_route=%2Fwp%2Fv2%2Fmedia&parent=5545"}],"wp:term":[{"taxonomy":"category","embeddable":true,"href":"https:\/\/atecordoba.org\/index.php?rest_route=%2Fwp%2Fv2%2Fcategories&post=5545"},{"taxonomy":"post_tag","embeddable":true,"href":"https:\/\/atecordoba.org\/index.php?rest_route=%2Fwp%2Fv2%2Ftags&post=5545"}],"curies":[{"name":"wp","href":"https:\/\/api.w.org\/{rel}","templated":true}]}}