{"id":5540,"date":"2015-08-05T18:13:01","date_gmt":"2015-08-05T21:13:01","guid":{"rendered":"http:\/\/www.atecordoba.org\/?p=5540"},"modified":"2015-08-05T18:13:01","modified_gmt":"2015-08-05T21:13:01","slug":"alta-participacion-en-la-eleccion-de-delegados-en-el-laboratorio-de-hemoderivados-de-la-unc","status":"publish","type":"post","link":"https:\/\/atecordoba.org\/?p=5540","title":{"rendered":"Alta participaci\u00f3n en la elecci\u00f3n de delegados en el Laboratorio de Hemoderivados de la UNC"},"content":{"rendered":"<p><em>M\u00e1s de 160 trabajadores eligieron hoy delegados de ATE en el sector, marcando una participaci\u00f3n que no tiene antecedentes. La precarizaci\u00f3n laboral es la\u00a0principal problem\u00e1tica que afecta a los compa\u00f1eros.<\/em><\/p>\n<figure id=\"attachment_5541\" aria-describedby=\"caption-attachment-5541\" style=\"width: 550px\" class=\"wp-caption aligncenter\"><a href=\"http:\/\/www.atecordoba.org\/wp-content\/uploads\/2015\/08\/IMG-20150805-WA0026-e1438808828175.jpg\"><img loading=\"lazy\" decoding=\"async\" class=\"wp-image-5541 size-full\" src=\"http:\/\/www.atecordoba.org\/wp-content\/uploads\/2015\/08\/IMG-20150805-WA0026-e1438808828175.jpg\" alt=\"IMG-20150805-WA0026\" width=\"550\" height=\"330\" \/><\/a><figcaption id=\"caption-attachment-5541\" class=\"wp-caption-text\">Los cuatro delegados electos hoy.<\/figcaption><\/figure>\n<p>Desde las primeras horas el d\u00eda, la urna estuvo dispuesta en el estacionamiento del Laboratorio de Hemoderivados de la Universidad Nacional de C\u00f3rdoba para que los trabajadores elijan hoy por primera vez a los\u00a0delegados de ATE del sector. La masiva concurrencia dio muestras de las ansias de organizaci\u00f3n que existen entre los compa\u00f1eros, canalizadas en nuestro gremio en\u00a0una\u00a0asamblea previa y consagrada hoy a partir de la elecci\u00f3n.<\/p>\n<p>Resultaron electos los compa\u00f1eros Guillermo Gallardo, Miguel Palomeque, Fernanda Freytes y Jorge Tejada, cuyos mandatos tendr\u00e1n una duraci\u00f3n de dos a\u00f1os.<\/p>\n<p>&#8220;La elecci\u00f3n fue muy positiva por la alta participaci\u00f3n \u00a0de la gente de todas las \u00e1reas. Superamos las expectativas y esta cantidad de votos conseguidos nos da confianza para lo que vamos a trabajar de ac\u00e1 en m\u00e1s. Esta participaci\u00f3n\u00a0da cuenta de la legitimidad del apoyo a la organizaci\u00f3n que crece en el sector&#8221;, explic\u00f3 Miguel Palomeque.<\/p>\n<p><a href=\"http:\/\/www.atecordoba.org\/wp-content\/uploads\/2015\/08\/IMG-20150805-WA0000-e1438808887378.jpg\"><img loading=\"lazy\" decoding=\"async\" class=\"aligncenter size-full wp-image-5542\" src=\"http:\/\/www.atecordoba.org\/wp-content\/uploads\/2015\/08\/IMG-20150805-WA0000-e1438808887378.jpg\" alt=\"IMG-20150805-WA0000\" width=\"550\" height=\"330\" \/><\/a><\/p>\n<p>En el laboratorio se desempe\u00f1an tanto docentes como no docentes y todos participaron en la elecci\u00f3n. Se trata de personal\u00a0t\u00e9cnico, especialistas, profesionales bioqu\u00edmicos, farmac\u00e9uticos, ingenieros, administrativos y todo el personal caracter\u00edstico de una industria de esta naturaleza.<\/p>\n<p>&#8220;Es un d\u00eda de alegr\u00eda en el laboratorio, nunca se hab\u00eda dado una votaci\u00f3n de estas caracter\u00edsticas&#8221;, agreg\u00f3 la compa\u00f1era Fernando Freytes.<\/p>\n<p>El cuerpo de delegados se propone empezar inmediatamente con reuniones por \u00e1reas para recabar las distintas necesidades cada sector. &#8220;Vamos a pedir a las autoridades una mesa de relaciones laborales para expresar nuestras inquietudes.\u00a0La gente quiere normalizar la situaci\u00f3n&#8221;, afirm\u00f3 Freytes.<\/p>\n<p><a href=\"http:\/\/www.atecordoba.org\/wp-content\/uploads\/2015\/08\/IMG-20150805-WA0018-e1438808978278.jpg\"><img loading=\"lazy\" decoding=\"async\" class=\"aligncenter size-full wp-image-5543\" src=\"http:\/\/www.atecordoba.org\/wp-content\/uploads\/2015\/08\/IMG-20150805-WA0018-e1438808978278.jpg\" alt=\"IMG-20150805-WA0018\" width=\"550\" height=\"330\" \/><\/a><\/p>\n<p>El principal reclamo es lograr la estabilidad laboral ya que el 90% se encuentra\u00a0con contratos precarios. &#8220;Cumplimos un rol fundamental en el desarrollo cient\u00edfico y brindamos un servicio importante para el sistema sanitario y la salud de la poblaci\u00f3n. Por eso esperamos que esta industria siga creciendo. Dado que el gobierno nacional se dio una pol\u00edtica de promoci\u00f3n del sector cient\u00edfico, no se puede dejar que los trabajadores del laboratorio sigan precarizados&#8221;, sum\u00f3 Palomeque.<\/p>\n<p>Los delegados tambi\u00e9n tienen entre su grilla de reclamos \u00a0la recategorizaci\u00f3n de las funciones espec\u00edficas que no est\u00e1n reconocidas hasta el momento. &#8220;Vamos que recabar los casos puntuales para hacer un planteo serio y preciso a las autoridades&#8221;, cerraron\u00a0a coro.<\/p>\n<p>Se trata de otro sector universitario\u00a0que se suma a ATE, que viene creciendo de manera notable en todo el \u00e1mbito de la UNC. En la oportunidad estuvieron presentes, en representaci\u00f3n del Consejo Directivo Provincial, los compa\u00f1eros Lu\u00eds Barcena, secretario de Interior, Daniel Pawluchuzk, secretario de Prensa, Francisco Pavan, vocal, junto a los compa\u00f1eros de ATE-UNC \u00a0Ra\u00fal Brangi y Marcelo Ludue\u00f1a.<\/p>\n<p>&nbsp;<\/p>\n<p>&nbsp;<\/p>\n","protected":false},"excerpt":{"rendered":"<p>M\u00e1s de 160 trabajadores eligieron hoy delegados de ATE en el sector, marcando una participaci\u00f3n que no tiene antecedentes. La precarizaci\u00f3n laboral es la\u00a0principal problem\u00e1tica que afecta a los compa\u00f1eros. Desde las primeras horas el d\u00eda, la urna estuvo dispuesta en el estacionamiento del Laboratorio de Hemoderivados de la Universidad Nacional de C\u00f3rdoba para que [&hellip;]<\/p>\n","protected":false},"author":1,"featured_media":19220,"comment_status":"open","ping_status":"open","sticky":false,"template":"","format":"standard","meta":{"_exactmetrics_skip_tracking":false,"_exactmetrics_sitenote_active":false,"_exactmetrics_sitenote_note":"","_exactmetrics_sitenote_category":0,"jnews-multi-image_gallery":[],"jnews_single_post":[],"jnews_primary_category":[],"jnews_social_meta":[],"jnews_review":[],"enable_review":"","type":"","name":"","summary":"","brand":"","sku":"","good":[],"bad":[],"score_override":"","override_value":"","rating":[],"price":[],"jnews_override_counter":[],"jnews_post_split":[],"footnotes":""},"categories":[18,89],"tags":[],"class_list":["post-5540","post","type-post","status-publish","format-standard","has-post-thumbnail","hentry","category-nacionales","category-unc"],"jetpack_featured_media_url":"https:\/\/atecordoba.org\/wp-content\/uploads\/2020\/05\/logo-nuevochico-e1561581322808.png","_links":{"self":[{"href":"https:\/\/atecordoba.org\/index.php?rest_route=\/wp\/v2\/posts\/5540","targetHints":{"allow":["GET"]}}],"collection":[{"href":"https:\/\/atecordoba.org\/index.php?rest_route=\/wp\/v2\/posts"}],"about":[{"href":"https:\/\/atecordoba.org\/index.php?rest_route=\/wp\/v2\/types\/post"}],"author":[{"embeddable":true,"href":"https:\/\/atecordoba.org\/index.php?rest_route=\/wp\/v2\/users\/1"}],"replies":[{"embeddable":true,"href":"https:\/\/atecordoba.org\/index.php?rest_route=%2Fwp%2Fv2%2Fcomments&post=5540"}],"version-history":[{"count":0,"href":"https:\/\/atecordoba.org\/index.php?rest_route=\/wp\/v2\/posts\/5540\/revisions"}],"wp:featuredmedia":[{"embeddable":true,"href":"https:\/\/atecordoba.org\/index.php?rest_route=\/wp\/v2\/media\/19220"}],"wp:attachment":[{"href":"https:\/\/atecordoba.org\/index.php?rest_route=%2Fwp%2Fv2%2Fmedia&parent=5540"}],"wp:term":[{"taxonomy":"category","embeddable":true,"href":"https:\/\/atecordoba.org\/index.php?rest_route=%2Fwp%2Fv2%2Fcategories&post=5540"},{"taxonomy":"post_tag","embeddable":true,"href":"https:\/\/atecordoba.org\/index.php?rest_route=%2Fwp%2Fv2%2Ftags&post=5540"}],"curies":[{"name":"wp","href":"https:\/\/api.w.org\/{rel}","templated":true}]}}