{"id":5537,"date":"2015-08-03T20:13:36","date_gmt":"2015-08-03T23:13:36","guid":{"rendered":"http:\/\/www.atecordoba.org\/?p=5537"},"modified":"2020-08-10T11:02:26","modified_gmt":"2020-08-10T14:02:26","slug":"asambleas-en-pami-paralizaran-manana-la-atencion","status":"publish","type":"post","link":"https:\/\/atecordoba.org\/?p=5537","title":{"rendered":"Asambleas en PAMI paralizar\u00e1n ma\u00f1ana la atenci\u00f3n"},"content":{"rendered":"<div><em>En rechazo al ajuste que las autoridades de PAMI resolvieron implementar sobre la estructura de la obra social de los jubilados, ATE realizar\u00e1 <span id=\"OBJ_PREFIX_DWT137_com_zimbra_date\" class=\"Object\">ma\u00f1ana<\/span> asambleas en todas las agencias y puntos de atenci\u00f3n de todo el pa\u00eds.<\/em><\/div>\n<div><em><a href=\"http:\/\/www.atecordoba.org\/wp-content\/uploads\/2015\/08\/IMG_6423-e1438643391449.jpg\"><img loading=\"lazy\" decoding=\"async\" class=\"aligncenter size-full wp-image-5538\" src=\"http:\/\/www.atecordoba.org\/wp-content\/uploads\/2015\/08\/IMG_6423-e1438643391449.jpg\" alt=\"IMG_6423\" width=\"550\" height=\"413\" \/><\/a> <\/em><\/div>\n<div><\/div>\n<div>Los trabajadores impulsan un plan de lucha en repudio de dos resoluciones firmadas por la m\u00e1xima autoridad del PAMI, Luciano Di Cesare, que reduce la estructura, dando de baja diversas divisiones, \u00a0en el organigrama de las delegaciones del organismo en todas las provincias del pa\u00eds. A su vez, dichas resoluciones facultan a la gerencia de recursos humanos a distribuir el personal afectado a dichos sectores seg\u00fan su propio criterio.<\/div>\n<div>Este proceso de achique estructural del PAMI tiene el repudio de los trabajadores, que iniciar\u00e1n <span id=\"OBJ_PREFIX_DWT138_com_zimbra_date\" class=\"Object\">ma\u00f1ana<\/span> asambleas a partir de las 11 horas, paralizando la atenci\u00f3n a los beneficiarios.<\/div>\n<div>En ese marco, ATE reclam\u00f3 la renuncia de Di Cesare, personero del ajuste, de similares caracter\u00edsticas al que pretendi\u00f3 implementar el gobierno de Carlos Menem en la d\u00e9cada del &#8217;90 y que fue resistido con \u00e9xito por los trabajadores. .<\/div>\n<div>&#8220;No podemos aceptar que se inicie un proceso de achicamiento del PAMI en momentos que, por el contrario, cada vez tenemos m\u00e1s beneficiarios para atender, sobre todo despu\u00e9s de la \u00faltima moratoria previsional&#8221;, explic\u00f3 Flavia Tartabini, delegada de ATE en el sector.<\/div>\n<div>La dirigente dijo adem\u00e1s que en el PAMI &#8220;atendemos poblaci\u00f3n vulberable y somos alrededor de 15 trabajadores en todo el pa\u00eds para prestar servicios a cinco millones de beneficiario&#8221;.<\/div>\n<div>Vale se\u00f1alar que las asambleas se extender\u00e1n al interior provincial.<\/div>\n<div>En Capital Federal, por la <span id=\"OBJ_PREFIX_DWT139_com_zimbra_date\" class=\"Object\">ma\u00f1ana,<\/span> se llevar\u00e1 a cabo una movilizaci\u00f3n a la sede central del organismo.<\/div>\n","protected":false},"excerpt":{"rendered":"<p>En rechazo al ajuste que las autoridades de PAMI resolvieron implementar sobre la estructura de la obra social de los jubilados, ATE realizar\u00e1 ma\u00f1ana asambleas en todas las agencias y puntos de atenci\u00f3n de todo el pa\u00eds. Los trabajadores impulsan un plan de lucha en repudio de dos resoluciones firmadas por la m\u00e1xima autoridad del [&hellip;]<\/p>\n","protected":false},"author":1,"featured_media":19220,"comment_status":"open","ping_status":"open","sticky":false,"template":"","format":"standard","meta":{"_exactmetrics_skip_tracking":false,"_exactmetrics_sitenote_active":false,"_exactmetrics_sitenote_note":"","_exactmetrics_sitenote_category":0,"jnews-multi-image_gallery":[],"jnews_single_post":[],"jnews_primary_category":[],"jnews_social_meta":[],"jnews_review":[],"enable_review":"","type":"","name":"","summary":"","brand":"","sku":"","good":[],"bad":[],"score_override":"","override_value":"","rating":[],"price":[],"jnews_override_counter":[],"jnews_post_split":[],"footnotes":""},"categories":[18],"tags":[],"class_list":["post-5537","post","type-post","status-publish","format-standard","has-post-thumbnail","hentry","category-nacionales"],"jetpack_featured_media_url":"https:\/\/atecordoba.org\/wp-content\/uploads\/2020\/05\/logo-nuevochico-e1561581322808.png","_links":{"self":[{"href":"https:\/\/atecordoba.org\/index.php?rest_route=\/wp\/v2\/posts\/5537","targetHints":{"allow":["GET"]}}],"collection":[{"href":"https:\/\/atecordoba.org\/index.php?rest_route=\/wp\/v2\/posts"}],"about":[{"href":"https:\/\/atecordoba.org\/index.php?rest_route=\/wp\/v2\/types\/post"}],"author":[{"embeddable":true,"href":"https:\/\/atecordoba.org\/index.php?rest_route=\/wp\/v2\/users\/1"}],"replies":[{"embeddable":true,"href":"https:\/\/atecordoba.org\/index.php?rest_route=%2Fwp%2Fv2%2Fcomments&post=5537"}],"version-history":[{"count":1,"href":"https:\/\/atecordoba.org\/index.php?rest_route=\/wp\/v2\/posts\/5537\/revisions"}],"predecessor-version":[{"id":21144,"href":"https:\/\/atecordoba.org\/index.php?rest_route=\/wp\/v2\/posts\/5537\/revisions\/21144"}],"wp:featuredmedia":[{"embeddable":true,"href":"https:\/\/atecordoba.org\/index.php?rest_route=\/wp\/v2\/media\/19220"}],"wp:attachment":[{"href":"https:\/\/atecordoba.org\/index.php?rest_route=%2Fwp%2Fv2%2Fmedia&parent=5537"}],"wp:term":[{"taxonomy":"category","embeddable":true,"href":"https:\/\/atecordoba.org\/index.php?rest_route=%2Fwp%2Fv2%2Fcategories&post=5537"},{"taxonomy":"post_tag","embeddable":true,"href":"https:\/\/atecordoba.org\/index.php?rest_route=%2Fwp%2Fv2%2Ftags&post=5537"}],"curies":[{"name":"wp","href":"https:\/\/api.w.org\/{rel}","templated":true}]}}