{"id":5531,"date":"2015-07-31T18:45:35","date_gmt":"2015-07-31T21:45:35","guid":{"rendered":"http:\/\/www.atecordoba.org\/?p=5531"},"modified":"2015-07-31T18:45:35","modified_gmt":"2015-07-31T21:45:35","slug":"masiva-asamblea-en-el-laboratorio-de-hemoderivados-en-la-unc","status":"publish","type":"post","link":"https:\/\/atecordoba.org\/?p=5531","title":{"rendered":"Masiva asamblea en el Laboratorio de Hemoderivados en la UNC"},"content":{"rendered":"<p><em>Los trabajadores debatieron la realidad del sector y programaron la elecci\u00f3n de delegados. La precarizaci\u00f3n laboral alcanza el 95% del plantel estable.<\/em><\/p>\n<p><a href=\"http:\/\/www.atecordoba.org\/wp-content\/uploads\/2015\/07\/IMG-20150731-WA0001-e1438379041546.jpg\"><img loading=\"lazy\" decoding=\"async\" class=\"aligncenter size-full wp-image-5532\" src=\"http:\/\/www.atecordoba.org\/wp-content\/uploads\/2015\/07\/IMG-20150731-WA0001-e1438379041546.jpg\" alt=\"IMG-20150731-WA0001\" width=\"550\" height=\"413\" \/><\/a><\/p>\n<p>Los compa\u00f1eros se reunieron en el play\u00f3n de estacionamiento, convocados por ATE, expresando la urgente necesidad de debatir las problem\u00e1ticas que afectan al sector.<\/p>\n<p>La respuesta fue masiva, a pesar de los aprietes y la campa\u00f1a en contra de nuestro gremio que llev\u00f3 adelante la patronal con el fin de desmovilizar a los trabajadores.<\/p>\n<p>All\u00ed se ratific\u00f3 por unanimidad la elecci\u00f3n de ATE como organizaci\u00f3n sindical para representarlos y expresaron el deseo de llevar a cabo la elecci\u00f3n de delegados.<\/p>\n<p><a href=\"http:\/\/www.atecordoba.org\/wp-content\/uploads\/2015\/07\/IMG-20150731-WA0000-e1438379065413.jpg\"><img loading=\"lazy\" decoding=\"async\" class=\"aligncenter size-full wp-image-5533\" src=\"http:\/\/www.atecordoba.org\/wp-content\/uploads\/2015\/07\/IMG-20150731-WA0000-e1438379065413.jpg\" alt=\"IMG-20150731-WA0000\" width=\"550\" height=\"413\" \/><\/a><\/p>\n<p>En ese sentido, representantes de nuestro gremio explicaron la legalidad y legitimidad de ATE para desmentir versiones interesadas que circulan para enga\u00f1ar a los trabajadores.<\/p>\n<p>Vale se\u00f1alar que el Laboratorio de Hemoderivados cuenta con m\u00e1s de 200 trabajadores y que \u00a0m\u00e1s del 95% se encuentra en situaci\u00f3n de precarizaci\u00f3n laboral, producto del abuso de la figura del contrato a plazo, cuando los compa\u00f1eros realizan tareas que corresponden al personal de planta permanente de este sector estrat\u00e9gico de la universidad nacional.<\/p>\n<p>Una delegaci\u00f3n de la conducci\u00f3n de ATE estuvo presente en el lugar, encabezada por los compa\u00f1eros Francisco Pavan, integrante de la conducci\u00f3n de ATE, Daniel Pawluchuzk, secretario de Prensa, as\u00ed como Marcelo Ludue\u00f1a, Alejandro Farioli, Ra\u00fal Brangi y Hugo Dur\u00e1n, miembros del bloque organizativo gremial del CDP.<\/p>\n<p><a href=\"http:\/\/www.atecordoba.org\/wp-content\/uploads\/2015\/07\/IMG-20150731-WA0002-e1438379101289.jpg\"><img loading=\"lazy\" decoding=\"async\" class=\"aligncenter size-full wp-image-5534\" src=\"http:\/\/www.atecordoba.org\/wp-content\/uploads\/2015\/07\/IMG-20150731-WA0002-e1438379101289.jpg\" alt=\"IMG-20150731-WA0002\" width=\"550\" height=\"413\" \/><\/a><\/p>\n<p>\u201cSe destac\u00f3 la importancia de la afiliaci\u00f3n para avanzar en los aspectos organizativos del sector a fin de plantear con fuerza a la patronal la soluci\u00f3n de las problem\u00e1ticas m\u00e1s acuciantes que sufren los trabajadores\u201d, explic\u00f3 Pav\u00e1n al finalizar la asamblea.<\/p>\n<p>En ese aspecto, la elecci\u00f3n de delegados a realizarse en breve plazo constituye un escal\u00f3n fundamental en el salto organizativo que los propios compa\u00f1eros decidieron realizar.<\/p>\n<p>\u201cTambi\u00e9n se respondieron las diversas dudas planteadas por los compa\u00f1eros. El saldo de la asamblea es ampliamente positivo porque los trabajadores son conscientes de la necesidad de contar con la presencia de ATE\u201d, concluy\u00f3 Pavan.<\/p>\n","protected":false},"excerpt":{"rendered":"<p>Los trabajadores debatieron la realidad del sector y programaron la elecci\u00f3n de delegados. La precarizaci\u00f3n laboral alcanza el 95% del plantel estable. Los compa\u00f1eros se reunieron en el play\u00f3n de estacionamiento, convocados por ATE, expresando la urgente necesidad de debatir las problem\u00e1ticas que afectan al sector. La respuesta fue masiva, a pesar de los aprietes [&hellip;]<\/p>\n","protected":false},"author":1,"featured_media":19220,"comment_status":"open","ping_status":"open","sticky":false,"template":"","format":"standard","meta":{"_exactmetrics_skip_tracking":false,"_exactmetrics_sitenote_active":false,"_exactmetrics_sitenote_note":"","_exactmetrics_sitenote_category":0,"jnews-multi-image_gallery":[],"jnews_single_post":[],"jnews_primary_category":[],"jnews_social_meta":[],"jnews_review":[],"enable_review":"","type":"","name":"","summary":"","brand":"","sku":"","good":[],"bad":[],"score_override":"","override_value":"","rating":[],"price":[],"jnews_override_counter":[],"jnews_post_split":[],"footnotes":""},"categories":[18,89],"tags":[],"class_list":["post-5531","post","type-post","status-publish","format-standard","has-post-thumbnail","hentry","category-nacionales","category-unc"],"jetpack_featured_media_url":"https:\/\/atecordoba.org\/wp-content\/uploads\/2020\/05\/logo-nuevochico-e1561581322808.png","_links":{"self":[{"href":"https:\/\/atecordoba.org\/index.php?rest_route=\/wp\/v2\/posts\/5531","targetHints":{"allow":["GET"]}}],"collection":[{"href":"https:\/\/atecordoba.org\/index.php?rest_route=\/wp\/v2\/posts"}],"about":[{"href":"https:\/\/atecordoba.org\/index.php?rest_route=\/wp\/v2\/types\/post"}],"author":[{"embeddable":true,"href":"https:\/\/atecordoba.org\/index.php?rest_route=\/wp\/v2\/users\/1"}],"replies":[{"embeddable":true,"href":"https:\/\/atecordoba.org\/index.php?rest_route=%2Fwp%2Fv2%2Fcomments&post=5531"}],"version-history":[{"count":0,"href":"https:\/\/atecordoba.org\/index.php?rest_route=\/wp\/v2\/posts\/5531\/revisions"}],"wp:featuredmedia":[{"embeddable":true,"href":"https:\/\/atecordoba.org\/index.php?rest_route=\/wp\/v2\/media\/19220"}],"wp:attachment":[{"href":"https:\/\/atecordoba.org\/index.php?rest_route=%2Fwp%2Fv2%2Fmedia&parent=5531"}],"wp:term":[{"taxonomy":"category","embeddable":true,"href":"https:\/\/atecordoba.org\/index.php?rest_route=%2Fwp%2Fv2%2Fcategories&post=5531"},{"taxonomy":"post_tag","embeddable":true,"href":"https:\/\/atecordoba.org\/index.php?rest_route=%2Fwp%2Fv2%2Ftags&post=5531"}],"curies":[{"name":"wp","href":"https:\/\/api.w.org\/{rel}","templated":true}]}}