{"id":5525,"date":"2015-07-29T19:22:43","date_gmt":"2015-07-29T22:22:43","guid":{"rendered":"http:\/\/www.atecordoba.org\/?p=5525"},"modified":"2015-07-29T19:22:43","modified_gmt":"2015-07-29T22:22:43","slug":"nueva-jornada-de-protesta-de-los-trabajadores-de-desarrollo-social-de-la-nacion","status":"publish","type":"post","link":"https:\/\/atecordoba.org\/?p=5525","title":{"rendered":"Nueva jornada de protesta de los trabajadores de Desarrollo Social de la Naci\u00f3n"},"content":{"rendered":"<p><em>En el marco de la Jornada Federal por el pase a planta permanente que se desarroll\u00f3 el martes pasado en Buenos Aires, Misiones, Santa Fe, Mendoza y C\u00f3rdoba los trabajadores \u00a0contratados \u00a0y monotributistas del ministerio realizaron \u00a0diversas actividades.<\/em><\/p>\n<p><a href=\"http:\/\/www.atecordoba.org\/wp-content\/uploads\/2015\/07\/11782291_973399199348977_2227211005523459389_o-e1438208136938.jpg\"><img loading=\"lazy\" decoding=\"async\" class=\"aligncenter size-full wp-image-5526\" src=\"http:\/\/www.atecordoba.org\/wp-content\/uploads\/2015\/07\/11782291_973399199348977_2227211005523459389_o-e1438208136938.jpg\" alt=\"11782291_973399199348977_2227211005523459389_o\" width=\"550\" height=\"413\" \/><\/a><\/p>\n<p>As\u00ed, se desarrollaron radios abiertas con actividades l\u00fadicas, asambleas, \u00a0manifestaciones en plazas y espacios p\u00fablicos.<\/p>\n<p>En C\u00f3rdoba los compa\u00f1eros realizaron una intervenci\u00f3n con volanteada en la peatonal del centro de C\u00f3rdoba.<\/p>\n<p><a href=\"http:\/\/www.atecordoba.org\/wp-content\/uploads\/2015\/07\/11061168_1678089919092836_9158778719173438247_o-e1438208445542.jpg\"><img loading=\"lazy\" decoding=\"async\" class=\"aligncenter size-full wp-image-5527\" src=\"http:\/\/www.atecordoba.org\/wp-content\/uploads\/2015\/07\/11061168_1678089919092836_9158778719173438247_o-e1438208445542.jpg\" alt=\"11061168_1678089919092836_9158778719173438247_o\" width=\"309\" height=\"550\" \/><\/a><\/p>\n<p>Cabe destacar que la cartera que depende de la ministra Alicia Kirchner no da respuesta a la situaci\u00f3n de inestabilidad laboral que sufren los trabajadores del sector, \u201ceste ministerio lidera el ranking de precarizaci\u00f3n laboral en el Estado, m\u00e1s del 85% de los trabajadores\/as estamos bajo contratos precarios y no tenemos estabilidad laboral\u201d, dijo el delegado Ricardo Reyna durante la protesta.<\/p>\n<p><a href=\"http:\/\/www.atecordoba.org\/wp-content\/uploads\/2015\/07\/10339559_10203298608038786_4578495500289527980_n.jpg\"><img loading=\"lazy\" decoding=\"async\" class=\"aligncenter size-full wp-image-5528\" src=\"http:\/\/www.atecordoba.org\/wp-content\/uploads\/2015\/07\/10339559_10203298608038786_4578495500289527980_n.jpg\" alt=\"10339559_10203298608038786_4578495500289527980_n\" width=\"320\" height=\"240\" \/><\/a><\/p>\n<p>\u201cA modo de ejemplo nos comenta lo que sucede con los compa\u00f1eros trabajadores del \u00a0Programa Primeros A\u00f1os, quienes \u00a0con una antig\u00fcedad de ocho a\u00f1os de trabajo en el Estado, no son reconocidos como tales y contin\u00faan con contratos fraudulentos de locaci\u00f3n de servicios, lo que implica adem\u00e1s de la falta de estabilidad, no tener aguinaldo ni asignaciones familiares\u201d, explic\u00f3 Reyna.<\/p>\n<p><a href=\"http:\/\/www.atecordoba.org\/wp-content\/uploads\/2015\/07\/11538153_915904151802036_3790943215200236336_o-e1438208520594.jpg\"><img loading=\"lazy\" decoding=\"async\" class=\"aligncenter size-full wp-image-5529\" src=\"http:\/\/www.atecordoba.org\/wp-content\/uploads\/2015\/07\/11538153_915904151802036_3790943215200236336_o-e1438208520594.jpg\" alt=\"11538153_915904151802036_3790943215200236336_o\" width=\"550\" height=\"498\" \/><\/a><\/p>\n<p>Y agrego: \u201ces injusto y no podemos avalar que\u00a0 casi\u00a0 6000 trabajadores \u00a0sigamos con contratos precarios y sin estabilidad laboral.\u00a0Para garantizar Derechos hacen falta Trabajadores con Derechos\u201d.<\/p>\n<p><em><br \/>\n<\/em><\/p>\n","protected":false},"excerpt":{"rendered":"<p>En el marco de la Jornada Federal por el pase a planta permanente que se desarroll\u00f3 el martes pasado en Buenos Aires, Misiones, Santa Fe, Mendoza y C\u00f3rdoba los trabajadores \u00a0contratados \u00a0y monotributistas del ministerio realizaron \u00a0diversas actividades. As\u00ed, se desarrollaron radios abiertas con actividades l\u00fadicas, asambleas, \u00a0manifestaciones en plazas y espacios p\u00fablicos. En C\u00f3rdoba [&hellip;]<\/p>\n","protected":false},"author":1,"featured_media":19220,"comment_status":"open","ping_status":"open","sticky":false,"template":"","format":"standard","meta":{"_exactmetrics_skip_tracking":false,"_exactmetrics_sitenote_active":false,"_exactmetrics_sitenote_note":"","_exactmetrics_sitenote_category":0,"jnews-multi-image_gallery":[],"jnews_single_post":[],"jnews_primary_category":[],"jnews_social_meta":[],"jnews_review":[],"enable_review":"","type":"","name":"","summary":"","brand":"","sku":"","good":[],"bad":[],"score_override":"","override_value":"","rating":[],"price":[],"jnews_override_counter":[],"jnews_post_split":[],"footnotes":""},"categories":[113,18],"tags":[],"class_list":["post-5525","post","type-post","status-publish","format-standard","has-post-thumbnail","hentry","category-desarrollo-social-nacion","category-nacionales"],"jetpack_featured_media_url":"https:\/\/atecordoba.org\/wp-content\/uploads\/2020\/05\/logo-nuevochico-e1561581322808.png","_links":{"self":[{"href":"https:\/\/atecordoba.org\/index.php?rest_route=\/wp\/v2\/posts\/5525","targetHints":{"allow":["GET"]}}],"collection":[{"href":"https:\/\/atecordoba.org\/index.php?rest_route=\/wp\/v2\/posts"}],"about":[{"href":"https:\/\/atecordoba.org\/index.php?rest_route=\/wp\/v2\/types\/post"}],"author":[{"embeddable":true,"href":"https:\/\/atecordoba.org\/index.php?rest_route=\/wp\/v2\/users\/1"}],"replies":[{"embeddable":true,"href":"https:\/\/atecordoba.org\/index.php?rest_route=%2Fwp%2Fv2%2Fcomments&post=5525"}],"version-history":[{"count":0,"href":"https:\/\/atecordoba.org\/index.php?rest_route=\/wp\/v2\/posts\/5525\/revisions"}],"wp:featuredmedia":[{"embeddable":true,"href":"https:\/\/atecordoba.org\/index.php?rest_route=\/wp\/v2\/media\/19220"}],"wp:attachment":[{"href":"https:\/\/atecordoba.org\/index.php?rest_route=%2Fwp%2Fv2%2Fmedia&parent=5525"}],"wp:term":[{"taxonomy":"category","embeddable":true,"href":"https:\/\/atecordoba.org\/index.php?rest_route=%2Fwp%2Fv2%2Fcategories&post=5525"},{"taxonomy":"post_tag","embeddable":true,"href":"https:\/\/atecordoba.org\/index.php?rest_route=%2Fwp%2Fv2%2Ftags&post=5525"}],"curies":[{"name":"wp","href":"https:\/\/api.w.org\/{rel}","templated":true}]}}