{"id":5515,"date":"2015-07-27T18:47:07","date_gmt":"2015-07-27T21:47:07","guid":{"rendered":"http:\/\/www.atecordoba.org\/?p=5515"},"modified":"2015-07-27T18:47:07","modified_gmt":"2015-07-27T21:47:07","slug":"ate-rechaza-el-salario-minimo-que-anuncio-cristina-por-insuficiente-y-discriminatorio","status":"publish","type":"post","link":"https:\/\/atecordoba.org\/?p=5515","title":{"rendered":"ATE rechaza el salario m\u00ednimo que anunci\u00f3 Cristina por insuficiente y discriminatorio"},"content":{"rendered":"<p><em>El Secretario General del Consejo Directivo Nacional de ATE, Julio Fuentes, denunci\u00f3 que \u201cel Salario M\u00ednimo Vital y M\u00f3vil vuelve a dejar fuera de su alcance a cerca de 3 millones de estatales que dependen de los Estados provinciales y municipales\u201d y se\u00f1al\u00f3 que el Consejo Nacional del Empleo, la Productividad y el Salario M\u00ednimo no corrige esa situaci\u00f3n y \u201ccondena a un porcentaje importante de la clase trabajadora y del pueblo argentino a vivir por debajo del piso salarial\u201d.<\/em><\/p>\n<p><a href=\"http:\/\/www.atecordoba.org\/wp-content\/uploads\/2015\/07\/salario-minimo-vital-y-movil-e1438033421964.jpg\"><img loading=\"lazy\" decoding=\"async\" class=\"aligncenter size-full wp-image-5516\" src=\"http:\/\/www.atecordoba.org\/wp-content\/uploads\/2015\/07\/salario-minimo-vital-y-movil-e1438033421964.jpg\" alt=\"salario minimo vital y movil\" width=\"550\" height=\"355\" \/><\/a><\/p>\n<p>Por su parte, el Secretario General Adjunto, Hugo \u201cCachorro\u201d Godoy, asegur\u00f3 que \u201canuncian un salario m\u00ednimo de 6060 pesos, que reci\u00e9n regir\u00e1 en enero del a\u00f1o que viene, cuando en este momento los salarios deber\u00edan estar en no menos de 12.000 pesos para cubrir las necesidades de un trabajador\u201d. Asimismo consider\u00f3 desde el Consejo del Empleo \u201cinsisten en ignorar la realidad de los trabajadores municipales y provinciales que cobran salarios por debajo de los 4700 pesos del actual Salario M\u00ednimo\u201d.<\/p>\n<p>Desde el Consejo Directivo Nacional de ATE destacaron a su vez que otro defecto del Salario M\u00ednimo anunciado es que no contempla la diferencia en el costo de vida de las distintas provincias. \u201cEl salario m\u00ednimo debe zonificarse, porque es un error creer que el costo de vida en toda la Argentina es uniforme. No cuesta lo mismo vivir en la Capital Federal que en otras regiones del pa\u00eds\u201d, explic\u00f3 Fuentes.<\/p>\n<p>En relaci\u00f3n al Consejo del Empleo, desde ATE denunciaron que una vez m\u00e1s se excluy\u00f3 a la CTA Aut\u00f3noma y a otras centrales de la discusi\u00f3n. \u201cLa presidenta ha convertido el Consejo en un club de amigos, lo ha tergiversado y solamente re\u00fane a sus amigos de La Sociedad Rural, de la UIA, de la Asociaci\u00f3n de Bancos, de la CGT de Cal\u00f3 y la CTA de Yasky, para que aplaudan sus anuncios y sin discutir con nadie. Hay que recuperar su verdadera condici\u00f3n, de ser una instituci\u00f3n donde se puedan debatir los problemas reales de los trabajadores\u201d, afirm\u00f3 Hugo Godoy.<\/p>\n<p>&nbsp;<\/p>\n","protected":false},"excerpt":{"rendered":"<p>El Secretario General del Consejo Directivo Nacional de ATE, Julio Fuentes, denunci\u00f3 que \u201cel Salario M\u00ednimo Vital y M\u00f3vil vuelve a dejar fuera de su alcance a cerca de 3 millones de estatales que dependen de los Estados provinciales y municipales\u201d y se\u00f1al\u00f3 que el Consejo Nacional del Empleo, la Productividad y el Salario M\u00ednimo [&hellip;]<\/p>\n","protected":false},"author":1,"featured_media":19220,"comment_status":"open","ping_status":"open","sticky":false,"template":"","format":"standard","meta":{"_exactmetrics_skip_tracking":false,"_exactmetrics_sitenote_active":false,"_exactmetrics_sitenote_note":"","_exactmetrics_sitenote_category":0,"jnews-multi-image_gallery":[],"jnews_single_post":[],"jnews_primary_category":[],"jnews_social_meta":[],"jnews_review":[],"enable_review":"","type":"","name":"","summary":"","brand":"","sku":"","good":[],"bad":[],"score_override":"","override_value":"","rating":[],"price":[],"jnews_override_counter":[],"jnews_post_split":[],"footnotes":""},"categories":[1],"tags":[],"class_list":["post-5515","post","type-post","status-publish","format-standard","has-post-thumbnail","hentry","category-sin-categoria"],"jetpack_featured_media_url":"https:\/\/atecordoba.org\/wp-content\/uploads\/2020\/05\/logo-nuevochico-e1561581322808.png","_links":{"self":[{"href":"https:\/\/atecordoba.org\/index.php?rest_route=\/wp\/v2\/posts\/5515","targetHints":{"allow":["GET"]}}],"collection":[{"href":"https:\/\/atecordoba.org\/index.php?rest_route=\/wp\/v2\/posts"}],"about":[{"href":"https:\/\/atecordoba.org\/index.php?rest_route=\/wp\/v2\/types\/post"}],"author":[{"embeddable":true,"href":"https:\/\/atecordoba.org\/index.php?rest_route=\/wp\/v2\/users\/1"}],"replies":[{"embeddable":true,"href":"https:\/\/atecordoba.org\/index.php?rest_route=%2Fwp%2Fv2%2Fcomments&post=5515"}],"version-history":[{"count":0,"href":"https:\/\/atecordoba.org\/index.php?rest_route=\/wp\/v2\/posts\/5515\/revisions"}],"wp:featuredmedia":[{"embeddable":true,"href":"https:\/\/atecordoba.org\/index.php?rest_route=\/wp\/v2\/media\/19220"}],"wp:attachment":[{"href":"https:\/\/atecordoba.org\/index.php?rest_route=%2Fwp%2Fv2%2Fmedia&parent=5515"}],"wp:term":[{"taxonomy":"category","embeddable":true,"href":"https:\/\/atecordoba.org\/index.php?rest_route=%2Fwp%2Fv2%2Fcategories&post=5515"},{"taxonomy":"post_tag","embeddable":true,"href":"https:\/\/atecordoba.org\/index.php?rest_route=%2Fwp%2Fv2%2Ftags&post=5515"}],"curies":[{"name":"wp","href":"https:\/\/api.w.org\/{rel}","templated":true}]}}