{"id":5508,"date":"2015-07-27T14:37:28","date_gmt":"2015-07-27T17:37:28","guid":{"rendered":"http:\/\/www.atecordoba.org\/?p=5508"},"modified":"2015-07-27T14:37:28","modified_gmt":"2015-07-27T17:37:28","slug":"continua-el-conflicto-en-el-ministerio-desarrollo-social-de-la-nacion","status":"publish","type":"post","link":"https:\/\/atecordoba.org\/?p=5508","title":{"rendered":"Contin\u00faa el conflicto en el Ministerio Desarrollo Social de la Naci\u00f3n"},"content":{"rendered":"<p><em>Los trabajadores realizar\u00e1n ma\u00f1ana una nueva jornada nacional para&nbsp;visibilizar la situaci\u00f3n de precariedad laboral que sufren la gran mayor\u00eda de los compa\u00f1eros&nbsp;del sector y la falta de respuestas de los funcionarios &nbsp;de la cartera dependiente de la ministra Alicia Kirchner. En C\u00f3rdoba se realizar\u00e1 una actividad de en la Plaza del Fundador, a partir de las 10 horas.<\/em><\/p>\n<p><a href=\"http:\/\/www.atecordoba.org\/wp-content\/uploads\/2015\/07\/MDS-4-e1438018539370.jpg\"><img loading=\"lazy\" decoding=\"async\" alt=\"MDS 4\" height=\"413\" src=\"http:\/\/www.atecordoba.org\/wp-content\/uploads\/2015\/07\/MDS-4-e1438018539370.jpg\" width=\"550\" class=\"aligncenter size-full wp-image-5510\"><\/a><\/p>\n<p>La medida fue acordada con las provincias de Buenos Aires, Misiones, Santa Fe, Mendoza y C\u00f3rdoba, en el marco de un largo conflicto que ATE viene desarrollando en reclamo del pase a planta permanente de los trabajadores precarizados, que en C\u00f3rdoba alcanzan al 100% del plantel.<\/p>\n<p>La jornada de protesta de ma\u00f1ana se centra sobre la situaci\u00f3n de los trabajadores del Programa Nacional de Desarrollo Infantil Primeros A\u00f1os, que coordina dicho ministerio,&nbsp;que&nbsp;desde el 2010 desempe\u00f1an actividades laborales bajo la modalidad de &#8216;monotributistas&#8217;, en evidente violaci\u00f3n de la legislaci\u00f3n laboral vigente. Su relaci\u00f3n laboral con Desarrollo Social&nbsp;vence el 31 de diciembre de este a\u00f1o.<\/p>\n<p><a href=\"http:\/\/www.atecordoba.org\/wp-content\/uploads\/2015\/07\/MDS-1-e1438018556797.jpg\"><img loading=\"lazy\" decoding=\"async\" alt=\"MDS 1\" height=\"413\" src=\"http:\/\/www.atecordoba.org\/wp-content\/uploads\/2015\/07\/MDS-1-e1438018556797.jpg\" width=\"550\" class=\"aligncenter size-full wp-image-5511\"><\/a><\/p>\n<p>&nbsp;<\/p>\n<p>En C\u00f3rdoba &nbsp;los compa\u00f1eros desarrollan actividades en distintos barrios y comunidades &nbsp;vulnerables, reconociendo la importancia de la familia en la crianza de los primeros a\u00f1os, donde la pol\u00edtica p\u00fablica &nbsp;promueve &nbsp;entornos protectores de los derechos de los ni\u00f1os y las ni\u00f1as.<\/p>\n<p>Sin embargo, esta pol\u00edtica se lleva adelante con trabajadores precarizados, cuya fuente laboral corre permanente peligro. Desde ATE C\u00f3rdoba estamos convencidos que para garantizar derechos de los sectores vulnerables, hacen falta tambi\u00e9n trabajadores con derechos.<\/p>\n<p>En ese sentido, los reclamos se mantienen hace meses&nbsp;ya que las autoridades de dicho Ministerio no dan respuestas, alegando que no pueden realizar m\u00e1s contrataciones, pero contin\u00faa ingresando personal (cargos pol\u00edticos) en el Centro de Referencia C\u00f3rdoba a cargo de Jos\u00e9 Bianchi, que combina la funci\u00f3n p\u00fablica con la actividad partidaria oficialista.<\/p>\n<p><a href=\"http:\/\/www.atecordoba.org\/wp-content\/uploads\/2015\/07\/MDS-3-e1438018570517.jpg\"><img loading=\"lazy\" decoding=\"async\" alt=\"MDS 3\" height=\"309\" src=\"http:\/\/www.atecordoba.org\/wp-content\/uploads\/2015\/07\/MDS-3-e1438018570517.jpg\" width=\"550\" class=\"aligncenter size-full wp-image-5509\"><\/a><\/p>\n<p>Mientras, los trabajadores denuncian la falta de espacios f\u00edsicos para trabajar, la deficiencia en las condiciones laborales, la falta de condiciones de seguridad e higiene, provisi\u00f3n de mobiliario e insumos. Y manifiestan la necesidad de una urgente regulaci\u00f3n del empleo p\u00fablico ya que esta situaci\u00f3n de precariedad laboral esta sostenida por a\u00f1os, donde los trabajadores se concentran bajo la modalidad de contratados y monotributistas.<\/p>\n<p>En consecuencia, ma\u00f1ana los trabajadores realizaran la jornada de protesta la Plaza del Fundador, de 10 a 13 horas, a los efectos de dar a conocer esta apremiante situaci\u00f3n.<\/p>\n","protected":false},"excerpt":{"rendered":"<p>Los trabajadores realizar\u00e1n ma\u00f1ana una nueva jornada nacional para&nbsp;visibilizar la situaci\u00f3n de precariedad laboral que sufren la gran mayor\u00eda de los compa\u00f1eros&nbsp;del sector y la falta de respuestas de los funcionarios &nbsp;de la cartera dependiente de la ministra Alicia Kirchner. En C\u00f3rdoba se realizar\u00e1 una actividad de en la Plaza del Fundador, a partir de [&hellip;]<\/p>\n","protected":false},"author":1,"featured_media":19220,"comment_status":"open","ping_status":"open","sticky":false,"template":"","format":"standard","meta":{"_exactmetrics_skip_tracking":false,"_exactmetrics_sitenote_active":false,"_exactmetrics_sitenote_note":"","_exactmetrics_sitenote_category":0,"jnews-multi-image_gallery":[],"jnews_single_post":[],"jnews_primary_category":[],"jnews_social_meta":[],"jnews_review":[],"enable_review":"","type":"","name":"","summary":"","brand":"","sku":"","good":[],"bad":[],"score_override":"","override_value":"","rating":[],"price":[],"jnews_override_counter":[],"jnews_post_split":[],"footnotes":""},"categories":[113,18],"tags":[],"class_list":["post-5508","post","type-post","status-publish","format-standard","has-post-thumbnail","hentry","category-desarrollo-social-nacion","category-nacionales"],"jetpack_featured_media_url":"https:\/\/atecordoba.org\/wp-content\/uploads\/2020\/05\/logo-nuevochico-e1561581322808.png","_links":{"self":[{"href":"https:\/\/atecordoba.org\/index.php?rest_route=\/wp\/v2\/posts\/5508","targetHints":{"allow":["GET"]}}],"collection":[{"href":"https:\/\/atecordoba.org\/index.php?rest_route=\/wp\/v2\/posts"}],"about":[{"href":"https:\/\/atecordoba.org\/index.php?rest_route=\/wp\/v2\/types\/post"}],"author":[{"embeddable":true,"href":"https:\/\/atecordoba.org\/index.php?rest_route=\/wp\/v2\/users\/1"}],"replies":[{"embeddable":true,"href":"https:\/\/atecordoba.org\/index.php?rest_route=%2Fwp%2Fv2%2Fcomments&post=5508"}],"version-history":[{"count":0,"href":"https:\/\/atecordoba.org\/index.php?rest_route=\/wp\/v2\/posts\/5508\/revisions"}],"wp:featuredmedia":[{"embeddable":true,"href":"https:\/\/atecordoba.org\/index.php?rest_route=\/wp\/v2\/media\/19220"}],"wp:attachment":[{"href":"https:\/\/atecordoba.org\/index.php?rest_route=%2Fwp%2Fv2%2Fmedia&parent=5508"}],"wp:term":[{"taxonomy":"category","embeddable":true,"href":"https:\/\/atecordoba.org\/index.php?rest_route=%2Fwp%2Fv2%2Fcategories&post=5508"},{"taxonomy":"post_tag","embeddable":true,"href":"https:\/\/atecordoba.org\/index.php?rest_route=%2Fwp%2Fv2%2Ftags&post=5508"}],"curies":[{"name":"wp","href":"https:\/\/api.w.org\/{rel}","templated":true}]}}