{"id":5498,"date":"2015-07-17T20:19:14","date_gmt":"2015-07-17T23:19:14","guid":{"rendered":"http:\/\/www.atecordoba.org\/?p=5498"},"modified":"2015-07-17T20:19:14","modified_gmt":"2015-07-17T23:19:14","slug":"ate-participo-de-las-jornadas-de-adecuacion-a-la-ley-de-salud-mental","status":"publish","type":"post","link":"https:\/\/atecordoba.org\/?p=5498","title":{"rendered":"ATE particip\u00f3 de las jornadas de adecuaci\u00f3n a la Ley de Salud Mental"},"content":{"rendered":"<p><em>A trav\u00e9s de una delegada y un grupo de trabajadoras\u00a0del Hospital Neurosiqui\u00e1trico, ATE estuvo presente esta semana al Hospital Nacional en Red de la ciudad de Buenos Aires y se capacitaron en la implementaci\u00f3n de los dispositivos comunitarios.<\/em><\/p>\n<p><a href=\"http:\/\/www.atecordoba.org\/wp-content\/uploads\/2015\/07\/IMG-20150714-WA0003-e1437174941798.jpg\"><img loading=\"lazy\" decoding=\"async\" class=\"aligncenter size-full wp-image-5500\" src=\"http:\/\/www.atecordoba.org\/wp-content\/uploads\/2015\/07\/IMG-20150714-WA0003-e1437174941798.jpg\" alt=\"IMG-20150714-WA0003\" width=\"550\" height=\"413\" \/><\/a><\/p>\n<p>Las compa\u00f1eras Carina Querio, delegada de nuestro gremio trabajadora social,\u00a0Adriana Castillo (presidenta de la Asociaci\u00f3n Civil Abracadabra y jefa del \u00c1rea de Rehabilitaci\u00f3n del Neuro), Rossana Mores (m\u00e9dica psiquiatra) y \u00a0Liliana Carrizo (trabajadora social y Presidenta de la Asociaci\u00f3n Cooperadora del Neuro), se trasladaron a Capital Federal para capacitarse en el centro de salud,\u00a0que\u00a0viene realizando desde hace 3 a\u00f1os un proceso de adecuaci\u00f3n a la Ley de Salud Mental del hospital, tal como deber\u00eda realizarse en el Hospital Neuropsiqui\u00e1trico, con la participaci\u00f3n de todos los actores, con un plan estrat\u00e9gico definido y con la voluntad pol\u00edtica de asignaci\u00f3n de recursos al proyecto.<\/p>\n<p><a href=\"http:\/\/www.atecordoba.org\/wp-content\/uploads\/2015\/07\/IMG-20150714-WA0002.jpg\"><img loading=\"lazy\" decoding=\"async\" class=\"aligncenter wp-image-5501 \" src=\"http:\/\/www.atecordoba.org\/wp-content\/uploads\/2015\/07\/IMG-20150714-WA0002-1024x768.jpg\" alt=\"IMG-20150714-WA0002\" width=\"550\" height=\"412\" \/><\/a><\/p>\n<p>&nbsp;<\/p>\n<p>&#8220;Hicimos una recorrida por todos los dispositivos comunitarios que se implementan desde el hospital, con la participaci\u00f3n de organizaciones de la sociedad civil en la atenci\u00f3n primaria de la salud mental.\u00a0Luego, nos recibi\u00f3 Mar\u00eda Matilde Mazza, directora Nacional de Salud Mental y Adicciones, quien puso a disposici\u00f3n de los trabajadores del hospital la asistencia t\u00e9cnica para la adecuaci\u00f3n del hospital a la Ley de Salud Mental, con la realizaci\u00f3n de un proyecto participativo y democr\u00e1tico&#8221;, explic\u00f3 Querio.<\/p>\n<p>&nbsp;<\/p>\n","protected":false},"excerpt":{"rendered":"<p>A trav\u00e9s de una delegada y un grupo de trabajadoras\u00a0del Hospital Neurosiqui\u00e1trico, ATE estuvo presente esta semana al Hospital Nacional en Red de la ciudad de Buenos Aires y se capacitaron en la implementaci\u00f3n de los dispositivos comunitarios. Las compa\u00f1eras Carina Querio, delegada de nuestro gremio trabajadora social,\u00a0Adriana Castillo (presidenta de la Asociaci\u00f3n Civil Abracadabra [&hellip;]<\/p>\n","protected":false},"author":1,"featured_media":19220,"comment_status":"open","ping_status":"open","sticky":false,"template":"","format":"standard","meta":{"_exactmetrics_skip_tracking":false,"_exactmetrics_sitenote_active":false,"_exactmetrics_sitenote_note":"","_exactmetrics_sitenote_category":0,"jnews-multi-image_gallery":[],"jnews_single_post":[],"jnews_primary_category":[],"jnews_social_meta":[],"jnews_review":[],"enable_review":"","type":"","name":"","summary":"","brand":"","sku":"","good":[],"bad":[],"score_override":"","override_value":"","rating":[],"price":[],"jnews_override_counter":[],"jnews_post_split":[],"footnotes":""},"categories":[8,102],"tags":[],"class_list":["post-5498","post","type-post","status-publish","format-standard","has-post-thumbnail","hentry","category-provinciales","category-salud-2"],"jetpack_featured_media_url":"https:\/\/atecordoba.org\/wp-content\/uploads\/2020\/05\/logo-nuevochico-e1561581322808.png","_links":{"self":[{"href":"https:\/\/atecordoba.org\/index.php?rest_route=\/wp\/v2\/posts\/5498","targetHints":{"allow":["GET"]}}],"collection":[{"href":"https:\/\/atecordoba.org\/index.php?rest_route=\/wp\/v2\/posts"}],"about":[{"href":"https:\/\/atecordoba.org\/index.php?rest_route=\/wp\/v2\/types\/post"}],"author":[{"embeddable":true,"href":"https:\/\/atecordoba.org\/index.php?rest_route=\/wp\/v2\/users\/1"}],"replies":[{"embeddable":true,"href":"https:\/\/atecordoba.org\/index.php?rest_route=%2Fwp%2Fv2%2Fcomments&post=5498"}],"version-history":[{"count":0,"href":"https:\/\/atecordoba.org\/index.php?rest_route=\/wp\/v2\/posts\/5498\/revisions"}],"wp:featuredmedia":[{"embeddable":true,"href":"https:\/\/atecordoba.org\/index.php?rest_route=\/wp\/v2\/media\/19220"}],"wp:attachment":[{"href":"https:\/\/atecordoba.org\/index.php?rest_route=%2Fwp%2Fv2%2Fmedia&parent=5498"}],"wp:term":[{"taxonomy":"category","embeddable":true,"href":"https:\/\/atecordoba.org\/index.php?rest_route=%2Fwp%2Fv2%2Fcategories&post=5498"},{"taxonomy":"post_tag","embeddable":true,"href":"https:\/\/atecordoba.org\/index.php?rest_route=%2Fwp%2Fv2%2Ftags&post=5498"}],"curies":[{"name":"wp","href":"https:\/\/api.w.org\/{rel}","templated":true}]}}