{"id":54944,"date":"2026-09-04T15:24:38","date_gmt":"2026-09-04T18:24:38","guid":{"rendered":"https:\/\/atecordoba.org\/?p=54944"},"modified":"2026-09-04T15:42:27","modified_gmt":"2026-09-04T18:42:27","slug":"pami-el-gobierno-cede-ante-el-plan-de-lucha-y-llama-a-audiencia-paritaria-el-lunes-proximo","status":"publish","type":"post","link":"https:\/\/atecordoba.org\/?p=54944","title":{"rendered":"PAMI: El gobierno cede ante el plan de lucha y llama a audiencia paritaria el lunes pr\u00f3ximo"},"content":{"rendered":"<p><img loading=\"lazy\" decoding=\"async\" class=\"aligncenter wp-image-54946 \" src=\"https:\/\/atecordoba.org\/wp-content\/uploads\/2026\/09\/WhatsApp-Image-2026-08-26-at-09.44.35-1024x576.jpeg\" alt=\"\" width=\"624\" height=\"351\" srcset=\"https:\/\/atecordoba.org\/wp-content\/uploads\/2026\/09\/WhatsApp-Image-2026-08-26-at-09.44.35-1024x576.jpeg 1024w, https:\/\/atecordoba.org\/wp-content\/uploads\/2026\/09\/WhatsApp-Image-2026-08-26-at-09.44.35-300x169.jpeg 300w, https:\/\/atecordoba.org\/wp-content\/uploads\/2026\/09\/WhatsApp-Image-2026-08-26-at-09.44.35-768x432.jpeg 768w, https:\/\/atecordoba.org\/wp-content\/uploads\/2026\/09\/WhatsApp-Image-2026-08-26-at-09.44.35-750x422.jpeg 750w, https:\/\/atecordoba.org\/wp-content\/uploads\/2026\/09\/WhatsApp-Image-2026-08-26-at-09.44.35-1140x641.jpeg 1140w, https:\/\/atecordoba.org\/wp-content\/uploads\/2026\/09\/WhatsApp-Image-2026-08-26-at-09.44.35.jpeg 1280w\" sizes=\"auto, (max-width: 624px) 100vw, 624px\" \/>Con una notificaci\u00f3n realizada hoy, el gobierno de Milei convoc\u00f3 a las organizaciones sindicales con actuaci\u00f3n en PAMI a una audiencia paritaria el pr\u00f3ximo lunes 7 de septiembre.<\/p>\n<p>De esta manera, y luego de dos semanas de plan de lucha conjunto de ATE y los gremios del sector, funcionarios del organismo cedieron ante la presi\u00f3n desatada por las constantes protestas, el apoyo de los jubilados y afiliados, y la repercusi\u00f3n p\u00fablica del conflicto.<\/p>\n<p>Ya hab\u00eda destacado el coordinador nacional de ATE PAMI, Ramon Far\u00edas, que en PAMI \u201cel problema es que no hay discusi\u00f3n paritaria con el Estado empleador&#8221;, frente al c\u00famulo de reclamos que se fueron sumando como resultado del congelamiento salarial, la ca\u00edda de las prestaciones sociales y m\u00e9dicas y la falta de altas por bajas de personal que abandona la obra social m\u00e1s grande de Latinoam\u00e9rica, entre otros puntos.<\/p>\n<p>En ese marco, la convocatoria es un avance pol\u00edtico que demuestra la debilidad oficial en un conflicto donde la unidad de las organizaciones ha sido clave.<\/p>\n<p>Sin embargo, el llamado oficial no detendr\u00e1 las actividades programadas para el martes pr\u00f3ximo, en el marco del plan de lucha.<\/p>\n<p><img loading=\"lazy\" decoding=\"async\" class=\"aligncenter wp-image-54945 \" src=\"https:\/\/atecordoba.org\/wp-content\/uploads\/2026\/09\/WhatsApp-Image-2026-09-04-at-14.38.13-723x1024.jpeg\" alt=\"\" width=\"609\" height=\"863\" srcset=\"https:\/\/atecordoba.org\/wp-content\/uploads\/2026\/09\/WhatsApp-Image-2026-09-04-at-14.38.13-723x1024.jpeg 723w, https:\/\/atecordoba.org\/wp-content\/uploads\/2026\/09\/WhatsApp-Image-2026-09-04-at-14.38.13-212x300.jpeg 212w, https:\/\/atecordoba.org\/wp-content\/uploads\/2026\/09\/WhatsApp-Image-2026-09-04-at-14.38.13-768x1087.jpeg 768w, https:\/\/atecordoba.org\/wp-content\/uploads\/2026\/09\/WhatsApp-Image-2026-09-04-at-14.38.13-750x1062.jpeg 750w, https:\/\/atecordoba.org\/wp-content\/uploads\/2026\/09\/WhatsApp-Image-2026-09-04-at-14.38.13.jpeg 1080w\" sizes=\"auto, (max-width: 609px) 100vw, 609px\" \/><\/p>\n","protected":false},"excerpt":{"rendered":"<p>Con una notificaci\u00f3n realizada hoy, el gobierno de Milei convoc\u00f3 a las organizaciones sindicales con actuaci\u00f3n en PAMI a una audiencia paritaria el pr\u00f3ximo lunes 7 de septiembre. De esta manera, y luego de dos semanas de plan de lucha conjunto de ATE y los gremios del sector, funcionarios del organismo cedieron ante la presi\u00f3n [&hellip;]<\/p>\n","protected":false},"author":7,"featured_media":54946,"comment_status":"open","ping_status":"open","sticky":false,"template":"","format":"standard","meta":{"_exactmetrics_skip_tracking":false,"_exactmetrics_sitenote_active":false,"_exactmetrics_sitenote_note":"","_exactmetrics_sitenote_category":0,"jnews-multi-image_gallery":[],"jnews_single_post":{"format":"standard","override":[{"template":"1","parallax":"1","fullscreen":"1","layout":"no-sidebar-narrow","sidebar":"default-sidebar","second_sidebar":"default-sidebar","sticky_sidebar":"1","share_position":"bottom","share_float_style":"share-monocrhome","show_share_counter":"1","show_view_counter":"1","show_post_meta":"1","show_post_author_image":"1","show_post_date":"1","post_date_format":"default","post_date_format_custom":"Y\/m\/d","show_post_category":"1","show_post_reading_time":"0","post_reading_time_wpm":"300","post_calculate_word_method":"str_word_count","show_zoom_button":"0","zoom_button_out_step":"2","zoom_button_in_step":"3","show_post_tag":"1","number_popup_post":"1","show_post_related":"1","show_inline_post_related":"0"}],"image_override":[{"single_post_thumbnail_size":"crop-500","single_post_gallery_size":"crop-500"}],"trending_post_position":"meta","trending_post_label":"Trending","sponsored_post_label":"Sponsored by","disable_ad":"0"},"jnews_primary_category":[],"jnews_social_meta":[],"jnews_review":[],"enable_review":"","type":"percentage","name":"","summary":"","brand":"","sku":"","good":[],"bad":[],"score_override":"","override_value":"","rating":[],"price":[],"jnews_override_counter":{"view_counter_number":"0","share_counter_number":"0","like_counter_number":"0","dislike_counter_number":"0"},"jnews_post_split":{"post_split":[{"template":"1","tag":"h2","numbering":"asc","mode":"normal","first":"0","enable_toc":"0","toc_type":"normal"}]},"footnotes":""},"categories":[18],"tags":[],"class_list":["post-54944","post","type-post","status-publish","format-standard","has-post-thumbnail","hentry","category-nacionales"],"jetpack_featured_media_url":"https:\/\/atecordoba.org\/wp-content\/uploads\/2026\/09\/WhatsApp-Image-2026-08-26-at-09.44.35.jpeg","_links":{"self":[{"href":"https:\/\/atecordoba.org\/index.php?rest_route=\/wp\/v2\/posts\/54944","targetHints":{"allow":["GET"]}}],"collection":[{"href":"https:\/\/atecordoba.org\/index.php?rest_route=\/wp\/v2\/posts"}],"about":[{"href":"https:\/\/atecordoba.org\/index.php?rest_route=\/wp\/v2\/types\/post"}],"author":[{"embeddable":true,"href":"https:\/\/atecordoba.org\/index.php?rest_route=\/wp\/v2\/users\/7"}],"replies":[{"embeddable":true,"href":"https:\/\/atecordoba.org\/index.php?rest_route=%2Fwp%2Fv2%2Fcomments&post=54944"}],"version-history":[{"count":3,"href":"https:\/\/atecordoba.org\/index.php?rest_route=\/wp\/v2\/posts\/54944\/revisions"}],"predecessor-version":[{"id":54950,"href":"https:\/\/atecordoba.org\/index.php?rest_route=\/wp\/v2\/posts\/54944\/revisions\/54950"}],"wp:featuredmedia":[{"embeddable":true,"href":"https:\/\/atecordoba.org\/index.php?rest_route=\/wp\/v2\/media\/54946"}],"wp:attachment":[{"href":"https:\/\/atecordoba.org\/index.php?rest_route=%2Fwp%2Fv2%2Fmedia&parent=54944"}],"wp:term":[{"taxonomy":"category","embeddable":true,"href":"https:\/\/atecordoba.org\/index.php?rest_route=%2Fwp%2Fv2%2Fcategories&post=54944"},{"taxonomy":"post_tag","embeddable":true,"href":"https:\/\/atecordoba.org\/index.php?rest_route=%2Fwp%2Fv2%2Ftags&post=54944"}],"curies":[{"name":"wp","href":"https:\/\/api.w.org\/{rel}","templated":true}]}}