{"id":54937,"date":"2026-09-04T14:17:19","date_gmt":"2026-09-04T17:17:19","guid":{"rendered":"https:\/\/atecordoba.org\/?p=54937"},"modified":"2026-09-04T14:23:26","modified_gmt":"2026-09-04T17:23:26","slug":"giuliani-ate-esta-construyendo-una-alternativa-gremial-en-sierras-chicas","status":"publish","type":"post","link":"https:\/\/atecordoba.org\/?p=54937","title":{"rendered":"Giuliani: \u201cATE est\u00e1 construyendo una alternativa gremial en Sierras Chicas\u201d"},"content":{"rendered":"<p><img loading=\"lazy\" decoding=\"async\" class=\"aligncenter wp-image-54816 size-large\" src=\"https:\/\/atecordoba.org\/wp-content\/uploads\/2026\/08\/Federico-Giuliani-1024x683.jpg\" alt=\"\" width=\"1024\" height=\"683\" srcset=\"https:\/\/atecordoba.org\/wp-content\/uploads\/2026\/08\/Federico-Giuliani-1024x683.jpg 1024w, https:\/\/atecordoba.org\/wp-content\/uploads\/2026\/08\/Federico-Giuliani-300x200.jpg 300w, https:\/\/atecordoba.org\/wp-content\/uploads\/2026\/08\/Federico-Giuliani-768x513.jpg 768w, https:\/\/atecordoba.org\/wp-content\/uploads\/2026\/08\/Federico-Giuliani-1536x1025.jpg 1536w, https:\/\/atecordoba.org\/wp-content\/uploads\/2026\/08\/Federico-Giuliani-2048x1367.jpg 2048w, https:\/\/atecordoba.org\/wp-content\/uploads\/2026\/08\/Federico-Giuliani-750x501.jpg 750w, https:\/\/atecordoba.org\/wp-content\/uploads\/2026\/08\/Federico-Giuliani-1140x761.jpg 1140w\" sizes=\"auto, (max-width: 1024px) 100vw, 1024px\" \/><\/p>\n<p>La presencia de ATE en los municipios de las Sierras Chicas obliga a nuestra organizaci\u00f3n a afrontar relaciones conflictivas con algunos departamentos ejecutivos, que no aceptan que las y los trabajadores municipales elijan seg\u00fan su propio criterio y en funci\u00f3n de sus necesidades el gremio que los represente.<\/p>\n<p>Esta situaci\u00f3n, en relaci\u00f3n al conflicto por el \u00e1mbito de representaci\u00f3n de ATE en la Municipalidad de R\u00edo Ceballos, fue abordada por nuestro secretario General, Federico Giuliani, en una entrevista brindada a una radio local.<\/p>\n<p>El dirigente explic\u00f3 que \u201cse est\u00e1 construyendo la alternativa de un sindicalismo distinto, en este caso generando la posibilidad de que quienes trabajan en las municipalidades de este corredor tan poderoso, tan importante de la provincia, se organicen sindicalmente en ATE. Nosotros no decimos que somos mejores ni peores que nadie, pero s\u00ed creo que tenemos una impronta y una manera de hacer sindicalismo totalmente diferente a los gremios municipales de esta regi\u00f3n\u201d.<\/p>\n<p><strong>\u00bfSe va a tratar el tema en la audiencia con la Municipalidad de R\u00edo Ceballos que tendr\u00e1n hoy?<\/strong><\/p>\n<p>Vamos a hablar porque hemos judicializado el conflicto. Lo que hay que plantear es que en pleno siglo XXI algunos intendentes que creen leg\u00edtimamente en el libre mercado no dejan que exista la democracia sindical. Es decir, si en el libre mercado puedo elegir lo que quiero comprar o qu\u00e9 me quiere representar, por qu\u00e9 no habr\u00eda de hacerlo un sindicato?<\/p>\n<p>Bueno, evidentemente hay acuerdos pol\u00edticos con los otros municipios que nos obstaculizan la posibilidad de desarrollar la actividad sindical de manera normal. Por eso se judicializ\u00f3. Cabe aclarar que venimos de un antecedente importante hace menos de un mes, cuando sali\u00f3 un fallo a favor de ATE en Alta Gracia con respecto a esta misma problem\u00e1tica, al no reconocimiento a nuestro sindicato de parte de los ejecutivos.<\/p>\n<p>La ganamos y por eso hoy cuando nos juntemos con el funcionario a cargo de Recursos Humanos, Emanuel Lapid, vamos a trasladarle el pedido que no estiren un tema judicial que en definitiva le niega a nuestros representados la posibilidad que tengan un sindicato como ATE, que accedan a nuestros beneficios sociales.<\/p>\n<p>Tambi\u00e9n vamos a dejarle en mano nuestra propuesta de convenio colectivo de trabajo. Los estatutos son instrumentos viejos, hechos en otra \u00e9poca con un Estado que era de otra manera y nosotros necesitamos democratizar las relaciones laborales, modernizarlas y que sea una discusi\u00f3n de dos, porque los estatutos los hicieron los intendentes, necesitamos que los sindicatos y los intendentes lo discutamos.<\/p>\n<p><strong>-\u00bfPor qu\u00e9 se prolonga tanto la falta de reconocimiento en R\u00edo Ceballos, cuando si lo tienen en Mendiolaza y Salsipuedes?<\/strong><\/p>\n<p>Yo creo que hay falta de voluntad pol\u00edtica y que hay acuerdos del intendente con el otro sindicato. Ac\u00e1 el problema es cuando un sindicato se adjudica a la representatividad del total de los trabajadores y de las trabajadoras de un lugar de laburo, aun por encima del deseo de los propios laburantes. Yo creo en la libertad sindical. ATE tiene personer\u00eda de gremial n\u00ba 2, 101 a\u00f1os de historia porque se fund\u00f3 en 1925 y tenemos representatividad en la naci\u00f3n, en las provincias, en los municipios.<\/p>\n<p>Lo raro es que localidades tan cercanas unas con otras sea tan dis\u00edmil la realidad. Y ac\u00e1 no tiene que ver con el partido pol\u00edtico, porque nos toca esta situaci\u00f3n, por ejemplo, en Alta Gracia que gobierna un signo pol\u00edtico y en R\u00edo Ceballos que gobierna otro distinto. Me parece que en definitiva buscan obstaculizar, es desgastar a los trabajadores, impedir el normal funcionamiento de la vida sindical del sector de trabajo. Yo creo centralmente que tiene que ver con la falta de voluntad pol\u00edtica y porque hay acuerdos pol\u00edticos con el otro gremio.<\/p>\n<p>Hay que decir que ATE irrumpe como alternativa para los municipales del interior provincial ante la crisis de representatividad de los otros gremios, porque ac\u00e1 no se ven\u00eda hablando de salarios bajos, de p\u00e9rdida de carrera, de las categor\u00edas, de un estatuto de la d\u00e9cada del \u201970 que est\u00e1 viejo. Hay desidia de parte de las gestiones pol\u00edticas claramente en los \u00faltimos 40 a\u00f1os, pero tambi\u00e9n ha habido una connivencia, una complicidad del sindicato municipal que no hizo nada o mir\u00f3 para otro lado. Aclaro que no venimos en contra de nadie, sino a aportar una nueva opci\u00f3n sindical.<\/p>\n<p>Para nosotros es la asamblea la herramienta principal que nos permite tener la fortaleza para despu\u00e9s discutir salarios y no ir a escondidas a arreglar sueldos a la baja, para que despu\u00e9s los trabajadores y las trabajadoras se enteren por una resoluci\u00f3n oficial. Yo creo que as\u00ed estiran la agon\u00eda, desgastan y buscan generar miedo. Como resultado, no hay igualdad de condiciones para desarrollar la organizaci\u00f3n sindical territorialmente.<\/p>\n<p><strong>\u00bfCu\u00e1l es la diferencia entre R\u00edo Ceballos y Salsipuedes?<\/strong><\/p>\n<p>Cuando entramos a Salsipuedes nos encontramos con las misma situaci\u00f3n: un sindicato municipal generando trabas, amenaz\u00e1ndonos de muerte. Situaciones que nos remontan a otra \u00e9poca innecesaria. Estamos en el siglo XXI, somos gente grande, me parece que hay que gastar la energ\u00eda en otra cosa.<\/p>\n<p>All\u00ed ah\u00ed se dio un proceso interesante desde abajo para arriba.\u00a0Empezamos como pocos afiliados, sufriendo amenazas, tanto del Ejecutivo de ese momento como del sindicato y hoy somos mayor\u00eda. Estamos en plena discusi\u00f3n salarial, hemos tenido asambleas con los trabajadores, con las trabajadoras, estamos en una instancia de negociaci\u00f3n en el Ministerio de Trabajo de la Provincia, y hoy lo que hacemos es discutir las propuestas que hay de manera horizontal, democr\u00e1tica. Tambi\u00e9n vamos ratificar la necesidad de tratar la propuesta del convenio colectivo de trabajo.<\/p>\n<p>Con el paso del tiempo en Salsipuedes estamos de otra manera, sin conflicto de representaci\u00f3n y a pocos kil\u00f3metros de R\u00edo Ceballos. La realidad es que se puede funcionar de mejor forma, porque hay voluntad pol\u00edtica, pero sobre todo hay respeto a la Constituci\u00f3n Nacional, al art\u00edculo 14 bis que habla de la libre asociaci\u00f3n, agremiaci\u00f3n de cualquier ciudadano argentino al sindicato que le plazca.<\/p>\n<p>&nbsp;<\/p>\n","protected":false},"excerpt":{"rendered":"<p>La presencia de ATE en los municipios de las Sierras Chicas obliga a nuestra organizaci\u00f3n a afrontar relaciones conflictivas con algunos departamentos ejecutivos, que no aceptan que las y los trabajadores municipales elijan seg\u00fan su propio criterio y en funci\u00f3n de sus necesidades el gremio que los represente. Esta situaci\u00f3n, en relaci\u00f3n al conflicto por [&hellip;]<\/p>\n","protected":false},"author":7,"featured_media":54816,"comment_status":"open","ping_status":"open","sticky":false,"template":"","format":"standard","meta":{"_exactmetrics_skip_tracking":false,"_exactmetrics_sitenote_active":false,"_exactmetrics_sitenote_note":"","_exactmetrics_sitenote_category":0,"jnews-multi-image_gallery":[],"jnews_single_post":{"format":"standard","override":[{"template":"1","parallax":"1","fullscreen":"1","layout":"no-sidebar-narrow","sidebar":"default-sidebar","second_sidebar":"default-sidebar","sticky_sidebar":"1","share_position":"bottom","share_float_style":"share-monocrhome","show_share_counter":"1","show_view_counter":"1","show_post_meta":"1","show_post_author_image":"1","show_post_date":"1","post_date_format":"default","post_date_format_custom":"Y\/m\/d","show_post_category":"1","show_post_reading_time":"0","post_reading_time_wpm":"300","post_calculate_word_method":"str_word_count","show_zoom_button":"0","zoom_button_out_step":"2","zoom_button_in_step":"3","show_post_tag":"1","number_popup_post":"1","show_post_related":"1","show_inline_post_related":"0"}],"image_override":[{"single_post_thumbnail_size":"crop-500","single_post_gallery_size":"crop-500"}],"trending_post_position":"meta","trending_post_label":"Trending","sponsored_post_label":"Sponsored by","disable_ad":"0"},"jnews_primary_category":[],"jnews_social_meta":[],"jnews_review":[],"enable_review":"","type":"percentage","name":"","summary":"","brand":"","sku":"","good":[],"bad":[],"score_override":"","override_value":"","rating":[],"price":[],"jnews_override_counter":{"view_counter_number":"0","share_counter_number":"0","like_counter_number":"0","dislike_counter_number":"0"},"jnews_post_split":{"post_split":[{"template":"1","tag":"h2","numbering":"asc","mode":"normal","first":"0","enable_toc":"0","toc_type":"normal"}]},"footnotes":""},"categories":[20],"tags":[],"class_list":["post-54937","post","type-post","status-publish","format-standard","has-post-thumbnail","hentry","category-municipales"],"jetpack_featured_media_url":"https:\/\/atecordoba.org\/wp-content\/uploads\/2026\/08\/Federico-Giuliani-scaled.jpg","_links":{"self":[{"href":"https:\/\/atecordoba.org\/index.php?rest_route=\/wp\/v2\/posts\/54937","targetHints":{"allow":["GET"]}}],"collection":[{"href":"https:\/\/atecordoba.org\/index.php?rest_route=\/wp\/v2\/posts"}],"about":[{"href":"https:\/\/atecordoba.org\/index.php?rest_route=\/wp\/v2\/types\/post"}],"author":[{"embeddable":true,"href":"https:\/\/atecordoba.org\/index.php?rest_route=\/wp\/v2\/users\/7"}],"replies":[{"embeddable":true,"href":"https:\/\/atecordoba.org\/index.php?rest_route=%2Fwp%2Fv2%2Fcomments&post=54937"}],"version-history":[{"count":4,"href":"https:\/\/atecordoba.org\/index.php?rest_route=\/wp\/v2\/posts\/54937\/revisions"}],"predecessor-version":[{"id":54942,"href":"https:\/\/atecordoba.org\/index.php?rest_route=\/wp\/v2\/posts\/54937\/revisions\/54942"}],"wp:featuredmedia":[{"embeddable":true,"href":"https:\/\/atecordoba.org\/index.php?rest_route=\/wp\/v2\/media\/54816"}],"wp:attachment":[{"href":"https:\/\/atecordoba.org\/index.php?rest_route=%2Fwp%2Fv2%2Fmedia&parent=54937"}],"wp:term":[{"taxonomy":"category","embeddable":true,"href":"https:\/\/atecordoba.org\/index.php?rest_route=%2Fwp%2Fv2%2Fcategories&post=54937"},{"taxonomy":"post_tag","embeddable":true,"href":"https:\/\/atecordoba.org\/index.php?rest_route=%2Fwp%2Fv2%2Ftags&post=54937"}],"curies":[{"name":"wp","href":"https:\/\/api.w.org\/{rel}","templated":true}]}}