{"id":54934,"date":"2026-09-04T13:04:18","date_gmt":"2026-09-04T16:04:18","guid":{"rendered":"https:\/\/atecordoba.org\/?p=54934"},"modified":"2026-09-04T13:04:18","modified_gmt":"2026-09-04T16:04:18","slug":"ate-presenta-el-proyecto-de-convenio-colectivo-de-trabajo-en-salsipuedes-y-rio-ceballos","status":"publish","type":"post","link":"https:\/\/atecordoba.org\/?p=54934","title":{"rendered":"ATE presenta el proyecto de Convenio Colectivo de Trabajo en Salsipuedes y R\u00edo Ceballos"},"content":{"rendered":"<div class=\"jeg_share_button share-float jeg_sticky_share clearfix share-monocrhome\">\n<div class=\"jegStickyHolder\">\n<div class=\"theiaStickySidebar\">\n<div class=\"jeg_share_float_container\"><\/div>\n<\/div>\n<\/div>\n<\/div>\n<div class=\"content-inner \">\n<p><img loading=\"lazy\" decoding=\"async\" class=\"aligncenter wp-image-54926 \" src=\"https:\/\/atecordoba.org\/wp-content\/uploads\/2026\/09\/WhatsApp-Image-2026-09-04-at-12.17.19-1024x576.jpeg\" alt=\"\" width=\"610\" height=\"343\" data-pin-no-hover=\"true\" \/>En una audiencia mantenida hoy con la Municipalidad de Salsipuedes, ATE present\u00f3 el<a href=\"https:\/\/atecordoba.org\/?p=54879\">\u00a0proyecto de Convenio Colectivo de Trabajo<\/a>\u00a0elaborado por nuestra organizaci\u00f3n sindical, una iniciativa que moderniza la relaciones laborales y ampl\u00eda los derechos de las y los municipales de la localidad.<\/p>\n<p>En la reuni\u00f3n estuvieron presentes el secretario General de ATE C\u00f3rdoba, Federico Giuliani, integrante de la Secretar\u00eda de Convenios Colectivos Leonardo Xavier Barrios Caro y los delegados Vladimir Su\u00e1rez, Luis Tapia y Florencia Piccardo. En tanto, por el Departamento Ejecutivo participaron con el secretario de Gobierno, Lucas Combin,a y el presidente del Concejo Deliberante, Osvaldo Mart\u00ednez.<\/p>\n<p><img loading=\"lazy\" decoding=\"async\" class=\"aligncenter wp-image-54927 \" src=\"https:\/\/atecordoba.org\/wp-content\/uploads\/2026\/09\/WhatsApp-Image-2026-09-04-at-12.17.20-1024x576.jpeg\" srcset=\"https:\/\/atecordoba.org\/wp-content\/uploads\/2026\/09\/WhatsApp-Image-2026-09-04-at-12.17.20-1024x576.jpeg 1024w, https:\/\/atecordoba.org\/wp-content\/uploads\/2026\/09\/WhatsApp-Image-2026-09-04-at-12.17.20-300x169.jpeg 300w, https:\/\/atecordoba.org\/wp-content\/uploads\/2026\/09\/WhatsApp-Image-2026-09-04-at-12.17.20-768x432.jpeg 768w, https:\/\/atecordoba.org\/wp-content\/uploads\/2026\/09\/WhatsApp-Image-2026-09-04-at-12.17.20-1536x864.jpeg 1536w, https:\/\/atecordoba.org\/wp-content\/uploads\/2026\/09\/WhatsApp-Image-2026-09-04-at-12.17.20-750x422.jpeg 750w, https:\/\/atecordoba.org\/wp-content\/uploads\/2026\/09\/WhatsApp-Image-2026-09-04-at-12.17.20-1140x641.jpeg 1140w, https:\/\/atecordoba.org\/wp-content\/uploads\/2026\/09\/WhatsApp-Image-2026-09-04-at-12.17.20.jpeg 1600w\" alt=\"\" width=\"606\" height=\"341\" data-pin-no-hover=\"true\" \/><\/p>\n<p>El c\u00f3nclave se realiz\u00f3 en el marco del avance de la discusi\u00f3n paritaria, que fortalece el rol institucional de ATE en la Municipalidad.<\/p>\n<h5>R\u00edo Ceballos<\/h5>\n<p><img loading=\"lazy\" decoding=\"async\" class=\"aligncenter wp-image-54931 \" src=\"https:\/\/atecordoba.org\/wp-content\/uploads\/2026\/09\/WhatsApp-Image-2026-09-04-at-12.17.20-2-1024x576.jpeg\" alt=\"\" width=\"613\" height=\"345\" srcset=\"https:\/\/atecordoba.org\/wp-content\/uploads\/2026\/09\/WhatsApp-Image-2026-09-04-at-12.17.20-2-1024x576.jpeg 1024w, https:\/\/atecordoba.org\/wp-content\/uploads\/2026\/09\/WhatsApp-Image-2026-09-04-at-12.17.20-2-300x169.jpeg 300w, https:\/\/atecordoba.org\/wp-content\/uploads\/2026\/09\/WhatsApp-Image-2026-09-04-at-12.17.20-2-768x432.jpeg 768w, https:\/\/atecordoba.org\/wp-content\/uploads\/2026\/09\/WhatsApp-Image-2026-09-04-at-12.17.20-2-1536x864.jpeg 1536w, https:\/\/atecordoba.org\/wp-content\/uploads\/2026\/09\/WhatsApp-Image-2026-09-04-at-12.17.20-2-750x422.jpeg 750w, https:\/\/atecordoba.org\/wp-content\/uploads\/2026\/09\/WhatsApp-Image-2026-09-04-at-12.17.20-2-1140x641.jpeg 1140w, https:\/\/atecordoba.org\/wp-content\/uploads\/2026\/09\/WhatsApp-Image-2026-09-04-at-12.17.20-2.jpeg 1600w\" sizes=\"auto, (max-width: 613px) 100vw, 613px\" \/>En la misma t\u00f3nica, ATE C\u00f3rdoba mantuvo posteriormente una reuni\u00f3n con el subsecretario de Recursos Humanos y Gesti\u00f3n Operativa de la Municipalidad de R\u00edo Ceballos, Emanuel Lapid, a partir del proyecto de ordenanza que construye una herramienta fundamental para garantizar m\u00e1s derechos, mejores condiciones laborales y dignidad para quienes sostienen todos los d\u00edas el funcionamiento del Estado municipal.<\/p>\n<p><img loading=\"lazy\" decoding=\"async\" class=\"aligncenter wp-image-54932 \" src=\"https:\/\/atecordoba.org\/wp-content\/uploads\/2026\/09\/WhatsApp-Image-2026-09-04-at-12.17.20-1-1024x576.jpeg\" alt=\"\" width=\"613\" height=\"345\" srcset=\"https:\/\/atecordoba.org\/wp-content\/uploads\/2026\/09\/WhatsApp-Image-2026-09-04-at-12.17.20-1-1024x576.jpeg 1024w, https:\/\/atecordoba.org\/wp-content\/uploads\/2026\/09\/WhatsApp-Image-2026-09-04-at-12.17.20-1-300x169.jpeg 300w, https:\/\/atecordoba.org\/wp-content\/uploads\/2026\/09\/WhatsApp-Image-2026-09-04-at-12.17.20-1-768x432.jpeg 768w, https:\/\/atecordoba.org\/wp-content\/uploads\/2026\/09\/WhatsApp-Image-2026-09-04-at-12.17.20-1-750x422.jpeg 750w, https:\/\/atecordoba.org\/wp-content\/uploads\/2026\/09\/WhatsApp-Image-2026-09-04-at-12.17.20-1-1140x641.jpeg 1140w, https:\/\/atecordoba.org\/wp-content\/uploads\/2026\/09\/WhatsApp-Image-2026-09-04-at-12.17.20-1.jpeg 1280w\" sizes=\"auto, (max-width: 613px) 100vw, 613px\" \/><\/p>\n<p>En la audiencia integraron la delegaci\u00f3n estatal nuestro secretario General, Federico Giuliani, y el integrante de la Secretar\u00eda de Convenios Colectivos Leonardo Xavier Barrios Caro, fortaleciendo la representaci\u00f3n de ATE entre las y los municipales del corredor de las Sierras Chicas.<\/p>\n<\/div>\n","protected":false},"excerpt":{"rendered":"<p>En una audiencia mantenida hoy con la Municipalidad de Salsipuedes, ATE present\u00f3 el\u00a0proyecto de Convenio Colectivo de Trabajo\u00a0elaborado por nuestra organizaci\u00f3n sindical, una iniciativa que moderniza la relaciones laborales y ampl\u00eda los derechos de las y los municipales de la localidad. En la reuni\u00f3n estuvieron presentes el secretario General de ATE C\u00f3rdoba, Federico Giuliani, integrante [&hellip;]<\/p>\n","protected":false},"author":7,"featured_media":54926,"comment_status":"open","ping_status":"open","sticky":false,"template":"","format":"standard","meta":{"_exactmetrics_skip_tracking":false,"_exactmetrics_sitenote_active":false,"_exactmetrics_sitenote_note":"","_exactmetrics_sitenote_category":0,"jnews-multi-image_gallery":[],"jnews_single_post":[],"jnews_primary_category":[],"jnews_social_meta":[],"jnews_review":[],"enable_review":"","type":"","name":"","summary":"","brand":"","sku":"","good":[],"bad":[],"score_override":"","override_value":"","rating":[],"price":[],"jnews_override_counter":[],"jnews_post_split":[],"footnotes":""},"categories":[20],"tags":[],"class_list":["post-54934","post","type-post","status-publish","format-standard","has-post-thumbnail","hentry","category-municipales"],"jetpack_featured_media_url":"https:\/\/atecordoba.org\/wp-content\/uploads\/2026\/09\/WhatsApp-Image-2026-09-04-at-12.17.19-e1788537035144.jpeg","_links":{"self":[{"href":"https:\/\/atecordoba.org\/index.php?rest_route=\/wp\/v2\/posts\/54934","targetHints":{"allow":["GET"]}}],"collection":[{"href":"https:\/\/atecordoba.org\/index.php?rest_route=\/wp\/v2\/posts"}],"about":[{"href":"https:\/\/atecordoba.org\/index.php?rest_route=\/wp\/v2\/types\/post"}],"author":[{"embeddable":true,"href":"https:\/\/atecordoba.org\/index.php?rest_route=\/wp\/v2\/users\/7"}],"replies":[{"embeddable":true,"href":"https:\/\/atecordoba.org\/index.php?rest_route=%2Fwp%2Fv2%2Fcomments&post=54934"}],"version-history":[{"count":1,"href":"https:\/\/atecordoba.org\/index.php?rest_route=\/wp\/v2\/posts\/54934\/revisions"}],"predecessor-version":[{"id":54935,"href":"https:\/\/atecordoba.org\/index.php?rest_route=\/wp\/v2\/posts\/54934\/revisions\/54935"}],"wp:featuredmedia":[{"embeddable":true,"href":"https:\/\/atecordoba.org\/index.php?rest_route=\/wp\/v2\/media\/54926"}],"wp:attachment":[{"href":"https:\/\/atecordoba.org\/index.php?rest_route=%2Fwp%2Fv2%2Fmedia&parent=54934"}],"wp:term":[{"taxonomy":"category","embeddable":true,"href":"https:\/\/atecordoba.org\/index.php?rest_route=%2Fwp%2Fv2%2Fcategories&post=54934"},{"taxonomy":"post_tag","embeddable":true,"href":"https:\/\/atecordoba.org\/index.php?rest_route=%2Fwp%2Fv2%2Ftags&post=54934"}],"curies":[{"name":"wp","href":"https:\/\/api.w.org\/{rel}","templated":true}]}}