{"id":5492,"date":"2015-07-10T18:55:20","date_gmt":"2015-07-10T21:55:20","guid":{"rendered":"http:\/\/www.atecordoba.org\/?p=5492"},"modified":"2015-07-10T18:55:20","modified_gmt":"2015-07-10T21:55:20","slug":"tras-una-reunion-con-ate-el-intendente-de-san-marcos-sierra-se-comprometio-a-liquidar-los-sueldos-atrasados","status":"publish","type":"post","link":"https:\/\/atecordoba.org\/?p=5492","title":{"rendered":"Tras una reuni\u00f3n con ATE, el intendente de San Marcos Sierra se comprometi\u00f3 a liquidar los sueldos adeudados"},"content":{"rendered":"<p><em>El intendente Alejandro Alarc\u00f3n asegur\u00f3 que el lunes pr\u00f3ximo pagar\u00e1 los sueldos de mayo y en 15 d\u00edas, los de junio. Adem\u00e1s, se avanz\u00f3 en una serie de reclamos que tienen los municipales de la localidad hace tiempo como el blanco que los items en negro y el pase a planta de los contratados.<\/em><\/p>\n<figure id=\"attachment_5493\" aria-describedby=\"caption-attachment-5493\" style=\"width: 501px\" class=\"wp-caption aligncenter\"><a href=\"http:\/\/www.atecordoba.org\/wp-content\/uploads\/2015\/07\/IMG_8034.jpg\"><img loading=\"lazy\" decoding=\"async\" class=\"wp-image-5493\" src=\"http:\/\/www.atecordoba.org\/wp-content\/uploads\/2015\/07\/IMG_8034-1024x576.jpg\" alt=\"IMG_8034\" width=\"501\" height=\"282\" \/><\/a><figcaption id=\"caption-attachment-5493\" class=\"wp-caption-text\">Murua, Bercena, Tulian y Moreno tras en el encuentro con el intendente de San Marcos<\/figcaption><\/figure>\n<p>Hoy a primera hora una asamblea donde particip\u00f3 gran parte del plantel de trabajadores de la municipalidad de San Marcos Sierra eligi\u00f3 dos compa\u00f1eros, Alfredo Tulian y Felix Moreno, en representaci\u00f3n del sector para plantearle al intendente Alarc\u00f3n el retraso salarial que ya llevaba dos meses sin cobrar. En la oportunidad, se encontraban el secretario de Interior de ATE, Luis Barcena, y el delegado general de los municipales de Unquillo, Alejandro Mur\u00faa, quienes propusieron pedir una audiencia inmediata con el jefe comunal.<\/p>\n<p>&nbsp;<\/p>\n<p>A las 11 horas se logr\u00f3 realizar la audiencia con Alarc\u00f3n,\u00a0 que se comprometi\u00f3 que a partir del pr\u00f3ximo lunes comenzar\u00e1 el pago de los salarios de mayo, en tanto en el transcurso de los siguientes 15 d\u00edas har\u00e1 efectivo el pago del mes de junio.<\/p>\n<p>Durante la reuni\u00f3n tambi\u00e9n se le plante\u00f3 al intendente el pase a planta permanente de los compa\u00f1eros contratados, que alcanzan a casi 30 trabajadores, as\u00ed como el pase a contrato de los que revisten como becarios, medio centenar de trabajadores. Alarc\u00f3n respondi\u00f3 de forma positiva a este requerimiento y pidi\u00f3 que ATE haga otro pedido formal por escrito para que se eval\u00fae en t\u00e9rminos presupuestarios.<\/p>\n<p>A nivel salarial se reclam\u00f3 la incorporaci\u00f3n al b\u00e1sico de los montos de los haberes recibidos en negro que actualmente los compa\u00f1eros cobran en forma de ticket canasta, metodolog\u00eda ilegal seg\u00fan la normativa vigente. El intendente asegur\u00f3 que tiene inter\u00e9s en que el Municipio adecue a la legalidad,\u00a0por lo que respondi\u00f3 que se llevar\u00e1 a cabo el pedido.<\/p>\n<p>Por \u00faltimo, se reclam\u00f3\u00a0la recategorizaci\u00f3n de aquellos compa\u00f1eros que de acuerdo al escalaf\u00f3n aun pueden seguir ascendiendo en la carrera administrativa, seg\u00fan estatuto, sin la necesidad de concursar el cargo. Alarc\u00f3n dijo que lo tiene previsto en el presupuesto y que va a evaluar en qu\u00e9 fecha lo har\u00e1 efectivo.<\/p>\n<p>En los pr\u00f3ximos d\u00edas que se llevar\u00e1 a cabo una nueva audiencia en funci\u00f3n de lo acordado.<\/p>\n","protected":false},"excerpt":{"rendered":"<p>El intendente Alejandro Alarc\u00f3n asegur\u00f3 que el lunes pr\u00f3ximo pagar\u00e1 los sueldos de mayo y en 15 d\u00edas, los de junio. Adem\u00e1s, se avanz\u00f3 en una serie de reclamos que tienen los municipales de la localidad hace tiempo como el blanco que los items en negro y el pase a planta de los contratados. Hoy [&hellip;]<\/p>\n","protected":false},"author":1,"featured_media":19220,"comment_status":"open","ping_status":"open","sticky":false,"template":"","format":"standard","meta":{"_exactmetrics_skip_tracking":false,"_exactmetrics_sitenote_active":false,"_exactmetrics_sitenote_note":"","_exactmetrics_sitenote_category":0,"jnews-multi-image_gallery":[],"jnews_single_post":[],"jnews_primary_category":[],"jnews_social_meta":[],"jnews_review":[],"enable_review":"","type":"","name":"","summary":"","brand":"","sku":"","good":[],"bad":[],"score_override":"","override_value":"","rating":[],"price":[],"jnews_override_counter":[],"jnews_post_split":[],"footnotes":""},"categories":[20],"tags":[],"class_list":["post-5492","post","type-post","status-publish","format-standard","has-post-thumbnail","hentry","category-municipales"],"jetpack_featured_media_url":"https:\/\/atecordoba.org\/wp-content\/uploads\/2020\/05\/logo-nuevochico-e1561581322808.png","_links":{"self":[{"href":"https:\/\/atecordoba.org\/index.php?rest_route=\/wp\/v2\/posts\/5492","targetHints":{"allow":["GET"]}}],"collection":[{"href":"https:\/\/atecordoba.org\/index.php?rest_route=\/wp\/v2\/posts"}],"about":[{"href":"https:\/\/atecordoba.org\/index.php?rest_route=\/wp\/v2\/types\/post"}],"author":[{"embeddable":true,"href":"https:\/\/atecordoba.org\/index.php?rest_route=\/wp\/v2\/users\/1"}],"replies":[{"embeddable":true,"href":"https:\/\/atecordoba.org\/index.php?rest_route=%2Fwp%2Fv2%2Fcomments&post=5492"}],"version-history":[{"count":0,"href":"https:\/\/atecordoba.org\/index.php?rest_route=\/wp\/v2\/posts\/5492\/revisions"}],"wp:featuredmedia":[{"embeddable":true,"href":"https:\/\/atecordoba.org\/index.php?rest_route=\/wp\/v2\/media\/19220"}],"wp:attachment":[{"href":"https:\/\/atecordoba.org\/index.php?rest_route=%2Fwp%2Fv2%2Fmedia&parent=5492"}],"wp:term":[{"taxonomy":"category","embeddable":true,"href":"https:\/\/atecordoba.org\/index.php?rest_route=%2Fwp%2Fv2%2Fcategories&post=5492"},{"taxonomy":"post_tag","embeddable":true,"href":"https:\/\/atecordoba.org\/index.php?rest_route=%2Fwp%2Fv2%2Ftags&post=5492"}],"curies":[{"name":"wp","href":"https:\/\/api.w.org\/{rel}","templated":true}]}}