{"id":54918,"date":"2026-09-04T10:33:45","date_gmt":"2026-09-04T13:33:45","guid":{"rendered":"https:\/\/atecordoba.org\/?p=54918"},"modified":"2026-09-04T10:33:45","modified_gmt":"2026-09-04T13:33:45","slug":"acto-de-solidaridad-con-cuba-en-ate","status":"publish","type":"post","link":"https:\/\/atecordoba.org\/?p=54918","title":{"rendered":"Acto de solidaridad con Cuba en ATE"},"content":{"rendered":"<p><img loading=\"lazy\" decoding=\"async\" class=\"aligncenter wp-image-54919 \" src=\"https:\/\/atecordoba.org\/wp-content\/uploads\/2026\/09\/cuba-1024x536.webp\" alt=\"\" width=\"624\" height=\"327\" srcset=\"https:\/\/atecordoba.org\/wp-content\/uploads\/2026\/09\/cuba-1024x536.webp 1024w, https:\/\/atecordoba.org\/wp-content\/uploads\/2026\/09\/cuba-300x157.webp 300w, https:\/\/atecordoba.org\/wp-content\/uploads\/2026\/09\/cuba-768x402.webp 768w, https:\/\/atecordoba.org\/wp-content\/uploads\/2026\/09\/cuba-750x393.webp 750w, https:\/\/atecordoba.org\/wp-content\/uploads\/2026\/09\/cuba-1140x597.webp 1140w, https:\/\/atecordoba.org\/wp-content\/uploads\/2026\/09\/cuba.webp 1440w\" sizes=\"auto, (max-width: 624px) 100vw, 624px\" \/>Ayer tuvo lugar en la sede provincial de ATE una concurrida charla de respaldo a Cuba, ante la renovada agresi\u00f3n del bloqueo perpetrado por el imperialismo yanki.<\/p>\n<p>Esta instancia formativa y militante, permiti\u00f3 encontrarnos, compartir, capacitarnos y formarnos para comprender la realidad y fortalecer nuestra mirada sobre la pol\u00edtica internacionalista que es clave ante el avance de la ultra derecha en el Continente.<\/p>\n<p>La actividad estuvo organizada por ATE C\u00f3rdoba, CTA Aut\u00f3noma y ALBA Movimientos, con participaci\u00f3n de Solidarios con Cuba C\u00f3rdoba. A sal\u00f3n lleno, con m\u00e1s de 110 compa\u00f1eras y compa\u00f1eros el encuentro se realiz\u00f3 bajo la consigna \u201cCuba hoy: \u00bfQu\u00e9 significa el internacionalismo de la clase trabajadora?\u201d con la participaci\u00f3n de Ana Priscila Alves, de la Marcha Mundial de las Mujeres de Brasil; Alina Duarte, del Instituto de Formaci\u00f3n Pol\u00edtica de Morena, M\u00e9xico; y la moderaci\u00f3n de Federico Giuliani, Secretario General de ATE y la CTA Aut\u00f3noma C\u00f3rdoba y Secretario de Acci\u00f3n Sindical de la CLATE.<img loading=\"lazy\" decoding=\"async\" class=\"aligncenter wp-image-54920 \" src=\"https:\/\/atecordoba.org\/wp-content\/uploads\/2026\/09\/791296407_18339392713281039_3515879473286973364_n-1024x536.jpg\" alt=\"\" width=\"635\" height=\"333\" srcset=\"https:\/\/atecordoba.org\/wp-content\/uploads\/2026\/09\/791296407_18339392713281039_3515879473286973364_n-1024x536.jpg 1024w, https:\/\/atecordoba.org\/wp-content\/uploads\/2026\/09\/791296407_18339392713281039_3515879473286973364_n-300x157.jpg 300w, https:\/\/atecordoba.org\/wp-content\/uploads\/2026\/09\/791296407_18339392713281039_3515879473286973364_n-768x402.jpg 768w, https:\/\/atecordoba.org\/wp-content\/uploads\/2026\/09\/791296407_18339392713281039_3515879473286973364_n-750x393.jpg 750w, https:\/\/atecordoba.org\/wp-content\/uploads\/2026\/09\/791296407_18339392713281039_3515879473286973364_n-1140x597.jpg 1140w, https:\/\/atecordoba.org\/wp-content\/uploads\/2026\/09\/791296407_18339392713281039_3515879473286973364_n.jpg 1440w\" sizes=\"auto, (max-width: 635px) 100vw, 635px\" \/><\/p>\n<p>Tambi\u00e9n intervinieron Luc\u00eda Coronel de ELAM y MAS CUBA; Jorge Pisanni, del gremio del Subte y Jos\u00e9 Mar\u00eda Dunn, de Sindicato de Canillitas.<\/p>\n<p>Giuliani, particip\u00f3 en Cuba -en representaci\u00f3n de la Confederaci\u00f3n Latinoamericana y del Caribe de Trabajadores Estatales (CLATE)- de la IV Asamblea Continental de ALBA Movimientos que se realiz\u00f3 entre el 6 y 9 de agosto.<\/p>\n<p>Durante su estad\u00eda en La Habana mantuvo una extensa y fruct\u00edfera reuni\u00f3n con el nuevo Secretario General de la Central de Trabajadores de Cuba (CTC), Osnay Miguel Colina Rodr\u00edguez, quien fue elegido en junio de 2026 durante las sesiones del XXII Congreso de la organizaci\u00f3n sindical.<img loading=\"lazy\" decoding=\"async\" class=\"aligncenter wp-image-54921 \" src=\"https:\/\/atecordoba.org\/wp-content\/uploads\/2026\/09\/791074766_18339392632281039_7512773246831283602_n-1-1024x535.jpg\" alt=\"\" width=\"614\" height=\"321\" srcset=\"https:\/\/atecordoba.org\/wp-content\/uploads\/2026\/09\/791074766_18339392632281039_7512773246831283602_n-1-1024x535.jpg 1024w, https:\/\/atecordoba.org\/wp-content\/uploads\/2026\/09\/791074766_18339392632281039_7512773246831283602_n-1-300x157.jpg 300w, https:\/\/atecordoba.org\/wp-content\/uploads\/2026\/09\/791074766_18339392632281039_7512773246831283602_n-1-768x401.jpg 768w, https:\/\/atecordoba.org\/wp-content\/uploads\/2026\/09\/791074766_18339392632281039_7512773246831283602_n-1-750x392.jpg 750w, https:\/\/atecordoba.org\/wp-content\/uploads\/2026\/09\/791074766_18339392632281039_7512773246831283602_n-1-1140x595.jpg 1140w, https:\/\/atecordoba.org\/wp-content\/uploads\/2026\/09\/791074766_18339392632281039_7512773246831283602_n-1.jpg 1440w\" sizes=\"auto, (max-width: 614px) 100vw, 614px\" \/><\/p>\n<p>En la reuni\u00f3n bilateral con Colina Rodr\u00edguez se acord\u00f3 articular reuniones pol\u00edticas -an\u00e1lisis de coyuntura- de car\u00e1cter virtual con una periodicidad de 40 a 45 d\u00edas y firmar convenios rec\u00edprocos de formaci\u00f3n sindical en modo presencial y turismo social, entre otros, junto con la reafirmaci\u00f3n de la solidaridad de la CTA-A con el pueblo cubano asediado por el bloqueo criminal de Trump.<\/p>\n<p>Internacionalismo de clase, vocaci\u00f3n para fortalecer los v\u00ednculos de humanismo, fraternidad y compa\u00f1erismo, respeto y admiraci\u00f3n por el pueblo cubano que resiste con entereza y dignidad las penurias a las que lo somete la prepotencia imperial.<\/p>\n","protected":false},"excerpt":{"rendered":"<p>Ayer tuvo lugar en la sede provincial de ATE una concurrida charla de respaldo a Cuba, ante la renovada agresi\u00f3n del bloqueo perpetrado por el imperialismo yanki. Esta instancia formativa y militante, permiti\u00f3 encontrarnos, compartir, capacitarnos y formarnos para comprender la realidad y fortalecer nuestra mirada sobre la pol\u00edtica internacionalista que es clave ante el [&hellip;]<\/p>\n","protected":false},"author":7,"featured_media":54919,"comment_status":"open","ping_status":"open","sticky":false,"template":"","format":"standard","meta":{"_exactmetrics_skip_tracking":false,"_exactmetrics_sitenote_active":false,"_exactmetrics_sitenote_note":"","_exactmetrics_sitenote_category":0,"jnews-multi-image_gallery":[],"jnews_single_post":[],"jnews_primary_category":[],"jnews_social_meta":[],"jnews_review":[],"enable_review":"","type":"","name":"","summary":"","brand":"","sku":"","good":[],"bad":[],"score_override":"","override_value":"","rating":[],"price":[],"jnews_override_counter":[],"jnews_post_split":[],"footnotes":""},"categories":[10],"tags":[],"class_list":["post-54918","post","type-post","status-publish","format-standard","has-post-thumbnail","hentry","category-accion-politica"],"jetpack_featured_media_url":"https:\/\/atecordoba.org\/wp-content\/uploads\/2026\/09\/cuba.webp","_links":{"self":[{"href":"https:\/\/atecordoba.org\/index.php?rest_route=\/wp\/v2\/posts\/54918","targetHints":{"allow":["GET"]}}],"collection":[{"href":"https:\/\/atecordoba.org\/index.php?rest_route=\/wp\/v2\/posts"}],"about":[{"href":"https:\/\/atecordoba.org\/index.php?rest_route=\/wp\/v2\/types\/post"}],"author":[{"embeddable":true,"href":"https:\/\/atecordoba.org\/index.php?rest_route=\/wp\/v2\/users\/7"}],"replies":[{"embeddable":true,"href":"https:\/\/atecordoba.org\/index.php?rest_route=%2Fwp%2Fv2%2Fcomments&post=54918"}],"version-history":[{"count":1,"href":"https:\/\/atecordoba.org\/index.php?rest_route=\/wp\/v2\/posts\/54918\/revisions"}],"predecessor-version":[{"id":54922,"href":"https:\/\/atecordoba.org\/index.php?rest_route=\/wp\/v2\/posts\/54918\/revisions\/54922"}],"wp:featuredmedia":[{"embeddable":true,"href":"https:\/\/atecordoba.org\/index.php?rest_route=\/wp\/v2\/media\/54919"}],"wp:attachment":[{"href":"https:\/\/atecordoba.org\/index.php?rest_route=%2Fwp%2Fv2%2Fmedia&parent=54918"}],"wp:term":[{"taxonomy":"category","embeddable":true,"href":"https:\/\/atecordoba.org\/index.php?rest_route=%2Fwp%2Fv2%2Fcategories&post=54918"},{"taxonomy":"post_tag","embeddable":true,"href":"https:\/\/atecordoba.org\/index.php?rest_route=%2Fwp%2Fv2%2Ftags&post=54918"}],"curies":[{"name":"wp","href":"https:\/\/api.w.org\/{rel}","templated":true}]}}