{"id":54906,"date":"2026-09-03T15:11:31","date_gmt":"2026-09-03T18:11:31","guid":{"rendered":"https:\/\/atecordoba.org\/?p=54906"},"modified":"2026-09-03T15:11:31","modified_gmt":"2026-09-03T18:11:31","slug":"pami-asamblea-de-organizaciones-en-la-ugl-cordoba-convoca-a-un-plan-de-accion-en-defensa-del-instituto","status":"publish","type":"post","link":"https:\/\/atecordoba.org\/?p=54906","title":{"rendered":"PAMI: asamblea de organizaciones en la UGL C\u00f3rdoba convoca a un plan de acci\u00f3n en defensa del instituto"},"content":{"rendered":"<p><img loading=\"lazy\" decoding=\"async\" class=\"aligncenter wp-image-54907 \" src=\"https:\/\/atecordoba.org\/wp-content\/uploads\/2026\/09\/WhatsApp-Image-2026-09-03-at-14.26.41-1-e1788458829838-1024x615.jpeg\" alt=\"\" width=\"617\" height=\"370\" srcset=\"https:\/\/atecordoba.org\/wp-content\/uploads\/2026\/09\/WhatsApp-Image-2026-09-03-at-14.26.41-1-e1788458829838-1024x615.jpeg 1024w, https:\/\/atecordoba.org\/wp-content\/uploads\/2026\/09\/WhatsApp-Image-2026-09-03-at-14.26.41-1-e1788458829838-300x180.jpeg 300w, https:\/\/atecordoba.org\/wp-content\/uploads\/2026\/09\/WhatsApp-Image-2026-09-03-at-14.26.41-1-e1788458829838-768x462.jpeg 768w, https:\/\/atecordoba.org\/wp-content\/uploads\/2026\/09\/WhatsApp-Image-2026-09-03-at-14.26.41-1-e1788458829838-750x451.jpeg 750w, https:\/\/atecordoba.org\/wp-content\/uploads\/2026\/09\/WhatsApp-Image-2026-09-03-at-14.26.41-1-e1788458829838-1140x685.jpeg 1140w, https:\/\/atecordoba.org\/wp-content\/uploads\/2026\/09\/WhatsApp-Image-2026-09-03-at-14.26.41-1-e1788458829838.jpeg 1178w\" sizes=\"auto, (max-width: 617px) 100vw, 617px\" \/>Hoy se llev\u00f3 a cabo en la UGL C\u00f3rdoba de PAMI la reuni\u00f3n convocada por ATE, con la participaci\u00f3n de una decena de organizaciones sociales, sindicales y centros de jubilados, a los fines de lograr una articulaci\u00f2n en torno a ejes centrales del conflicto que tiene el organismo: la necesidad de aumento salarial, el restablecimiento de prestaciones m\u00e9dicas y sociales, y el urgente nombramiento de personal para cubrir cargos por le vaciamiento de trabajadores desde la asunci\u00f3n del Gobierno de Javier Milei.<\/p>\n<p>Se destac\u00f3 la presencia de ATE, UTI, SUTEPA, FeNAT-CTAA, Centro de Jubilados de ATE, AMMAR, CISPREN, Foro Solidario, Mesa de Salud, Centro de Jubilados de b\u00ba Cerveceros, Uni\u00f3n Obrera Gr\u00e1fica y el Plenario de Trabajadores Jubilados. <img loading=\"lazy\" decoding=\"async\" class=\"aligncenter wp-image-54908 \" src=\"https:\/\/atecordoba.org\/wp-content\/uploads\/2026\/09\/WhatsApp-Image-2026-09-03-at-14.26.38-1024x576.jpeg\" alt=\"\" width=\"613\" height=\"345\" srcset=\"https:\/\/atecordoba.org\/wp-content\/uploads\/2026\/09\/WhatsApp-Image-2026-09-03-at-14.26.38-1024x576.jpeg 1024w, https:\/\/atecordoba.org\/wp-content\/uploads\/2026\/09\/WhatsApp-Image-2026-09-03-at-14.26.38-300x169.jpeg 300w, https:\/\/atecordoba.org\/wp-content\/uploads\/2026\/09\/WhatsApp-Image-2026-09-03-at-14.26.38-768x432.jpeg 768w, https:\/\/atecordoba.org\/wp-content\/uploads\/2026\/09\/WhatsApp-Image-2026-09-03-at-14.26.38-750x422.jpeg 750w, https:\/\/atecordoba.org\/wp-content\/uploads\/2026\/09\/WhatsApp-Image-2026-09-03-at-14.26.38-1140x641.jpeg 1140w, https:\/\/atecordoba.org\/wp-content\/uploads\/2026\/09\/WhatsApp-Image-2026-09-03-at-14.26.38.jpeg 1280w\" sizes=\"auto, (max-width: 613px) 100vw, 613px\" \/><\/p>\n<p>&#8220;La respuesta a la convocatoria realizada por ATE es un hecho hist\u00f3rico. Estamos muy contentos porque se empieza a despertar el compromiso por construir la unidad que necesitamos&#8221;, dijo la delegada de ATE, Carolina Rold\u00e1n.<\/p>\n<p>De la reuni\u00f3n, donde se realiz\u00f3 un fuerte diagn\u00f3stico de la situaci\u00f3n del PAMI y de los y las jubiladas que sufren la miseria de salarios y pensiones, sali\u00f3 consensuado un plan de acci\u00f3n para las pr\u00f3ximas dos semanas:<\/p>\n<ul>\n<li>Marcha conjunta en la Plaza San Mart\u00edn, junto a Foro Solidario y Centros de Jubilados, el 9 de septiembre a las 11 horas;<\/li>\n<li>reuni\u00f3n organizativa, 10 de septiembre en la UGL C\u00f3rdoba<\/li>\n<li>Festival en Defensa de Pami, con grupos musicales, mi\u00e9rcoles 16 de septiembre<\/li>\n<\/ul>\n<p><img loading=\"lazy\" decoding=\"async\" class=\"aligncenter wp-image-54909 \" src=\"https:\/\/atecordoba.org\/wp-content\/uploads\/2026\/09\/WhatsApp-Image-2026-09-03-at-14.26.41-1024x576.jpeg\" alt=\"\" width=\"617\" height=\"347\" srcset=\"https:\/\/atecordoba.org\/wp-content\/uploads\/2026\/09\/WhatsApp-Image-2026-09-03-at-14.26.41-1024x576.jpeg 1024w, https:\/\/atecordoba.org\/wp-content\/uploads\/2026\/09\/WhatsApp-Image-2026-09-03-at-14.26.41-300x169.jpeg 300w, https:\/\/atecordoba.org\/wp-content\/uploads\/2026\/09\/WhatsApp-Image-2026-09-03-at-14.26.41-768x432.jpeg 768w, https:\/\/atecordoba.org\/wp-content\/uploads\/2026\/09\/WhatsApp-Image-2026-09-03-at-14.26.41-750x422.jpeg 750w, https:\/\/atecordoba.org\/wp-content\/uploads\/2026\/09\/WhatsApp-Image-2026-09-03-at-14.26.41-1140x641.jpeg 1140w, https:\/\/atecordoba.org\/wp-content\/uploads\/2026\/09\/WhatsApp-Image-2026-09-03-at-14.26.41.jpeg 1280w\" sizes=\"auto, (max-width: 617px) 100vw, 617px\" \/><\/p>\n<p>&#8220;Estas reuniones sirven par aque las organizaciones articulemos y prioricemos lo que tenemos en com\u00fan por encima de las diferencias. Creemos que es el puntapi\u00e9 inicial para una construcci\u00f3n de la eNvergadura del enemigo que enfrentamos. El PAMI es la obra social m\u00e1s grande de Latinoam\u00e9rica y la vamos a defender con la lucha, por mejores salarios y las prestaciones que el gobierno est\u00e1 dejando caer en un redimen de vaciamiento que no tiene antecedente ni en los peores momentos de la historia del organismo&#8221;, concluy\u00f3 Rold\u00e1n.<\/p>\n<div id='gallery_1' class='gallery galleryid-54906 gallery-columns-3 gallery-size-medium'><figure class='gallery-item'>\n                <div class='gallery-icon landscape'>\n                    <a href='https:\/\/atecordoba.org\/wp-content\/uploads\/2026\/09\/WhatsApp-Image-2026-09-03-at-14.26.37-1.jpeg'><img loading=\"lazy\" decoding=\"async\" width=\"300\" height=\"169\" src=\"\" class=\"attachment-medium size-medium lazyload\" alt=\"\" data-src=\"https:\/\/atecordoba.org\/wp-content\/uploads\/2026\/09\/WhatsApp-Image-2026-09-03-at-14.26.37-1-300x169.jpeg\" data-sizes=\"auto\" data-srcset=\"https:\/\/atecordoba.org\/wp-content\/uploads\/2026\/09\/WhatsApp-Image-2026-09-03-at-14.26.37-1-300x169.jpeg 300w, https:\/\/atecordoba.org\/wp-content\/uploads\/2026\/09\/WhatsApp-Image-2026-09-03-at-14.26.37-1-1024x576.jpeg 1024w, https:\/\/atecordoba.org\/wp-content\/uploads\/2026\/09\/WhatsApp-Image-2026-09-03-at-14.26.37-1-768x432.jpeg 768w, https:\/\/atecordoba.org\/wp-content\/uploads\/2026\/09\/WhatsApp-Image-2026-09-03-at-14.26.37-1-750x422.jpeg 750w, https:\/\/atecordoba.org\/wp-content\/uploads\/2026\/09\/WhatsApp-Image-2026-09-03-at-14.26.37-1-1140x641.jpeg 1140w, https:\/\/atecordoba.org\/wp-content\/uploads\/2026\/09\/WhatsApp-Image-2026-09-03-at-14.26.37-1.jpeg 1280w\" data-expand=\"700\" \/><\/a>\n                <\/div><\/figure><figure class='gallery-item'>\n                <div class='gallery-icon landscape'>\n                    <a href='https:\/\/atecordoba.org\/wp-content\/uploads\/2026\/09\/WhatsApp-Image-2026-09-03-at-14.26.38-2.jpeg'><img loading=\"lazy\" decoding=\"async\" width=\"300\" height=\"169\" src=\"\" class=\"attachment-medium size-medium lazyload\" alt=\"\" data-src=\"https:\/\/atecordoba.org\/wp-content\/uploads\/2026\/09\/WhatsApp-Image-2026-09-03-at-14.26.38-2-300x169.jpeg\" data-sizes=\"auto\" data-srcset=\"https:\/\/atecordoba.org\/wp-content\/uploads\/2026\/09\/WhatsApp-Image-2026-09-03-at-14.26.38-2-300x169.jpeg 300w, https:\/\/atecordoba.org\/wp-content\/uploads\/2026\/09\/WhatsApp-Image-2026-09-03-at-14.26.38-2-1024x576.jpeg 1024w, https:\/\/atecordoba.org\/wp-content\/uploads\/2026\/09\/WhatsApp-Image-2026-09-03-at-14.26.38-2-768x432.jpeg 768w, https:\/\/atecordoba.org\/wp-content\/uploads\/2026\/09\/WhatsApp-Image-2026-09-03-at-14.26.38-2-750x422.jpeg 750w, https:\/\/atecordoba.org\/wp-content\/uploads\/2026\/09\/WhatsApp-Image-2026-09-03-at-14.26.38-2-1140x641.jpeg 1140w, https:\/\/atecordoba.org\/wp-content\/uploads\/2026\/09\/WhatsApp-Image-2026-09-03-at-14.26.38-2.jpeg 1280w\" data-expand=\"700\" \/><\/a>\n                <\/div><\/figure><figure class='gallery-item'>\n                <div class='gallery-icon landscape'>\n                    <a href='https:\/\/atecordoba.org\/wp-content\/uploads\/2026\/09\/WhatsApp-Image-2026-09-03-at-14.26.38-4.jpeg'><img loading=\"lazy\" decoding=\"async\" width=\"300\" height=\"169\" src=\"\" class=\"attachment-medium size-medium lazyload\" alt=\"\" data-src=\"https:\/\/atecordoba.org\/wp-content\/uploads\/2026\/09\/WhatsApp-Image-2026-09-03-at-14.26.38-4-300x169.jpeg\" data-sizes=\"auto\" data-srcset=\"https:\/\/atecordoba.org\/wp-content\/uploads\/2026\/09\/WhatsApp-Image-2026-09-03-at-14.26.38-4-300x169.jpeg 300w, https:\/\/atecordoba.org\/wp-content\/uploads\/2026\/09\/WhatsApp-Image-2026-09-03-at-14.26.38-4-1024x576.jpeg 1024w, https:\/\/atecordoba.org\/wp-content\/uploads\/2026\/09\/WhatsApp-Image-2026-09-03-at-14.26.38-4-768x432.jpeg 768w, https:\/\/atecordoba.org\/wp-content\/uploads\/2026\/09\/WhatsApp-Image-2026-09-03-at-14.26.38-4-750x422.jpeg 750w, https:\/\/atecordoba.org\/wp-content\/uploads\/2026\/09\/WhatsApp-Image-2026-09-03-at-14.26.38-4-1140x641.jpeg 1140w, https:\/\/atecordoba.org\/wp-content\/uploads\/2026\/09\/WhatsApp-Image-2026-09-03-at-14.26.38-4.jpeg 1280w\" data-expand=\"700\" \/><\/a>\n                <\/div><\/figure><br style=\"clear: both\" \/><figure class='gallery-item'>\n                <div class='gallery-icon portrait'>\n                    <a href='https:\/\/atecordoba.org\/wp-content\/uploads\/2026\/09\/WhatsApp-Image-2026-09-03-at-14.26.43-1.jpeg'><img loading=\"lazy\" decoding=\"async\" width=\"169\" height=\"300\" src=\"\" class=\"attachment-medium size-medium lazyload\" alt=\"\" data-src=\"https:\/\/atecordoba.org\/wp-content\/uploads\/2026\/09\/WhatsApp-Image-2026-09-03-at-14.26.43-1-169x300.jpeg\" data-sizes=\"auto\" data-srcset=\"https:\/\/atecordoba.org\/wp-content\/uploads\/2026\/09\/WhatsApp-Image-2026-09-03-at-14.26.43-1-169x300.jpeg 169w, https:\/\/atecordoba.org\/wp-content\/uploads\/2026\/09\/WhatsApp-Image-2026-09-03-at-14.26.43-1-576x1024.jpeg 576w, https:\/\/atecordoba.org\/wp-content\/uploads\/2026\/09\/WhatsApp-Image-2026-09-03-at-14.26.43-1.jpeg 720w\" data-expand=\"700\" \/><\/a>\n                <\/div><\/figure><figure class='gallery-item'>\n                <div class='gallery-icon landscape'>\n                    <a href='https:\/\/atecordoba.org\/wp-content\/uploads\/2026\/09\/WhatsApp-Image-2026-09-03-at-14.26.45-1.jpeg'><img loading=\"lazy\" decoding=\"async\" width=\"300\" height=\"169\" src=\"\" class=\"attachment-medium size-medium lazyload\" alt=\"\" data-src=\"https:\/\/atecordoba.org\/wp-content\/uploads\/2026\/09\/WhatsApp-Image-2026-09-03-at-14.26.45-1-300x169.jpeg\" data-sizes=\"auto\" data-srcset=\"https:\/\/atecordoba.org\/wp-content\/uploads\/2026\/09\/WhatsApp-Image-2026-09-03-at-14.26.45-1-300x169.jpeg 300w, https:\/\/atecordoba.org\/wp-content\/uploads\/2026\/09\/WhatsApp-Image-2026-09-03-at-14.26.45-1-1024x576.jpeg 1024w, https:\/\/atecordoba.org\/wp-content\/uploads\/2026\/09\/WhatsApp-Image-2026-09-03-at-14.26.45-1-768x432.jpeg 768w, https:\/\/atecordoba.org\/wp-content\/uploads\/2026\/09\/WhatsApp-Image-2026-09-03-at-14.26.45-1-750x422.jpeg 750w, https:\/\/atecordoba.org\/wp-content\/uploads\/2026\/09\/WhatsApp-Image-2026-09-03-at-14.26.45-1-1140x641.jpeg 1140w, https:\/\/atecordoba.org\/wp-content\/uploads\/2026\/09\/WhatsApp-Image-2026-09-03-at-14.26.45-1.jpeg 1280w\" data-expand=\"700\" \/><\/a>\n                <\/div><\/figure><figure class='gallery-item'>\n                <div class='gallery-icon landscape'>\n                    <a href='https:\/\/atecordoba.org\/wp-content\/uploads\/2026\/09\/WhatsApp-Image-2026-09-03-at-14.26.35-1.jpeg'><img loading=\"lazy\" decoding=\"async\" width=\"300\" height=\"169\" src=\"\" class=\"attachment-medium size-medium lazyload\" alt=\"\" data-src=\"https:\/\/atecordoba.org\/wp-content\/uploads\/2026\/09\/WhatsApp-Image-2026-09-03-at-14.26.35-1-300x169.jpeg\" data-sizes=\"auto\" data-srcset=\"https:\/\/atecordoba.org\/wp-content\/uploads\/2026\/09\/WhatsApp-Image-2026-09-03-at-14.26.35-1-300x169.jpeg 300w, https:\/\/atecordoba.org\/wp-content\/uploads\/2026\/09\/WhatsApp-Image-2026-09-03-at-14.26.35-1-1024x576.jpeg 1024w, https:\/\/atecordoba.org\/wp-content\/uploads\/2026\/09\/WhatsApp-Image-2026-09-03-at-14.26.35-1-768x432.jpeg 768w, https:\/\/atecordoba.org\/wp-content\/uploads\/2026\/09\/WhatsApp-Image-2026-09-03-at-14.26.35-1-750x422.jpeg 750w, https:\/\/atecordoba.org\/wp-content\/uploads\/2026\/09\/WhatsApp-Image-2026-09-03-at-14.26.35-1-1140x641.jpeg 1140w, https:\/\/atecordoba.org\/wp-content\/uploads\/2026\/09\/WhatsApp-Image-2026-09-03-at-14.26.35-1.jpeg 1280w\" data-expand=\"700\" \/><\/a>\n                <\/div><\/figure><br style=\"clear: both\" \/>\n            <\/div>\n\n","protected":false},"excerpt":{"rendered":"<p>Hoy se llev\u00f3 a cabo en la UGL C\u00f3rdoba de PAMI la reuni\u00f3n convocada por ATE, con la participaci\u00f3n de una decena de organizaciones sociales, sindicales y centros de jubilados, a los fines de lograr una articulaci\u00f2n en torno a ejes centrales del conflicto que tiene el organismo: la necesidad de aumento salarial, el restablecimiento [&hellip;]<\/p>\n","protected":false},"author":7,"featured_media":54915,"comment_status":"open","ping_status":"open","sticky":false,"template":"","format":"standard","meta":{"_exactmetrics_skip_tracking":false,"_exactmetrics_sitenote_active":false,"_exactmetrics_sitenote_note":"","_exactmetrics_sitenote_category":0,"jnews-multi-image_gallery":[],"jnews_single_post":[],"jnews_primary_category":[],"jnews_social_meta":[],"jnews_review":[],"enable_review":"","type":"","name":"","summary":"","brand":"","sku":"","good":[],"bad":[],"score_override":"","override_value":"","rating":[],"price":[],"jnews_override_counter":[],"jnews_post_split":[],"footnotes":""},"categories":[18],"tags":[],"class_list":["post-54906","post","type-post","status-publish","format-standard","has-post-thumbnail","hentry","category-nacionales"],"jetpack_featured_media_url":"https:\/\/atecordoba.org\/wp-content\/uploads\/2026\/09\/WhatsApp-Image-2026-09-03-at-14.26.35-1.jpeg","_links":{"self":[{"href":"https:\/\/atecordoba.org\/index.php?rest_route=\/wp\/v2\/posts\/54906","targetHints":{"allow":["GET"]}}],"collection":[{"href":"https:\/\/atecordoba.org\/index.php?rest_route=\/wp\/v2\/posts"}],"about":[{"href":"https:\/\/atecordoba.org\/index.php?rest_route=\/wp\/v2\/types\/post"}],"author":[{"embeddable":true,"href":"https:\/\/atecordoba.org\/index.php?rest_route=\/wp\/v2\/users\/7"}],"replies":[{"embeddable":true,"href":"https:\/\/atecordoba.org\/index.php?rest_route=%2Fwp%2Fv2%2Fcomments&post=54906"}],"version-history":[{"count":1,"href":"https:\/\/atecordoba.org\/index.php?rest_route=\/wp\/v2\/posts\/54906\/revisions"}],"predecessor-version":[{"id":54916,"href":"https:\/\/atecordoba.org\/index.php?rest_route=\/wp\/v2\/posts\/54906\/revisions\/54916"}],"wp:featuredmedia":[{"embeddable":true,"href":"https:\/\/atecordoba.org\/index.php?rest_route=\/wp\/v2\/media\/54915"}],"wp:attachment":[{"href":"https:\/\/atecordoba.org\/index.php?rest_route=%2Fwp%2Fv2%2Fmedia&parent=54906"}],"wp:term":[{"taxonomy":"category","embeddable":true,"href":"https:\/\/atecordoba.org\/index.php?rest_route=%2Fwp%2Fv2%2Fcategories&post=54906"},{"taxonomy":"post_tag","embeddable":true,"href":"https:\/\/atecordoba.org\/index.php?rest_route=%2Fwp%2Fv2%2Ftags&post=54906"}],"curies":[{"name":"wp","href":"https:\/\/api.w.org\/{rel}","templated":true}]}}