{"id":54895,"date":"2026-09-02T10:13:56","date_gmt":"2026-09-02T13:13:56","guid":{"rendered":"https:\/\/atecordoba.org\/?p=54895"},"modified":"2026-09-02T10:13:56","modified_gmt":"2026-09-02T13:13:56","slug":"charla-debate-cuba-hoy-que-significa-el-internacionalismo-de-la-clase-trabajadora","status":"publish","type":"post","link":"https:\/\/atecordoba.org\/?p=54895","title":{"rendered":"Charla-Debate: Cuba hoy, \u00bfQu\u00e9 significa el internacionalismo de la clase trabajadora?"},"content":{"rendered":"<p><img loading=\"lazy\" decoding=\"async\" class=\"aligncenter wp-image-54896 \" src=\"https:\/\/atecordoba.org\/wp-content\/uploads\/2026\/09\/cuba-hoy-819x1024.webp\" alt=\"\" width=\"616\" height=\"770\" \/>ATE convoca a participar de la charla-debate que sobre la situaci\u00f3n que sufre Cuba y las alternativas del internacionalismo de la clase trabajadora, que se llevar\u00e1 a cabo ma\u00f1ana jueves 3 de septiembre a las 18 horas, en la sede del Consejo Directivo Provincia: Entre R\u00edos 450 C\u00f3rdoba Capital.<\/p>\n<p>La actividad se realizar\u00e1 junto a la delegaci\u00f3n de organizaciones argentinas que particip\u00f3 de la IV Asamblea Continental de ALBA Movimientos en La Habana, entre el 6 y el 9 de agosto. La presencia de 190 delegados de 27 naciones consolid\u00f3 esta cuarta edici\u00f3n como un espacio de an\u00e1lisis sobre la geopol\u00edtica actual, con \u00e9nfasis en el ascenso de la extrema derecha y el avance de fuerzas neofascistas.<\/p>\n<p>En un contexto de profundizaci\u00f3n del bloqueo criminal del Gobierno de los Estados Unidos contra Cuba y de creciente amenaza imperialista, nos preguntamos: \u00bfc\u00f3mo fortalecemos el internacionalismo desde nuestras organizaciones? \u00bfC\u00f3mo acompa\u00f1amos y defendemos a la Revoluci\u00f3n Cubana?<\/p>\n<p>Para conversar sobre estos desaf\u00edos, la charla estar\u00e1 coordinada por el secretario General de ATE C\u00f3rdoba, Federico Giuliani, y contar\u00e1 con la participaci\u00f3n de:<\/p>\n<ul>\n<li>Ana Priscila Alves, de la Marcha Mundial de las Mujeres de Brasil.<\/li>\n<li>Alina Duarte, del Instituto de Formaci\u00f3n Pol\u00edtica de MORENA, M\u00e9xico.<\/li>\n<\/ul>\n<p>Junto a ellas participar\u00e1n miembros de la delegaci\u00f3n argentina: Jos\u00e9 Mar\u00eda Dunn, Sindicato de Canillitas; Jorge Pissani, Subte; Luc\u00eda Coronel, m\u00e9dica ELAM y Federico Giuliani, Secretario General de ATE y la CTA Aut\u00f3noma C\u00f3rdoba que oficiar\u00e1 de moderador.<\/p>\n<p>Compartiremos experiencias y reflexiones sobre solidaridad, internacionalismo y organizaci\u00f3n popular frente a las amenazas que enfrenta la Revoluci\u00f3n Cubana.<\/p>\n<h5>Crisis del capitalismo, ultraderecha y socialismo<\/h5>\n<p>En la IV Asamblea Continental de ALBA Movimientos se debati\u00f3 sobre la crisis del capitalismo, el avance de la ultraderecha y el socialismo como horizonte pol\u00edtico. La articulaci\u00f3n de fuerzas populares, nacida en 2007 tras un encuentro con el Comandante Hugo Ch\u00e1vez durante la V Cumbre de la Alianza Bolivariana para los pueblos de Nuestra Am\u00e9rica (ALBA), agrupa actualmente a unas 400 organizaciones campesinas, ind\u00edgenas, urbanas, estudiantiles y feministas alineadas con los principios de soberan\u00eda e integraci\u00f3n regional de Jos\u00e9 Mart\u00ed y Sim\u00f3n Bol\u00edvar.<\/p>\n<p>La agenda de trabajo trazada para el encuentro en Cuba se estructur\u00f3 en tres ejes fundamentales: El an\u00e1lisis de la coyuntura global frente a la crisis del capitalismo, la Doctrina Monroe 2.0 y los conflictos internacionales; la discusi\u00f3n sobre el socialismo como horizonte mediante la actualizaci\u00f3n del programa pol\u00edtico popular; y la estructuraci\u00f3n de un Plan de Trabajo Continental que traduzca el debate ideol\u00f3gico en una agenda de lucha unificada.<\/p>\n<h5>Solidaridad con Cuba<\/h5>\n<p>La Asamblea reafirm\u00f3 su solidaridad con el pueblo cubano y reivindic\u00f3 su derecho a existir, decidir y vivir sin tutelajes.<\/p>\n<p>En su declaraci\u00f3n, las organizaciones ratificaron el rechazo al bloqueo estadounidense contra Cuba y convocaron a movimientos sociales, organizaciones populares, sindicatos y fuerzas pol\u00edticas y democr\u00e1ticas a construir una agenda amplia y unitaria frente a la ofensiva imperialista y de las extremas derechas.<\/p>\n<p>La apuesta por la unidad y la integraci\u00f3n regional estuvo acompa\u00f1ada por una definici\u00f3n que atraves\u00f3 el encuentro: la solidaridad con Cuba no pod\u00eda quedar solamente expresada en documentos y declaraciones.<\/p>\n<p>Compartiremos experiencias y reflexiones sobre solidaridad, internacionalismo y organizaci\u00f3n popular frente a las amenazas que enfrenta la Revoluci\u00f3n Cubana. En el centenario del nacimiento de Fidel, m\u00e1s que nunca reafirmamos que Cuba no est\u00e1 sola.<\/p>\n","protected":false},"excerpt":{"rendered":"<p>ATE convoca a participar de la charla-debate que sobre la situaci\u00f3n que sufre Cuba y las alternativas del internacionalismo de la clase trabajadora, que se llevar\u00e1 a cabo ma\u00f1ana jueves 3 de septiembre a las 18 horas, en la sede del Consejo Directivo Provincia: Entre R\u00edos 450 C\u00f3rdoba Capital. La actividad se realizar\u00e1 junto a [&hellip;]<\/p>\n","protected":false},"author":7,"featured_media":54896,"comment_status":"open","ping_status":"open","sticky":false,"template":"","format":"standard","meta":{"_exactmetrics_skip_tracking":false,"_exactmetrics_sitenote_active":false,"_exactmetrics_sitenote_note":"","_exactmetrics_sitenote_category":0,"jnews-multi-image_gallery":[],"jnews_single_post":[],"jnews_primary_category":[],"jnews_social_meta":[],"jnews_review":[],"enable_review":"","type":"","name":"","summary":"","brand":"","sku":"","good":[],"bad":[],"score_override":"","override_value":"","rating":[],"price":[],"jnews_override_counter":[],"jnews_post_split":[],"footnotes":""},"categories":[10],"tags":[],"class_list":["post-54895","post","type-post","status-publish","format-standard","has-post-thumbnail","hentry","category-accion-politica"],"jetpack_featured_media_url":"https:\/\/atecordoba.org\/wp-content\/uploads\/2026\/09\/cuba-hoy-e1788354830223.webp","_links":{"self":[{"href":"https:\/\/atecordoba.org\/index.php?rest_route=\/wp\/v2\/posts\/54895","targetHints":{"allow":["GET"]}}],"collection":[{"href":"https:\/\/atecordoba.org\/index.php?rest_route=\/wp\/v2\/posts"}],"about":[{"href":"https:\/\/atecordoba.org\/index.php?rest_route=\/wp\/v2\/types\/post"}],"author":[{"embeddable":true,"href":"https:\/\/atecordoba.org\/index.php?rest_route=\/wp\/v2\/users\/7"}],"replies":[{"embeddable":true,"href":"https:\/\/atecordoba.org\/index.php?rest_route=%2Fwp%2Fv2%2Fcomments&post=54895"}],"version-history":[{"count":1,"href":"https:\/\/atecordoba.org\/index.php?rest_route=\/wp\/v2\/posts\/54895\/revisions"}],"predecessor-version":[{"id":54897,"href":"https:\/\/atecordoba.org\/index.php?rest_route=\/wp\/v2\/posts\/54895\/revisions\/54897"}],"wp:featuredmedia":[{"embeddable":true,"href":"https:\/\/atecordoba.org\/index.php?rest_route=\/wp\/v2\/media\/54896"}],"wp:attachment":[{"href":"https:\/\/atecordoba.org\/index.php?rest_route=%2Fwp%2Fv2%2Fmedia&parent=54895"}],"wp:term":[{"taxonomy":"category","embeddable":true,"href":"https:\/\/atecordoba.org\/index.php?rest_route=%2Fwp%2Fv2%2Fcategories&post=54895"},{"taxonomy":"post_tag","embeddable":true,"href":"https:\/\/atecordoba.org\/index.php?rest_route=%2Fwp%2Fv2%2Ftags&post=54895"}],"curies":[{"name":"wp","href":"https:\/\/api.w.org\/{rel}","templated":true}]}}