{"id":5488,"date":"2015-07-10T18:23:56","date_gmt":"2015-07-10T21:23:56","guid":{"rendered":"http:\/\/www.atecordoba.org\/?p=5488"},"modified":"2015-07-10T18:23:56","modified_gmt":"2015-07-10T21:23:56","slug":"la-conduccion-de-ate-se-reunio-con-autoridades-de-la-direccion-de-administracion-de-educacion","status":"publish","type":"post","link":"https:\/\/atecordoba.org\/?p=5488","title":{"rendered":"La conducci\u00f3n de ATE se reuni\u00f3 con autoridades de la Direcci\u00f3n de Administraci\u00f3n de Educaci\u00f3n"},"content":{"rendered":"<p><em>Nuestra secretaria General, Mar\u00eda Teresa Romero, formaliz\u00f3 el \u00e1mbito de representaci\u00f3n de ATE en el sector ante los problemas de reconocimiento del cuerpo de delegados.\u00a0La funcionaria a cargo, Mar\u00eda Luisa Bacile, asegur\u00f3 que no se repetir\u00e1n inconvenientes. La agenda de reivindicaciones.<\/em><\/p>\n<figure id=\"attachment_5489\" aria-describedby=\"caption-attachment-5489\" style=\"width: 550px\" class=\"wp-caption aligncenter\"><a href=\"http:\/\/www.atecordoba.org\/wp-content\/uploads\/2015\/07\/reunion-ATE-en-educacion-e1436563341502.jpg\"><img loading=\"lazy\" decoding=\"async\" class=\"wp-image-5489 size-full\" src=\"http:\/\/www.atecordoba.org\/wp-content\/uploads\/2015\/07\/reunion-ATE-en-educacion-e1436563341502.jpg\" alt=\"reunion ATE en educacion\" width=\"550\" height=\"309\" \/><\/a><figcaption id=\"caption-attachment-5489\" class=\"wp-caption-text\">La delegaci\u00f3n de ATE, encabezada por Romero, a la salir de la reuni\u00f3n.<\/figcaption><\/figure>\n<p>Acompa\u00f1ada por el cuerpo de delegados, junto a la secretaria Administrativa, Liliana Salerno, y el secretario de Interior, Luis B\u00e1rcena, Romero se reuni\u00f3 con Bacile el mi\u00e9rcoles pasado en el edificio de calle Santa Rosa.<\/p>\n<p>Durante la reuni\u00f3n, la directora de Administraci\u00f3n del Ministerio de Educaci\u00f3n se comprometi\u00f3 a que no se suceder\u00e1n\u00a0inconvenientes respecto al reconocimiento de los delegados de ATE por parte de las distintas jefaturas del sector, situaci\u00f3n que se ven\u00eda repitiendo a pesar de que el gobierno provincial reconoci\u00f3 la actuaci\u00f3n de nuestro gremio, tras varios fallos de la justicia nacional del trabajo. Por eso, desde mayo envi\u00f3 los c\u00f3digos de descuentos de la cuota afiliatoria de todos los provinciales inscritos en ATE.<\/p>\n<p>En un clima cordial, Bacile dijo que que se pondr\u00e1 en plena vigencia\u00a0el estatuto del empleado p\u00fablico en diferentes puntos, ya que algunos de sus puntos forman parte del reclamo permanente del cuerpo de delegados, por ejemplo, el reconocimiento de\u00a0la org\u00e1nica de la Direcci\u00f3n de Administraci\u00f3n por la cual la carrera administrativa debe ser respetada.<\/p>\n<p>Actualmente, mientras se contratan a dedo personas por fuera del sector, los compa\u00f1eros que vienen desarrollando esa carrera administrativa quedan relegados en su posibilidad de ascenso.<\/p>\n<p>Romero tambi\u00e9n trat\u00f3\u00a0los\u00a0problemas de infraestructura y mobiliario en general, como el pedido de horas extras y las prolongaciones de jornada autorizadas por decreto desde el 2014. En ese sentido, la funcionaria\u00a0comprometi\u00f3 a rever la situaci\u00f3n, a cargo de Recursos Humanos ya que de los reclamos planteados a trav\u00e9s del acta-acuerdo de noviembre de 2014, son muy pocos los que no se han cumplido.<\/p>\n<p>Tambi\u00e9n se acord\u00f3 que las autoridades gestionar\u00e1n ante el Ministerio de Educaci\u00f3n el cobro del adicional remunerativo que est\u00e1 en vigencia en otras reparticiones desde 2007, mientras el gremio har\u00e1 sus propias gestiones por un canal independiente, para lo cual est\u00e1 tramit\u00e1ndose un pedido de audiencia ante el ministro Walter Grahovak.<\/p>\n<p>Por \u00faltimo, ATE insisti\u00f3 en el pedido de concursos para la cobertura cargos de jefatura en vez de la designaci\u00f3n de personas por fuera de la org\u00e1nica.<\/p>\n<p>Al salir de la reuni\u00f3n, Romero consider\u00f3 que &#8220;es un avance poder tener una reuni\u00f3n con funcionarios en estos t\u00e9rminos. Estamos satisfechos porque nos pudimos hacer escuchar y encontramos predisposici\u00f3n para lograr que se vayan solucionando los problemas que sufren los trabajadores&#8221;.<\/p>\n<p>&nbsp;<\/p>\n","protected":false},"excerpt":{"rendered":"<p>Nuestra secretaria General, Mar\u00eda Teresa Romero, formaliz\u00f3 el \u00e1mbito de representaci\u00f3n de ATE en el sector ante los problemas de reconocimiento del cuerpo de delegados.\u00a0La funcionaria a cargo, Mar\u00eda Luisa Bacile, asegur\u00f3 que no se repetir\u00e1n inconvenientes. La agenda de reivindicaciones. Acompa\u00f1ada por el cuerpo de delegados, junto a la secretaria Administrativa, Liliana Salerno, y [&hellip;]<\/p>\n","protected":false},"author":1,"featured_media":19220,"comment_status":"open","ping_status":"open","sticky":false,"template":"","format":"standard","meta":{"_exactmetrics_skip_tracking":false,"_exactmetrics_sitenote_active":false,"_exactmetrics_sitenote_note":"","_exactmetrics_sitenote_category":0,"jnews-multi-image_gallery":[],"jnews_single_post":[],"jnews_primary_category":[],"jnews_social_meta":[],"jnews_review":[],"enable_review":"","type":"","name":"","summary":"","brand":"","sku":"","good":[],"bad":[],"score_override":"","override_value":"","rating":[],"price":[],"jnews_override_counter":[],"jnews_post_split":[],"footnotes":""},"categories":[114,8],"tags":[],"class_list":["post-5488","post","type-post","status-publish","format-standard","has-post-thumbnail","hentry","category-ministerio-educacion","category-provinciales"],"jetpack_featured_media_url":"https:\/\/atecordoba.org\/wp-content\/uploads\/2020\/05\/logo-nuevochico-e1561581322808.png","_links":{"self":[{"href":"https:\/\/atecordoba.org\/index.php?rest_route=\/wp\/v2\/posts\/5488","targetHints":{"allow":["GET"]}}],"collection":[{"href":"https:\/\/atecordoba.org\/index.php?rest_route=\/wp\/v2\/posts"}],"about":[{"href":"https:\/\/atecordoba.org\/index.php?rest_route=\/wp\/v2\/types\/post"}],"author":[{"embeddable":true,"href":"https:\/\/atecordoba.org\/index.php?rest_route=\/wp\/v2\/users\/1"}],"replies":[{"embeddable":true,"href":"https:\/\/atecordoba.org\/index.php?rest_route=%2Fwp%2Fv2%2Fcomments&post=5488"}],"version-history":[{"count":0,"href":"https:\/\/atecordoba.org\/index.php?rest_route=\/wp\/v2\/posts\/5488\/revisions"}],"wp:featuredmedia":[{"embeddable":true,"href":"https:\/\/atecordoba.org\/index.php?rest_route=\/wp\/v2\/media\/19220"}],"wp:attachment":[{"href":"https:\/\/atecordoba.org\/index.php?rest_route=%2Fwp%2Fv2%2Fmedia&parent=5488"}],"wp:term":[{"taxonomy":"category","embeddable":true,"href":"https:\/\/atecordoba.org\/index.php?rest_route=%2Fwp%2Fv2%2Fcategories&post=5488"},{"taxonomy":"post_tag","embeddable":true,"href":"https:\/\/atecordoba.org\/index.php?rest_route=%2Fwp%2Fv2%2Ftags&post=5488"}],"curies":[{"name":"wp","href":"https:\/\/api.w.org\/{rel}","templated":true}]}}