{"id":54876,"date":"2026-08-31T09:38:53","date_gmt":"2026-08-31T12:38:53","guid":{"rendered":"https:\/\/atecordoba.org\/?p=54876"},"modified":"2026-08-31T09:38:53","modified_gmt":"2026-08-31T12:38:53","slug":"cura-brochero-ate-logra-la-equiparacion-de-los-haberes-de-todos-los-contratados-y-se-espera-un-10-de-aumento-para-septiembre","status":"publish","type":"post","link":"https:\/\/atecordoba.org\/?p=54876","title":{"rendered":"Cura Brochero: ATE logra la equiparaci\u00f3n de los haberes de todos los contratados y se espera un 10% de aumento para septiembre"},"content":{"rendered":"<p><img loading=\"lazy\" decoding=\"async\" class=\"aligncenter wp-image-54877 size-full\" src=\"https:\/\/atecordoba.org\/wp-content\/uploads\/2026\/08\/brochero-1.png\" alt=\"\" width=\"628\" height=\"395\" srcset=\"https:\/\/atecordoba.org\/wp-content\/uploads\/2026\/08\/brochero-1.png 628w, https:\/\/atecordoba.org\/wp-content\/uploads\/2026\/08\/brochero-1-300x189.png 300w\" sizes=\"auto, (max-width: 628px) 100vw, 628px\" \/>Tras una sucesi\u00f3n de reclamos elevados al Departamento Ejecutivo de la Municipalidad de Villa Cura Brochero, ATE logr\u00f3 que se equiparen los haberes del conjunto del personal contratado, ya que hab\u00edan claras diferencias en los ingresos para 47 trabajadores y trabajadores que cobraban menos que sus pares, realizando las mismas tareas y con la misma carga horaria.<\/p>\n<p>Se trata de un logro del cuerpo de delegados de ATE Cura Brochero, que viene pujando por mejorar las condiciones de trabajo y los salarios del sector.<\/p>\n<p>El acuerdo consiste en la equiparaci\u00f3n de todo el universo de contratados a partir de agosto, a lo que se suma la entrega de los pares de borcegos para aquellos que aun no los recibieron.<\/p>\n<p>En ese marco, inform\u00f3 el delegado Jos\u00e9 Tapia que el Departamento Ejecutivo se hab\u00eda comprometido a otorgar un 10% de aumento para el conjunto del plantel de trabajadoras y trabajadores municipales pero que, a la hora de cerrar el incremento el ejecutivo adujo que no contaba con los fondos para respaldar el incremento.<\/p>\n<p>En consecuencia se pospuso para el mes de septiembre el aumento salarial comprometido.<\/p>\n<p>De esta manera, ATE contin\u00faa trabajando diariamente en la defensa del salario y las condiciones de trabajo de las y los municipales del interior provincial.<\/p>\n","protected":false},"excerpt":{"rendered":"<p>Tras una sucesi\u00f3n de reclamos elevados al Departamento Ejecutivo de la Municipalidad de Villa Cura Brochero, ATE logr\u00f3 que se equiparen los haberes del conjunto del personal contratado, ya que hab\u00edan claras diferencias en los ingresos para 47 trabajadores y trabajadores que cobraban menos que sus pares, realizando las mismas tareas y con la misma [&hellip;]<\/p>\n","protected":false},"author":7,"featured_media":54877,"comment_status":"open","ping_status":"open","sticky":false,"template":"","format":"standard","meta":{"_exactmetrics_skip_tracking":false,"_exactmetrics_sitenote_active":false,"_exactmetrics_sitenote_note":"","_exactmetrics_sitenote_category":0,"jnews-multi-image_gallery":[],"jnews_single_post":[],"jnews_primary_category":[],"jnews_social_meta":[],"jnews_review":[],"enable_review":"","type":"","name":"","summary":"","brand":"","sku":"","good":[],"bad":[],"score_override":"","override_value":"","rating":[],"price":[],"jnews_override_counter":[],"jnews_post_split":[],"footnotes":""},"categories":[20],"tags":[],"class_list":["post-54876","post","type-post","status-publish","format-standard","has-post-thumbnail","hentry","category-municipales"],"jetpack_featured_media_url":"https:\/\/atecordoba.org\/wp-content\/uploads\/2026\/08\/brochero-1.png","_links":{"self":[{"href":"https:\/\/atecordoba.org\/index.php?rest_route=\/wp\/v2\/posts\/54876","targetHints":{"allow":["GET"]}}],"collection":[{"href":"https:\/\/atecordoba.org\/index.php?rest_route=\/wp\/v2\/posts"}],"about":[{"href":"https:\/\/atecordoba.org\/index.php?rest_route=\/wp\/v2\/types\/post"}],"author":[{"embeddable":true,"href":"https:\/\/atecordoba.org\/index.php?rest_route=\/wp\/v2\/users\/7"}],"replies":[{"embeddable":true,"href":"https:\/\/atecordoba.org\/index.php?rest_route=%2Fwp%2Fv2%2Fcomments&post=54876"}],"version-history":[{"count":1,"href":"https:\/\/atecordoba.org\/index.php?rest_route=\/wp\/v2\/posts\/54876\/revisions"}],"predecessor-version":[{"id":54878,"href":"https:\/\/atecordoba.org\/index.php?rest_route=\/wp\/v2\/posts\/54876\/revisions\/54878"}],"wp:featuredmedia":[{"embeddable":true,"href":"https:\/\/atecordoba.org\/index.php?rest_route=\/wp\/v2\/media\/54877"}],"wp:attachment":[{"href":"https:\/\/atecordoba.org\/index.php?rest_route=%2Fwp%2Fv2%2Fmedia&parent=54876"}],"wp:term":[{"taxonomy":"category","embeddable":true,"href":"https:\/\/atecordoba.org\/index.php?rest_route=%2Fwp%2Fv2%2Fcategories&post=54876"},{"taxonomy":"post_tag","embeddable":true,"href":"https:\/\/atecordoba.org\/index.php?rest_route=%2Fwp%2Fv2%2Ftags&post=54876"}],"curies":[{"name":"wp","href":"https:\/\/api.w.org\/{rel}","templated":true}]}}