{"id":5484,"date":"2015-07-02T14:53:29","date_gmt":"2015-07-02T17:53:29","guid":{"rendered":"http:\/\/www.atecordoba.org\/?p=5484"},"modified":"2015-07-02T14:53:29","modified_gmt":"2015-07-02T17:53:29","slug":"ate-critica-la-falta-de-conduccion-politica-en-parques-nacionales","status":"publish","type":"post","link":"https:\/\/atecordoba.org\/?p=5484","title":{"rendered":"ATE critica la falta de conducci\u00f3n pol\u00edtica en Parques Nacionales"},"content":{"rendered":"<p><em>Los delegados de ATE en la Administraci\u00f3n de Parques Nacionales (APN) consideraron que se est\u00e1n poniendo en riesgo \u201cla conservaci\u00f3n de las \u00e1reas protegidas y la seguridad de miles de turistas en todo el pa\u00eds\u201d. Desde ATE se emiti\u00f3 un duro comunicado contra el presidente y los intendentes de la APN, en el que se los acusa de intentar \u201cprivatizar y abandonar las \u00e1reas protegidas\u201d.<\/em><\/p>\n<p><a href=\"http:\/\/www.atecordoba.org\/wp-content\/uploads\/2015\/07\/IMG-20150505-WA0007-e1435859516179.jpg\"><img loading=\"lazy\" decoding=\"async\" class=\"aligncenter size-full wp-image-5485\" src=\"http:\/\/www.atecordoba.org\/wp-content\/uploads\/2015\/07\/IMG-20150505-WA0007-e1435859516179.jpg\" alt=\"IMG-20150505-WA0007\" width=\"550\" height=\"413\" \/><\/a><\/p>\n<p><span style=\"font-style: inherit; font-weight: inherit;\">\u201cLa falta de preparaci\u00f3n acad\u00e9mica del Presidente (el guardaparque Carlos Corval\u00e1n) y de los Intendentes del organismo es un costo que tienen que afrontar los trabajadores y toda la comunidad en general. Es que act\u00faan como patrones de estancia, como si estuvieran gestionando una empresa de su propiedad y cada d\u00eda que pasa se alejan m\u00e1s de las pol\u00edticas p\u00fablicas hist\u00f3ricas que caracterizaron e hicieron de Parques Nacionales una instituci\u00f3n ejemplo dentro de la estructura del Estado Nacional\u201d, se\u00f1alaron en el texto difundido.<\/span><\/p>\n<p><span style=\"font-style: inherit; font-weight: inherit;\"><span style=\"font-style: inherit; font-weight: inherit;\">En el mismo documento se acus\u00f3 adem\u00e1s a las autoridades de APN de estar llevando adelante un proceso de privatizaci\u00f3n: \u201cExiste una prueba piloto, mediante la cual se intenta privatizar en algunos parques, el Departamento de Incendios, Comunicaciones y Emergencia y entregar los edificios a una empresa privada\u201d.<\/span><\/span><\/p>\n<p><span style=\"font-style: inherit; font-weight: inherit;\"><span style=\"font-style: inherit; font-weight: inherit;\">\u201cLa incompetencia del Presidente Carlos Corval\u00e1n y de los Intendentes es notoria y pone en riesgo, no s\u00f3lo a los trabajadores, sino a los miles de turistas que diariamente visitan nuestras \u00e1reas protegidas. Debemos resistir los intentos corruptos de privatizar y vender nuestros Parques, porque esas son pol\u00edticas que nos llevaron a la quiebra a todos los argentinos\u201d, se\u00f1al\u00f3 Rodolfo Aguiar, Secretario General del Consejo Directivo Provincial de ATE R\u00edo Negro.<\/span><\/span><\/p>\n<p><span style=\"font-style: inherit; font-weight: inherit;\"><span style=\"font-style: inherit; font-weight: inherit;\">Por otro lado, los trabajadores denunciaron que son v\u00edctimas de \u201cpersecuci\u00f3n y hostigamiento sistem\u00e1tico\u201d por parte de las autoridades. \u201cSe materializa a trav\u00e9s de permanentes amenazas de despidos, cambios de sectores, traslados, desconocimiento de licencias m\u00e9dicas y sanciones de todo tipo\u201d, describieron.<\/span><\/span><\/p>\n<p><span style=\"font-style: inherit; font-weight: inherit;\"><span style=\"font-style: inherit; font-weight: inherit;\">Al respecto, Eduardo Sotelo, el referente de los trabajadores de Parques Nacionales puntualiz\u00f3: \u201cLos funcionarios se transformaron en maltratadores profesionales y hoy la falta de pol\u00edticas nos est\u00e1 afectando a todos. La desidia que existe en Parques nos expone frente al riesgo que se produzcan graves accidentes. Nosotros no somos un gremio c\u00f3mplice y, en este escenario, no nos dejan otra alternativa que profundizar las medidas de fuerza\u201d.<\/span><\/span><\/p>\n<p>&nbsp;<\/p>\n","protected":false},"excerpt":{"rendered":"<p>Los delegados de ATE en la Administraci\u00f3n de Parques Nacionales (APN) consideraron que se est\u00e1n poniendo en riesgo \u201cla conservaci\u00f3n de las \u00e1reas protegidas y la seguridad de miles de turistas en todo el pa\u00eds\u201d. Desde ATE se emiti\u00f3 un duro comunicado contra el presidente y los intendentes de la APN, en el que se [&hellip;]<\/p>\n","protected":false},"author":1,"featured_media":19220,"comment_status":"open","ping_status":"open","sticky":false,"template":"","format":"standard","meta":{"_exactmetrics_skip_tracking":false,"_exactmetrics_sitenote_active":false,"_exactmetrics_sitenote_note":"","_exactmetrics_sitenote_category":0,"jnews-multi-image_gallery":[],"jnews_single_post":[],"jnews_primary_category":[],"jnews_social_meta":[],"jnews_review":[],"enable_review":"","type":"","name":"","summary":"","brand":"","sku":"","good":[],"bad":[],"score_override":"","override_value":"","rating":[],"price":[],"jnews_override_counter":[],"jnews_post_split":[],"footnotes":""},"categories":[18,96],"tags":[],"class_list":["post-5484","post","type-post","status-publish","format-standard","has-post-thumbnail","hentry","category-nacionales","category-parques-nacionales-2"],"jetpack_featured_media_url":"https:\/\/atecordoba.org\/wp-content\/uploads\/2020\/05\/logo-nuevochico-e1561581322808.png","_links":{"self":[{"href":"https:\/\/atecordoba.org\/index.php?rest_route=\/wp\/v2\/posts\/5484","targetHints":{"allow":["GET"]}}],"collection":[{"href":"https:\/\/atecordoba.org\/index.php?rest_route=\/wp\/v2\/posts"}],"about":[{"href":"https:\/\/atecordoba.org\/index.php?rest_route=\/wp\/v2\/types\/post"}],"author":[{"embeddable":true,"href":"https:\/\/atecordoba.org\/index.php?rest_route=\/wp\/v2\/users\/1"}],"replies":[{"embeddable":true,"href":"https:\/\/atecordoba.org\/index.php?rest_route=%2Fwp%2Fv2%2Fcomments&post=5484"}],"version-history":[{"count":0,"href":"https:\/\/atecordoba.org\/index.php?rest_route=\/wp\/v2\/posts\/5484\/revisions"}],"wp:featuredmedia":[{"embeddable":true,"href":"https:\/\/atecordoba.org\/index.php?rest_route=\/wp\/v2\/media\/19220"}],"wp:attachment":[{"href":"https:\/\/atecordoba.org\/index.php?rest_route=%2Fwp%2Fv2%2Fmedia&parent=5484"}],"wp:term":[{"taxonomy":"category","embeddable":true,"href":"https:\/\/atecordoba.org\/index.php?rest_route=%2Fwp%2Fv2%2Fcategories&post=5484"},{"taxonomy":"post_tag","embeddable":true,"href":"https:\/\/atecordoba.org\/index.php?rest_route=%2Fwp%2Fv2%2Ftags&post=5484"}],"curies":[{"name":"wp","href":"https:\/\/api.w.org\/{rel}","templated":true}]}}