{"id":5477,"date":"2015-07-02T14:35:58","date_gmt":"2015-07-02T17:35:58","guid":{"rendered":"http:\/\/www.atecordoba.org\/?p=5477"},"modified":"2015-07-02T14:35:58","modified_gmt":"2015-07-02T17:35:58","slug":"el-convenio-colectivo-para-civiles-de-las-ffaa-camina-a-paso-lento","status":"publish","type":"post","link":"https:\/\/atecordoba.org\/?p=5477","title":{"rendered":"El convenio colectivo para civiles de las FFAA camina a paso lento"},"content":{"rendered":"<p><em>ATE mantuvo hoy una reuni\u00f3n en el Ministerio de Trabajo con funcionarios de la Comisi\u00f3n Negociadora del CCT sectorial para los civiles de las FF.AA. A pesar de la inexplicable ausencia patronal, se acord\u00f3 un encuentro de equipos t\u00e9cnicos para la semana que viene. De todos modos, los trabajadores realizar\u00e1n paro ma\u00f1ana y pasado y advierten que si no hay avances efectivos se agudizar\u00e1 el conflicto.<\/em><\/p>\n<p><a href=\"http:\/\/www.atecordoba.org\/wp-content\/uploads\/2015\/07\/de-isasi_charra_abogada-e1435858471211.jpg\"><img loading=\"lazy\" decoding=\"async\" class=\"aligncenter size-full wp-image-5478\" src=\"http:\/\/www.atecordoba.org\/wp-content\/uploads\/2015\/07\/de-isasi_charra_abogada-e1435858471211.jpg\" alt=\"de isasi_charra_abogada\" width=\"550\" height=\"353\" \/><\/a><\/p>\n<p><span style=\"font-style: inherit; font-weight: inherit;\">La circular enviada por el Ministerio de Trabajo invitaba a una delegaci\u00f3n de ATE representativa del personal civil de las Fuerzas Armadas y del Instituto de la Obra Social del Ej\u00e9rcito a avanzar en el dise\u00f1o del convenio colectivo de trabajo para el sector. Sin embargo, no hab\u00eda funcionarios de la Jefatura de Gabinete de Ministros ni del Ministerio de Econom\u00eda ni del de Defensa ni del de Seguridad.<\/span><\/p>\n<p><span style=\"font-style: inherit; font-weight: inherit;\"><span style=\"font-style: inherit; font-weight: inherit;\">Por ATE participaron Oscar de Isasi, Secretario General bonaerense; Alejandro Charra, Secretario de Organizaci\u00f3n del Consejo provincial de C\u00f3rdoba; Oscar Rey, dirigente del Consejo nacional, y Mariana Amartino, asesora legal. Adem\u00e1s de los sindicalistas de PECIFA, estuvieron presentes Mauricio Riafrecha Villafa\u00f1e y Eduardo Berm\u00fadez, presidente y suplente de la Comisi\u00f3n Negociadora del CCTS.<\/span><\/span><\/p>\n<p><a href=\"http:\/\/www.atecordoba.org\/wp-content\/uploads\/2015\/07\/bandera_mesa.jpg\"><img loading=\"lazy\" decoding=\"async\" class=\"aligncenter size-full wp-image-5480\" src=\"http:\/\/www.atecordoba.org\/wp-content\/uploads\/2015\/07\/bandera_mesa.jpg\" alt=\"bandera_mesa\" width=\"620\" height=\"365\" \/><\/a><\/p>\n<p><span style=\"font-style: inherit; font-weight: inherit;\"><span style=\"font-style: inherit; font-weight: inherit;\">En este marco, las partes fijaron para el pr\u00f3ximo lunes un encuentro de la comisi\u00f3n t\u00e9cnica en el Ministerio de Defensa, que revise y acuerde los cap\u00edtulos del convenio colectivo. Adem\u00e1s, establecieron que al d\u00eda siguiente se re\u00fana la comisi\u00f3n negociadora para analizar y eventualmente aprobar lo consensuado el lunes. \u00a0\u00a0\u00a0<\/span><\/span><\/p>\n<p><span style=\"font-style: inherit; font-weight: inherit;\"><span style=\"font-style: inherit; font-weight: inherit;\">\u201cLa comisi\u00f3n negociadora no fue convocada hoy por voluntad pol\u00edtica del gobierno, sino por el plan de acci\u00f3n que ATE viene desplegando. Por ello nosotros ratificamos el paro que ma\u00f1ana y pasado impulsaremos, porque la patronal se sienta cuando media la lucha de los trabajadores. Advertimos adem\u00e1s, que si no hay avances en un tiempo pol\u00edtico estimado, se agudizar\u00e1 el conflicto. Porque ATE lucha por el convenio para los civiles de las Fuerzas Armadas desde 2006, y cuando el gobierno decidi\u00f3 crearlo en diciembre pasado, congel\u00f3 todo tipo de negociaci\u00f3n\u201d, expres\u00f3 Oscar de Isasi.<\/span><\/span><\/p>\n<p><span style=\"font-style: inherit; font-weight: inherit;\"><span style=\"font-style: inherit; font-weight: inherit;\">A falta de espacio para el debate, ATE solicit\u00f3 un acta complementaria, en la que manifest\u00f3 que el Estado empleador acuda a la pr\u00f3xima reuni\u00f3n con respuestas concretas a las demandas planteadas.<\/span><\/span><\/p>\n<figure id=\"attachment_5479\" aria-describedby=\"caption-attachment-5479\" style=\"width: 550px\" class=\"wp-caption aligncenter\"><a href=\"http:\/\/www.atecordoba.org\/wp-content\/uploads\/2015\/07\/acta-complementaria-e1435858505314.jpg\"><img loading=\"lazy\" decoding=\"async\" class=\"wp-image-5479 size-full\" src=\"http:\/\/www.atecordoba.org\/wp-content\/uploads\/2015\/07\/acta-complementaria-e1435858505314.jpg\" alt=\"acta complementaria\" width=\"550\" height=\"326\" \/><\/a><figcaption id=\"caption-attachment-5479\" class=\"wp-caption-text\">Extracto del Acta Complementaria<\/figcaption><\/figure>\n<p><span style=\"font-style: inherit; font-weight: inherit;\"><span style=\"font-style: inherit; font-weight: inherit;\">Entre ellas, que el convenio sectorial entre en vigencia retroactivamente al primero de enero de 2015, se incorporen a los 2000 trabajadores precarizados a planta permanente, se abone el piso salarial m\u00ednimo vital y m\u00f3vil y que se decrete un aumento de sueldo de emergencia del 15 por ciento.<\/span><\/span><\/p>\n","protected":false},"excerpt":{"rendered":"<p>ATE mantuvo hoy una reuni\u00f3n en el Ministerio de Trabajo con funcionarios de la Comisi\u00f3n Negociadora del CCT sectorial para los civiles de las FF.AA. A pesar de la inexplicable ausencia patronal, se acord\u00f3 un encuentro de equipos t\u00e9cnicos para la semana que viene. De todos modos, los trabajadores realizar\u00e1n paro ma\u00f1ana y pasado y [&hellip;]<\/p>\n","protected":false},"author":1,"featured_media":19220,"comment_status":"open","ping_status":"open","sticky":false,"template":"","format":"standard","meta":{"_exactmetrics_skip_tracking":false,"_exactmetrics_sitenote_active":false,"_exactmetrics_sitenote_note":"","_exactmetrics_sitenote_category":0,"jnews-multi-image_gallery":[],"jnews_single_post":[],"jnews_primary_category":[],"jnews_social_meta":[],"jnews_review":[],"enable_review":"","type":"","name":"","summary":"","brand":"","sku":"","good":[],"bad":[],"score_override":"","override_value":"","rating":[],"price":[],"jnews_override_counter":[],"jnews_post_split":[],"footnotes":""},"categories":[18,9],"tags":[],"class_list":["post-5477","post","type-post","status-publish","format-standard","has-post-thumbnail","hentry","category-nacionales","category-trabajadores-civiles-ff-aa"],"jetpack_featured_media_url":"https:\/\/atecordoba.org\/wp-content\/uploads\/2020\/05\/logo-nuevochico-e1561581322808.png","_links":{"self":[{"href":"https:\/\/atecordoba.org\/index.php?rest_route=\/wp\/v2\/posts\/5477","targetHints":{"allow":["GET"]}}],"collection":[{"href":"https:\/\/atecordoba.org\/index.php?rest_route=\/wp\/v2\/posts"}],"about":[{"href":"https:\/\/atecordoba.org\/index.php?rest_route=\/wp\/v2\/types\/post"}],"author":[{"embeddable":true,"href":"https:\/\/atecordoba.org\/index.php?rest_route=\/wp\/v2\/users\/1"}],"replies":[{"embeddable":true,"href":"https:\/\/atecordoba.org\/index.php?rest_route=%2Fwp%2Fv2%2Fcomments&post=5477"}],"version-history":[{"count":0,"href":"https:\/\/atecordoba.org\/index.php?rest_route=\/wp\/v2\/posts\/5477\/revisions"}],"wp:featuredmedia":[{"embeddable":true,"href":"https:\/\/atecordoba.org\/index.php?rest_route=\/wp\/v2\/media\/19220"}],"wp:attachment":[{"href":"https:\/\/atecordoba.org\/index.php?rest_route=%2Fwp%2Fv2%2Fmedia&parent=5477"}],"wp:term":[{"taxonomy":"category","embeddable":true,"href":"https:\/\/atecordoba.org\/index.php?rest_route=%2Fwp%2Fv2%2Fcategories&post=5477"},{"taxonomy":"post_tag","embeddable":true,"href":"https:\/\/atecordoba.org\/index.php?rest_route=%2Fwp%2Fv2%2Ftags&post=5477"}],"curies":[{"name":"wp","href":"https:\/\/api.w.org\/{rel}","templated":true}]}}