{"id":5472,"date":"2015-07-02T14:24:58","date_gmt":"2015-07-02T17:24:58","guid":{"rendered":"http:\/\/www.atecordoba.org\/?p=5472"},"modified":"2015-07-02T14:24:58","modified_gmt":"2015-07-02T17:24:58","slug":"estan-disponibles-los-padrones-provisorios-de-ate-cordoba","status":"publish","type":"post","link":"https:\/\/atecordoba.org\/?p=5472","title":{"rendered":"Est\u00e1n disponibles los padrones provisorios de ATE C\u00f3rdoba"},"content":{"rendered":"<p>&nbsp;<\/p>\n<p><em>La Junta Electoral cumple con informar que desde el 25 de junio pasado se encuentran a\u00a0disposici\u00f3n los padrones provisorios en vistas a las elecciones de autoridades de ATE C\u00f3rdoba que se llevar\u00e1n a cabo el pr\u00f3ximo 2 de septiembre. Los afiliados interesados en consultarlos deben dirigirse a nuestra sede, Entre R\u00edos 450, de 8.30 a 16.30. Cualquier duda los compa\u00f1eros afiliados deben comunicarse con la Junta Electoral, que atiende de martes a jueves, en el horario de 11 a 15 horas.<\/em><br \/>\n<a href=\"http:\/\/www.atecordoba.org\/wp-content\/uploads\/2015\/07\/padrones-2-e1435857787416.jpg\"><img loading=\"lazy\" decoding=\"async\" class=\"aligncenter size-full wp-image-5473\" src=\"http:\/\/www.atecordoba.org\/wp-content\/uploads\/2015\/07\/padrones-2-e1435857787416.jpg\" alt=\"padrones 2\" width=\"550\" height=\"309\" \/><\/a><\/p>\n<p>&nbsp;<\/p>\n<p><a href=\"http:\/\/www.atecordoba.org\/wp-content\/uploads\/2015\/07\/padrones-e1435857812511.jpg\"><img loading=\"lazy\" decoding=\"async\" class=\"aligncenter size-full wp-image-5474\" src=\"http:\/\/www.atecordoba.org\/wp-content\/uploads\/2015\/07\/padrones-e1435857812511.jpg\" alt=\"padrones\" width=\"550\" height=\"309\" \/><\/a><\/p>\n","protected":false},"excerpt":{"rendered":"<p>&nbsp; La Junta Electoral cumple con informar que desde el 25 de junio pasado se encuentran a\u00a0disposici\u00f3n los padrones provisorios en vistas a las elecciones de autoridades de ATE C\u00f3rdoba que se llevar\u00e1n a cabo el pr\u00f3ximo 2 de septiembre. Los afiliados interesados en consultarlos deben dirigirse a nuestra sede, Entre R\u00edos 450, de 8.30 [&hellip;]<\/p>\n","protected":false},"author":1,"featured_media":19220,"comment_status":"open","ping_status":"open","sticky":false,"template":"","format":"standard","meta":{"_exactmetrics_skip_tracking":false,"_exactmetrics_sitenote_active":false,"_exactmetrics_sitenote_note":"","_exactmetrics_sitenote_category":0,"jnews-multi-image_gallery":[],"jnews_single_post":[],"jnews_primary_category":[],"jnews_social_meta":[],"jnews_review":[],"enable_review":"","type":"","name":"","summary":"","brand":"","sku":"","good":[],"bad":[],"score_override":"","override_value":"","rating":[],"price":[],"jnews_override_counter":[],"jnews_post_split":[],"footnotes":""},"categories":[115,116,20,18,8],"tags":[],"class_list":["post-5472","post","type-post","status-publish","format-standard","has-post-thumbnail","hentry","category-elecciones-ate-2015","category-junta-electoral","category-municipales","category-nacionales","category-provinciales"],"jetpack_featured_media_url":"https:\/\/atecordoba.org\/wp-content\/uploads\/2020\/05\/logo-nuevochico-e1561581322808.png","_links":{"self":[{"href":"https:\/\/atecordoba.org\/index.php?rest_route=\/wp\/v2\/posts\/5472","targetHints":{"allow":["GET"]}}],"collection":[{"href":"https:\/\/atecordoba.org\/index.php?rest_route=\/wp\/v2\/posts"}],"about":[{"href":"https:\/\/atecordoba.org\/index.php?rest_route=\/wp\/v2\/types\/post"}],"author":[{"embeddable":true,"href":"https:\/\/atecordoba.org\/index.php?rest_route=\/wp\/v2\/users\/1"}],"replies":[{"embeddable":true,"href":"https:\/\/atecordoba.org\/index.php?rest_route=%2Fwp%2Fv2%2Fcomments&post=5472"}],"version-history":[{"count":0,"href":"https:\/\/atecordoba.org\/index.php?rest_route=\/wp\/v2\/posts\/5472\/revisions"}],"wp:featuredmedia":[{"embeddable":true,"href":"https:\/\/atecordoba.org\/index.php?rest_route=\/wp\/v2\/media\/19220"}],"wp:attachment":[{"href":"https:\/\/atecordoba.org\/index.php?rest_route=%2Fwp%2Fv2%2Fmedia&parent=5472"}],"wp:term":[{"taxonomy":"category","embeddable":true,"href":"https:\/\/atecordoba.org\/index.php?rest_route=%2Fwp%2Fv2%2Fcategories&post=5472"},{"taxonomy":"post_tag","embeddable":true,"href":"https:\/\/atecordoba.org\/index.php?rest_route=%2Fwp%2Fv2%2Ftags&post=5472"}],"curies":[{"name":"wp","href":"https:\/\/api.w.org\/{rel}","templated":true}]}}