{"id":5461,"date":"2015-06-30T14:54:21","date_gmt":"2015-06-30T17:54:21","guid":{"rendered":"http:\/\/www.atecordoba.org\/?p=5461"},"modified":"2015-06-30T14:54:21","modified_gmt":"2015-06-30T17:54:21","slug":"protesta-de-desarrollo-social-de-la-nacion-por-pase-a-planta","status":"publish","type":"post","link":"https:\/\/atecordoba.org\/?p=5461","title":{"rendered":"Protesta de Desarrollo Social de la Naci\u00f3n por pase a planta"},"content":{"rendered":"<p><em>En el marco del conflicto que vienen sosteniendo los trabajadores de este Ministerio en todo el pa\u00eds, el pasado viernes 26 en el d\u00eda de se realiz\u00f3 la jornada nacional de lucha por el pase a planta permanente de contratados y monotributistas. En C\u00f3rdoba, los compa\u00f1eros realizaron una protesta frente al Patio Olmos.<\/em><\/p>\n<p><a href=\"http:\/\/www.atecordoba.org\/wp-content\/uploads\/2015\/06\/bandera-desarrollo-social-nacion-patio-olmos-e1435686636292.jpg\"><img loading=\"lazy\" decoding=\"async\" class=\"aligncenter size-full wp-image-5462\" src=\"http:\/\/www.atecordoba.org\/wp-content\/uploads\/2015\/06\/bandera-desarrollo-social-nacion-patio-olmos-e1435686636292.jpg\" alt=\"bandera desarrollo social nacion patio olmos\" width=\"550\" height=\"413\" \/><\/a><\/p>\n<p>Esta fecha elegida por conmemorarse el 27 de junio d\u00eda del trabajador estatal, donde varias provincias y ciudades (San Juan, Rosario, Santa Fe, Misiones, Mendoza, Ciudad de Buenos Aires, Tucum\u00e1n, Salta, La Rioja, Chaco, Neuqu\u00e9n) se adhirieron a la medida con diversas modalidades. En C\u00f3rdoba, los trabajadores dependientes de la cartera que conduce Alicia Kirchner se manifestaron en contra de la precarizaci\u00f3n laboral que sostiene el Estado.<\/p>\n<p><a href=\"http:\/\/www.atecordoba.org\/wp-content\/uploads\/2015\/06\/bandera-4-desarrollo-social-nacion-e1435686675413.jpg\"><img loading=\"lazy\" decoding=\"async\" class=\"aligncenter size-full wp-image-5463\" src=\"http:\/\/www.atecordoba.org\/wp-content\/uploads\/2015\/06\/bandera-4-desarrollo-social-nacion-e1435686675413.jpg\" alt=\"bandera 4 desarrollo social nacion\" width=\"550\" height=\"413\" \/><\/a><\/p>\n<p>En C\u00f3rdoba los trabajadores manifestaron en V\u00e9lez Sarsfield y Bv San Juan, donde se visibilizo la situaci\u00f3n conflictiva \u00a0a trav\u00e9s de volantes, bocinazos de los automovilistas.<\/p>\n<p><a href=\"http:\/\/www.atecordoba.org\/wp-content\/uploads\/2015\/06\/bombos-desarrollo-social-nacion-e1435686711428.jpg\"><img loading=\"lazy\" decoding=\"async\" class=\"aligncenter size-full wp-image-5464\" src=\"http:\/\/www.atecordoba.org\/wp-content\/uploads\/2015\/06\/bombos-desarrollo-social-nacion-e1435686711428.jpg\" alt=\"bombos desarrollo social nacion\" width=\"550\" height=\"413\" \/><\/a><\/p>\n<p>Los reclamos son: basta de precarizaci\u00f3n laboral, regulaci\u00f3n del empleo p\u00fablico, mejora de las condiciones laborales y medio ambiente de trabajo, por condiciones de seguridad e higiene, salarios con m\u00e1s equidad y provisi\u00f3n de mobiliario e insumos.<\/p>\n<p><a href=\"http:\/\/www.atecordoba.org\/wp-content\/uploads\/2015\/06\/bandera-2-desarrollo-social-nacion-e1435686743741.jpg\"><img loading=\"lazy\" decoding=\"async\" class=\"aligncenter size-full wp-image-5465\" src=\"http:\/\/www.atecordoba.org\/wp-content\/uploads\/2015\/06\/bandera-2-desarrollo-social-nacion-e1435686743741.jpg\" alt=\"bandera 2 desarrollo social nacion\" width=\"550\" height=\"413\" \/><\/a><\/p>\n","protected":false},"excerpt":{"rendered":"<p>En el marco del conflicto que vienen sosteniendo los trabajadores de este Ministerio en todo el pa\u00eds, el pasado viernes 26 en el d\u00eda de se realiz\u00f3 la jornada nacional de lucha por el pase a planta permanente de contratados y monotributistas. En C\u00f3rdoba, los compa\u00f1eros realizaron una protesta frente al Patio Olmos. Esta fecha [&hellip;]<\/p>\n","protected":false},"author":1,"featured_media":19220,"comment_status":"open","ping_status":"open","sticky":false,"template":"","format":"standard","meta":{"_exactmetrics_skip_tracking":false,"_exactmetrics_sitenote_active":false,"_exactmetrics_sitenote_note":"","_exactmetrics_sitenote_category":0,"jnews-multi-image_gallery":[],"jnews_single_post":[],"jnews_primary_category":[],"jnews_social_meta":[],"jnews_review":[],"enable_review":"","type":"","name":"","summary":"","brand":"","sku":"","good":[],"bad":[],"score_override":"","override_value":"","rating":[],"price":[],"jnews_override_counter":[],"jnews_post_split":[],"footnotes":""},"categories":[113,18],"tags":[],"class_list":["post-5461","post","type-post","status-publish","format-standard","has-post-thumbnail","hentry","category-desarrollo-social-nacion","category-nacionales"],"jetpack_featured_media_url":"https:\/\/atecordoba.org\/wp-content\/uploads\/2020\/05\/logo-nuevochico-e1561581322808.png","_links":{"self":[{"href":"https:\/\/atecordoba.org\/index.php?rest_route=\/wp\/v2\/posts\/5461","targetHints":{"allow":["GET"]}}],"collection":[{"href":"https:\/\/atecordoba.org\/index.php?rest_route=\/wp\/v2\/posts"}],"about":[{"href":"https:\/\/atecordoba.org\/index.php?rest_route=\/wp\/v2\/types\/post"}],"author":[{"embeddable":true,"href":"https:\/\/atecordoba.org\/index.php?rest_route=\/wp\/v2\/users\/1"}],"replies":[{"embeddable":true,"href":"https:\/\/atecordoba.org\/index.php?rest_route=%2Fwp%2Fv2%2Fcomments&post=5461"}],"version-history":[{"count":0,"href":"https:\/\/atecordoba.org\/index.php?rest_route=\/wp\/v2\/posts\/5461\/revisions"}],"wp:featuredmedia":[{"embeddable":true,"href":"https:\/\/atecordoba.org\/index.php?rest_route=\/wp\/v2\/media\/19220"}],"wp:attachment":[{"href":"https:\/\/atecordoba.org\/index.php?rest_route=%2Fwp%2Fv2%2Fmedia&parent=5461"}],"wp:term":[{"taxonomy":"category","embeddable":true,"href":"https:\/\/atecordoba.org\/index.php?rest_route=%2Fwp%2Fv2%2Fcategories&post=5461"},{"taxonomy":"post_tag","embeddable":true,"href":"https:\/\/atecordoba.org\/index.php?rest_route=%2Fwp%2Fv2%2Ftags&post=5461"}],"curies":[{"name":"wp","href":"https:\/\/api.w.org\/{rel}","templated":true}]}}